{"id":269936,"date":"2026-09-05T16:38:16","date_gmt":"2026-09-05T16:38:16","guid":{"rendered":"https:\/\/www.europesays.com\/lt\/269936\/"},"modified":"2026-09-05T16:38:16","modified_gmt":"2026-09-05T16:38:16","slug":"prie-maslobojevo-duru-audringai-isdygo-pikul-kovotojas-liko-be-zado-oksana-turiu-pasakyti-vardai","status":"publish","type":"post","link":"https:\/\/www.europesays.com\/lt\/269936\/","title":{"rendered":"Prie Maslobojevo dur\u0173 audringai i\u0161dygo Pikul \u2013 kovotojas liko be \u017eado: \u201eOksana, turiu pasakyti&#8230;\u201c | Vardai"},"content":{"rendered":"<p>Socialiniame tinkle \u201eInstagram\u201c S.Maslobojevas pasidalijo istorija, kurioje prakalbo apie susitikim\u0105 su O.Pikul ir jos pateikt\u0105 pasi\u016blym\u0105.<\/p>\n<p>Nesl\u0117pdamas susi\u017eav\u0117jimo, Sergejus d\u0117kojo Oksanai ir gyr\u0117 u\u017e j\u012f nustebinus\u012f poelg\u012f.<\/p>\n<p>\u012era\u0161u jis sutiko pasidalinti ir su portalo \u017dmon\u0117s.lt skaitytojais.<\/p>\n<p>\u201eA\u0161 visada sakau vien\u0105 paprast\u0105 dalyk\u0105&#8230; man labiau imponuoja \u017emon\u0117s, kurie ma\u017eiau kalba ir daugiau daro.<\/p>\n<p>Ir vakar Oksana Pikul mane tikrai nustebino. Tiesiog atva\u017eiavo ir pateik\u0117 konkret\u0173 rimtos \u012fmon\u0117s r\u0117mimo pasi\u016blym\u0105.<\/p>\n<p>Dabar jau kalbam\u0117s apie bendradarbiavim\u0105 su prabangi\u0173 automobili\u0173 nuomos kompanija, d\u0117liojam visas detales, o kol kas gavau prog\u0105 i\u0161bandyti \u0161tai tok\u012f labai smag\u0173 \u017eaisl\u0105.<\/p>\n<p>Tai, Oksana, turiu pasakyti \u2013 tikrai nustebinai. Ir nustebinai labai ger\u0105ja prasme. A\u010di\u016b\u201c, \u2013 ra\u0161\u0117 S.Maslobojevas.<\/p>\n<p>\u017dmon\u0117s.lt primena, kad rugpj\u016b\u010dio antroje pus\u0117je Dominykui Dirks\u010diui pavie\u0161inus vaizdo \u012fra\u0161\u0105 su garsia sprintere Ieva \u0160ad\u017ei\u016bte, kuriame jiedu \u0161oko pagal \u201ePupy\u010di\u0173\u201c dain\u0105 \u201eOlialia Pupyt\u0117s\u201c, Oksana taip pat pavie\u0161ino i\u0161kalbing\u0105 \u201enokdaun\u0105\u201c D.Dirks\u010diui.<\/p>\n<p>Art\u0117jant Dominyko kovai su Sergejumi, moteris atskleid\u0117, kad tvirtai palaiko b\u016btent S.Maslobojev\u0105. Ji taip pat ra\u0161\u0117, kad labiausiai vertina nuosekl\u0173, rimt\u0105 darb\u0105, o ne \u0161ou.<\/p>\n<p>\u201ePalaikau! A\u0161 u\u017e disciplin\u0105, u\u017e rimt\u0105 sport\u0105, profesionalum\u0105! A\u0161 u\u017e rimtus rezultatus, o ne cirk\u0105! Ka\u017ekas \u0161okius trypia, santykius ai\u0161kinasi, ka\u017ekas dirba. Akivaizdu. Mano palaikymas ten kur \u012fdedama darbo.<\/p>\n<p>Kalbinsiu r\u0117m\u0117jus, kad paruo\u0161t\u0173 pasi\u016blym\u0105 geriausiam \u2013 Maslobojevui. Mano statymai ir palaikymas tam, kuris rodo rimtum\u0105, teising\u0105 po\u017ei\u016br\u012f \u012f darb\u0105. Jaunimas mokom\u0117s ir imam pavyzd\u012f i\u0161 geriausi\u0173! Pasikartosiu DISCIPLINA!\u201c \u2013 tuomet ra\u0161\u0117 O.Pikul.<\/p>\n","protected":false},"excerpt":{"rendered":"Socialiniame tinkle \u201eInstagram\u201c S.Maslobojevas pasidalijo istorija, kurioje prakalbo apie susitikim\u0105 su O.Pikul ir jos pateikt\u0105 pasi\u016blym\u0105. Nesl\u0117pdamas susi\u017eav\u0117jimo,&hellip;\n","protected":false},"author":2,"featured_media":269937,"comment_status":"","ping_status":"","sticky":false,"template":"","format":"standard","meta":{"footnotes":"","_share_on_mastodon":"0"},"categories":[21],"tags":[113,37,39,36,38,40,114],"class_list":["post-269936","post","type-post","status-publish","format-standard","has-post-thumbnail","category-pramogos","tag-entertainment","tag-lietuva","tag-lietuviu","tag-lithuania","tag-lithuanian","tag-lt","tag-pramogos"],"share_on_mastodon":{"url":"https:\/\/pubeurope.com\/@lt\/117219420253030808","error":""},"_links":{"self":[{"href":"https:\/\/www.europesays.com\/lt\/wp-json\/wp\/v2\/posts\/269936","targetHints":{"allow":["GET"]}}],"collection":[{"href":"https:\/\/www.europesays.com\/lt\/wp-json\/wp\/v2\/posts"}],"about":[{"href":"https:\/\/www.europesays.com\/lt\/wp-json\/wp\/v2\/types\/post"}],"author":[{"embeddable":true,"href":"https:\/\/www.europesays.com\/lt\/wp-json\/wp\/v2\/users\/2"}],"replies":[{"embeddable":true,"href":"https:\/\/www.europesays.com\/lt\/wp-json\/wp\/v2\/comments?post=269936"}],"version-history":[{"count":0,"href":"https:\/\/www.europesays.com\/lt\/wp-json\/wp\/v2\/posts\/269936\/revisions"}],"wp:featuredmedia":[{"embeddable":true,"href":"https:\/\/www.europesays.com\/lt\/wp-json\/wp\/v2\/media\/269937"}],"wp:attachment":[{"href":"https:\/\/www.europesays.com\/lt\/wp-json\/wp\/v2\/media?parent=269936"}],"wp:term":[{"taxonomy":"category","embeddable":true,"href":"https:\/\/www.europesays.com\/lt\/wp-json\/wp\/v2\/categories?post=269936"},{"taxonomy":"post_tag","embeddable":true,"href":"https:\/\/www.europesays.com\/lt\/wp-json\/wp\/v2\/tags?post=269936"}],"curies":[{"name":"wp","href":"https:\/\/api.w.org\/{rel}","templated":true}]}}