{"id":269944,"date":"2026-09-05T16:44:12","date_gmt":"2026-09-05T16:44:12","guid":{"rendered":"https:\/\/www.europesays.com\/lt\/269944\/"},"modified":"2026-09-05T16:44:12","modified_gmt":"2026-09-05T16:44:12","slug":"barbora-seiliute-pirma-karta-prabilo-apie-santykius-su-garsiais-tevais-vardai","status":"publish","type":"post","link":"https:\/\/www.europesays.com\/lt\/269944\/","title":{"rendered":"Barbora Seili\u016bt\u0117 pirm\u0105 kart\u0105 prabilo apie santykius su garsiais t\u0117vais | Vardai"},"content":{"rendered":"<p>\u201eMano t\u0117vai dainuoja, tod\u0117l a\u0161 dainuoju \u2013 toks yra po\u017ei\u016bris, su kuriuo susiduriu. O konkurencija mano profesijoje ir taip did\u017eiul\u0117: tu turi b\u016bti i\u0161skirtinis, tur\u0117ti savo charizm\u0105, jokios pa\u017eintys to neduos\u201c, \u2013 laidos \u201eBus visko\u201c k\u016br\u0117jams \u0161i\u0105 \u0161e\u0161tadienio pavakar\u0119 prisipa\u017eino Barbora.<\/p>\n<p>Mergina neslepia, kad t\u0117vai i\u0161 prad\u017ei\u0173 band\u0117 j\u0105 atkalb\u0117ti nuo \u0161io kelio. \u201eMan sak\u0117 \u2013 bus labai sunku. O a\u0161 atsakiau: o kur nebus sunku? Jeigu nor\u0117siu ko nors daugiau gyvenime pasiekti, sunku bus bet kur. Dainuodama bent b\u016bsiu laiminga.\u201c<\/p>\n<p> <a href=\"https:\/\/s1.15min.lt\/images\/photos\/2026\/09\/05\/original\/f015059l-1mxf_snapshot_1631_20260905_154209-6a9c38272fa7e.jpg\" rel=\"content-image nofollow noopener\" title=\"Stop kadras\/Barbora Seili\u016bt\u0117\" target=\"_blank\"><img decoding=\"async\" alt=\"Stop kadras\/Barbora Seili\u016bt\u0117\" rel=\"content-image\" src=\"https:\/\/www.europesays.com\/lt\/wp-content\/uploads\/2026\/09\/f015059l-1mxf_snapshot_1631_20260905_154209-6a9c38272fa7e.jpg\" style=\"width: auto; height: auto;\"\/><\/a> <\/p>\n<p>Stop kadras\/Barbora Seili\u016bt\u0117<\/p>\n<p>Nepaisant scenos \u0161vies\u0173 ir garsios pavard\u0117s na\u0161tos, Barbora sako visada \u017einanti \u2013 kad ir kas nutikt\u0173, ji tur\u0117s kur gr\u012f\u017eti. \u201eTikrai nebus taip niekada, kad a\u0161 atei\u010diau, prisidirb\u010diau, ir man pasakyt\u0173 \u2013 i\u0161eik. Niekada to nebus\u201c, \u2013 tvirtina ji.<\/p>\n<p>Apie trylika met\u0173 jaunesn\u0119 seser\u012f El\u017ebiet\u0105 Barbora kalba su ypatinga \u0161iluma. \u201eA\u0161 vis\u0105 laik\u0105 nor\u0117jau ses\u0117s\u201c, \u2013 prisipa\u017e\u012fsta dainavim\u0105 studijuojanti mergina. Jai antrina ir t\u0117vai.<\/p>\n<p>\u201eN\u0117 vienai nepasakysi nei \u017eod\u017eio \u2013 i\u0161kart stoja m\u016bru viena u\u017e kit\u0105\u201c, \u2013 pasakoja Kristina ir Edmundas, nesl\u0117pdami, kad apie antr\u0105 vaik\u0105 galvojo ir d\u0117l Barboros ateities. \u201eSvarst\u0117me paprastai \u2013 kada nors m\u016bs\u0173 nebeliks, nenorime, kad Barbora likt\u0173 viena.\u201c<\/p>\n<p> <a href=\"https:\/\/s1.15min.lt\/images\/photos\/2026\/09\/05\/original\/f015059l-1mxf_snapshot_1541_20260905_154158-6a9c38264a9c0.jpg\" rel=\"content-image nofollow noopener\" title=\"Stop kadras\/Edmundas Seilius, Kristina Zmailait\u0117\" target=\"_blank\"><img decoding=\"async\" alt=\"Stop kadras\/Edmundas Seilius, Kristina Zmailait\u0117\" rel=\"content-image\" src=\"https:\/\/www.europesays.com\/lt\/wp-content\/uploads\/2026\/09\/f015059l-1mxf_snapshot_1541_20260905_154158-6a9c38264a9c0.jpg\" style=\"width: auto; height: auto;\"\/><\/a> <\/p>\n<p>Stop kadras\/Edmundas Seilius, Kristina Zmailait\u0117<\/p>\n<p>Nors seseris skiria nema\u017eas am\u017eiaus skirtumas, Barbora sako, kad jos yra kaip kum\u0161tis. Vyresnioji sesuo jau\u010diasi tarsi antroji El\u017ebietos mama \u2013 ta, kuri visada bus \u0161alia ir saugos.<\/p>\n<p>Laida \u201eBus visko\u201c per LNK \u0161e\u0161tadieniais 17.30 val.<\/p>\n","protected":false},"excerpt":{"rendered":"\u201eMano t\u0117vai dainuoja, tod\u0117l a\u0161 dainuoju \u2013 toks yra po\u017ei\u016bris, su kuriuo susiduriu. O konkurencija mano profesijoje ir&hellip;\n","protected":false},"author":2,"featured_media":269945,"comment_status":"","ping_status":"","sticky":false,"template":"","format":"standard","meta":{"footnotes":"","_share_on_mastodon":"0"},"categories":[21],"tags":[113,37,39,36,38,40,114],"class_list":["post-269944","post","type-post","status-publish","format-standard","has-post-thumbnail","category-pramogos","tag-entertainment","tag-lietuva","tag-lietuviu","tag-lithuania","tag-lithuanian","tag-lt","tag-pramogos"],"share_on_mastodon":{"url":"https:\/\/pubeurope.com\/@lt\/117219443987571824","error":""},"_links":{"self":[{"href":"https:\/\/www.europesays.com\/lt\/wp-json\/wp\/v2\/posts\/269944","targetHints":{"allow":["GET"]}}],"collection":[{"href":"https:\/\/www.europesays.com\/lt\/wp-json\/wp\/v2\/posts"}],"about":[{"href":"https:\/\/www.europesays.com\/lt\/wp-json\/wp\/v2\/types\/post"}],"author":[{"embeddable":true,"href":"https:\/\/www.europesays.com\/lt\/wp-json\/wp\/v2\/users\/2"}],"replies":[{"embeddable":true,"href":"https:\/\/www.europesays.com\/lt\/wp-json\/wp\/v2\/comments?post=269944"}],"version-history":[{"count":0,"href":"https:\/\/www.europesays.com\/lt\/wp-json\/wp\/v2\/posts\/269944\/revisions"}],"wp:featuredmedia":[{"embeddable":true,"href":"https:\/\/www.europesays.com\/lt\/wp-json\/wp\/v2\/media\/269945"}],"wp:attachment":[{"href":"https:\/\/www.europesays.com\/lt\/wp-json\/wp\/v2\/media?parent=269944"}],"wp:term":[{"taxonomy":"category","embeddable":true,"href":"https:\/\/www.europesays.com\/lt\/wp-json\/wp\/v2\/categories?post=269944"},{"taxonomy":"post_tag","embeddable":true,"href":"https:\/\/www.europesays.com\/lt\/wp-json\/wp\/v2\/tags?post=269944"}],"curies":[{"name":"wp","href":"https:\/\/api.w.org\/{rel}","templated":true}]}}