{"id":26996,"date":"2025-10-28T08:42:12","date_gmt":"2025-10-28T08:42:12","guid":{"rendered":"https:\/\/www.europesays.com\/lt\/26996\/"},"modified":"2025-10-28T08:42:12","modified_gmt":"2025-10-28T08:42:12","slug":"anglijoje-akibrokstas-del-boxing-day-macu-trukumo","status":"publish","type":"post","link":"https:\/\/www.europesays.com\/lt\/26996\/","title":{"rendered":"Anglijoje \u2013 akibrok\u0161tas d\u0117l \u201eBoxing Day\u201c ma\u010d\u0173 tr\u016bkumo"},"content":{"rendered":"<p>&#13;<br \/>\n&#13;<\/p>\n<p>                                            <a class=\"zoom-img\" data-fancybox=\"gallery\" href=\"https:\/\/www.europesays.com\/lt\/wp-content\/uploads\/2025\/10\/51445.jpg\" data-caption=\"PA nuotr. \">&#13;<br \/>\n                            &#13;<br \/>\n                            <img decoding=\"async\" src=\"https:\/\/www.europesays.com\/lt\/wp-content\/uploads\/2025\/10\/51445.jpg\" alt=\"Anglijoje \u2013 akibrok\u0161tas d\u0117l \u201eBoxing Day\u201c ma\u010d\u0173 tr\u016bkumo\"\/>&#13;<br \/>\n                        <\/a><\/p>\n<p>                    &#13;<br \/>\n                                                    2025-10-28 07:40&#13;<br \/>\n                                                                            \u00a9 PA nuotr. &#13;<\/p>\n<p>            &#13;<br \/>\n&#13;<br \/>\n            &#13;<\/p>\n<p>\u201eBoxing Day\u201c arba antr\u0105 Kal\u0117d\u0173 dien\u0105 bent vienerius metus nebus tokia, kaip visada.<\/p>\n<p>Pasak \u201eThe Times\u201c dienra\u0161\u010dio, \u0161iais metais, d\u0117l tvarkara\u0161\u010dio subtilybi\u0173, per \u201eBoxing Day\u201c bus \u017eaid\u017eiamas vos vienas Anglijos \u201ePremier\u201c lygos ma\u010das.<\/p>\n<p>&#13;<br \/>\n&#13;<br \/>\n                            &#13;<br \/>\n            &#13;<\/p>\n<p>Per metus mes b\u016bdavome priprat\u0119 prie 7, 8, 9 ar net 10 ma\u010d\u0173 t\u0105 dien\u0105, o dabar i\u0161vysime vos vien\u0105, \u0161ventin\u012f futbolo spektakl\u012f.<\/p>\n<p>\u0160ventinio laikotarpiu metu vis tik tur\u0117t\u0173 \u012fvykti trys turai, kaip \u012fprasta, bet antr\u0105 Kal\u0117d\u0173 dien\u0105 m\u0117gausim\u0117s vienomis rungtyn\u0117mis.<\/p>\n<p>\u201ePremier\u201c lyga su transliuotojais yra susitarusi 33 turus \u017eaisti savaitgal\u012f, o \u0161iais metais antra Kal\u0117d\u0173 diena bus penktadien\u012f.<\/p>\n<p>&#13;<br \/>\n&#13;<br \/>\n            &#13;<br \/>\n            &#13;<\/p>\n","protected":false},"excerpt":{"rendered":"&#13; &#13; &#13; &#13; &#13; &#13; 2025-10-28 07:40&#13; \u00a9 PA nuotr. &#13; &#13; &#13; &#13; \u201eBoxing Day\u201c arba&hellip;\n","protected":false},"author":2,"featured_media":26997,"comment_status":"","ping_status":"","sticky":false,"template":"","format":"standard","meta":{"footnotes":""},"categories":[19],"tags":[37,39,36,38,40,47,104],"class_list":{"0":"post-26996","1":"post","2":"type-post","3":"status-publish","4":"format-standard","5":"has-post-thumbnail","7":"category-sportas","8":"tag-lietuva","9":"tag-lietuviu","10":"tag-lithuania","11":"tag-lithuanian","12":"tag-lt","13":"tag-sportas","14":"tag-sports"},"share_on_mastodon":{"url":"https:\/\/pubeurope.com\/@lt\/115450907513807492","error":""},"_links":{"self":[{"href":"https:\/\/www.europesays.com\/lt\/wp-json\/wp\/v2\/posts\/26996","targetHints":{"allow":["GET"]}}],"collection":[{"href":"https:\/\/www.europesays.com\/lt\/wp-json\/wp\/v2\/posts"}],"about":[{"href":"https:\/\/www.europesays.com\/lt\/wp-json\/wp\/v2\/types\/post"}],"author":[{"embeddable":true,"href":"https:\/\/www.europesays.com\/lt\/wp-json\/wp\/v2\/users\/2"}],"replies":[{"embeddable":true,"href":"https:\/\/www.europesays.com\/lt\/wp-json\/wp\/v2\/comments?post=26996"}],"version-history":[{"count":0,"href":"https:\/\/www.europesays.com\/lt\/wp-json\/wp\/v2\/posts\/26996\/revisions"}],"wp:featuredmedia":[{"embeddable":true,"href":"https:\/\/www.europesays.com\/lt\/wp-json\/wp\/v2\/media\/26997"}],"wp:attachment":[{"href":"https:\/\/www.europesays.com\/lt\/wp-json\/wp\/v2\/media?parent=26996"}],"wp:term":[{"taxonomy":"category","embeddable":true,"href":"https:\/\/www.europesays.com\/lt\/wp-json\/wp\/v2\/categories?post=26996"},{"taxonomy":"post_tag","embeddable":true,"href":"https:\/\/www.europesays.com\/lt\/wp-json\/wp\/v2\/tags?post=26996"}],"curies":[{"name":"wp","href":"https:\/\/api.w.org\/{rel}","templated":true}]}}