{"id":270006,"date":"2026-09-05T18:21:14","date_gmt":"2026-09-05T18:21:14","guid":{"rendered":"https:\/\/www.europesays.com\/lt\/270006\/"},"modified":"2026-09-05T18:21:14","modified_gmt":"2026-09-05T18:21:14","slug":"to-pamatyti-vytautas-rumsas-jaunesnysis-nesitikejo-per-kuna-perejo-siurpas-atrode-kad","status":"publish","type":"post","link":"https:\/\/www.europesays.com\/lt\/270006\/","title":{"rendered":"To pamatyti Vytautas Rum\u0161as jaunesnysis nesitik\u0117jo \u2013 per k\u016bn\u0105 per\u0117jo \u0161iurpas: \u201eAtrod\u0117, kad&#8230;\u201c"},"content":{"rendered":"\n<p>Provokuojan\u010diame projekte dalyvi\u0173 lauks ne vienas netik\u0117tas i\u0161bandymas. Bet did\u017eiausias i\u0161 j\u0173 \u2013 tai, kad \u0161io \u017eaidimo niekas nenori laim\u0117ti!<\/p>\n<p>  Teko atsisakyti \u012fprasto scenarijaus <\/p>\n<p>\u0160\u012fkart V. Rum\u0161ui jaunesniajam teko atsisakyti \u012fprasto scenarijaus \u2013 \u010dia nebuvo nei i\u0161 anksto paruo\u0161to teksto, nei galimyb\u0117s pasisl\u0117pti u\u017e vaidmens. Ilgai svarstyti taip pat nebuvo kada \u2013 atsakymus ir sprendimus teko priimti nedelsiant.<\/p>\n<p>\u201eKol neprasid\u0117jo visas procesas, atrod\u0117, kad \u010dia bus \u017eymiai papras\u010diau. O kai atsiver\u010diau testo lap\u0105, Dieve, koks jausmas nu\u0117jo per k\u016bn\u0105&#8230;. Atrodo, kad nieko nemoku!\u201c \u2013 \u012fsp\u016bd\u017eiais dalijasi jis.<\/p>\n<p>Tokioje situacijoje atsid\u016br\u0117 ne tik V. Rum\u0161as jaunesnysis \u2013 naujausiame TV \u0161ou \u201eTautos bukiausias\u201c 12 <a href=\"https:\/\/www.tv3.lt\/rubrika\/naujienos\/lietuva\" target=\"_blank\" class=\"phrase\" rel=\"nofollow noopener\">Lietuvos<\/a> garsenybi\u0173 i\u0161bandys savo j\u0117gas \u012fvairiose u\u017eduotyse, kuriose prireikia ne tik \u017eini\u0173, bet ir logikos, geros atminties, greitos reakcijos bei geb\u0117jimo susiorientuoti kasdien\u0117se situacijose.<\/p>\n<p>\u012eprastos \u017eaidimo taisykl\u0117s \u010dia negalioja \u2013 kiekvienas dalyvis i\u0161 \u0161io projekto sieks i\u0161kristi kuo \u012fmanoma grei\u010diau, nes b\u016btent tai garantuos, kad jiems pavyks i\u0161vengti \u201eTautos bukiausio\u201c titulo. \u0160ou \u017eada ne tik daug netik\u0117t\u0173 atsakym\u0173 ir komi\u0161k\u0173 situacij\u0173, bet ir prog\u0105 \u017ei\u016brovams patiems pasitikrinti savo \u017einias apie pasaul\u012f bei kasdienyb\u0119.<\/p>\n<p>V. Rum\u0161as jaunesnysis \u012f tokius i\u0161bandymus \u017evelgia kaip \u012f prog\u0105 i\u0161eiti i\u0161 komforto zonos. Tiesa, lygindamas \u017eaidimo patirt\u012f su \u0161\u012f pavasar\u012f pasirod\u017eiusia Roberto Kuli\u016bno erotine drama \u201eNuodas\u201c, kurioje jam teko apsinuoginti prie\u0161 kamer\u0105, aktorius pripa\u017e\u012fsta \u2013 \u0161\u012fkart jaudulio buvo dar daugiau.<\/p>\n<p>\u201eKai tenka nusirengti prie\u0161 kamer\u0105, tave nugrimuoja, sutvarko ir tu atrodai gra\u017eiai. \u010cia \u2013 jeigu esi durnas, grimas nepad\u0117s\u201c, \u2013 juokauja jis.<\/p>\n<p>           <a href=\"https:\/\/www.tv3.lt\/Uploads\/UGallery\/photos\/58\/6a\/84\/76\/586a8476902967a5047435da8854a473.jpg\" data-fancybox=\"photos-embed\" data-caption=\"Vytautas Rum\u0161as jaunesnysis (V. Juzel\u0117no nuotr.)\" target=\"_self\" rel=\"nofollow noopener\"> <img decoding=\"async\" class=\"photo-inside-article\" align=\"center\" alt=\"Vytautas Rum\u0161as jaunesnysis (V. Juzel\u0117no nuotr.)\" title=\"Vytautas Rum\u0161as jaunesnysis (V. Juzel\u0117no nuotr.)\" src=\"https:\/\/www.europesays.com\/lt\/wp-content\/uploads\/2026\/09\/586a8476902967a5047435da8854a473.jpg\" width=\"684\" height=\"654\" loading=\"lazy\" \/> <\/a>       Klaidos \u2013 neg\u0105sdina <\/p>\n<p>Aktorius \u012fsitikin\u0119s, kad kai kuriuos mokyklos laik\u0173 dalykus po tiek met\u0173 prisiminti b\u016bt\u0173 sud\u0117tinga: \u201eKadangi a\u0161 labai seniai baigiau mokykl\u0105, man tikrai sunkiai sekt\u0173si matematika, chemija ir datos. Atsimenu, kad per istorij\u0105 jas tiesiog tur\u0117davome i\u0161kalti, o konteksto visi\u0161kai nesuprasdavome. Tod\u0117l manau, kad skai\u010diukai yra mano silpnoji pus\u0117.\u201c<\/p>\n<p>Pasirodo, geografija taip pat n\u0117ra stiprioji aktoriaus pus\u0117. \u201eKai pama\u010diau \u017eem\u0117lap\u012f ant sienos, truput\u012f sunerimau. Supratau, kad jeigu reik\u0117t\u0173 parodyti, kur yra viena ar kita valstyb\u0117, tur\u0117\u010diau nema\u017eai problem\u0173\u201c, \u2013 pasakoja jis.<\/p>\n<p>Vis d\u0117lto klaidos V. Rum\u0161o jaunesniojo neg\u0105sdina \u2013 saviironija, jo teigimu, scenos \u017emogui yra tiesiog b\u016btina: \u201eManau, kad scenos \u017emon\u0117s be saviironijos yra pasmerkti sunkiam egzistavimui. Ji ir padeda \u012f visa tai \u017ei\u016br\u0117ti kaip \u012f \u017eaidim\u0105. Nereikia galvoti, kad mes \u010dia sprend\u017eiame karo klausimus \u2013 mes tiesiog \u017eaid\u017eiame, tod\u0117l atsipalaidav\u0119 ir pasijuok\u0119 i\u0161 sav\u0119s galime laik\u0105 praleisti dar geriau.\u201c<\/p>\n<p>\u0160ou sub\u016br\u0117 i\u0161ties spalving\u0105 dalyvi\u0173 b\u016br\u012f \u2013 nuo aktori\u0173 ir sportinink\u0173 iki nuomon\u0117s formuotoj\u0173, televizijos veid\u0173 bei politik\u0173. Anot aktoriaus, \u0161alia toki\u0173 \u017emoni\u0173 net ir galimyb\u0117 suklysti prie\u0161 vis\u0105 Lietuv\u0105 neatrodo tokia bauginanti.<\/p>\n<p>\u201eKas gi nori apsikvailinti prie\u0161 vis\u0105 Lietuv\u0105? Bet su tokia nuostabia \u010dia susirinkusia kompanija, tai \u2013 vienas malonumas\u201c, \u2013 su \u0161ypsena sako V. Rum\u0161as jaunesnysis.<\/p>\n<p>O kaip jam seksis susidoroti su naujojo \u0161ou i\u0161\u0161\u016bkiais, su\u017einosite jau pirmojoje laidoje!<\/p>\n<p>\u201eTautos bukiausias\u201c \u2013 nuo rugs\u0117jo 6 d., 19.30 val. per <a href=\"https:\/\/www.tv3.lt\/programos\/tv3\/pilna\" target=\"_blank\" class=\"phrase\" rel=\"nofollow noopener\">TV3<\/a>.<\/p>\n<p>\n                                        \u0160altinis:<br \/>\n                                                                                    tv3.lt\n                                                                                <\/p>\n<p>Kvie\u010diame atrasti nauj\u0105 tv3.lt turin\u012f! Nuo \u0161iol portale j\u016bs\u0173 laukia ne tik <a href=\"https:\/\/www.tv3.lt\/testai\" rel=\"nofollow noopener\" target=\"_blank\">kasdien nauji testai<\/a>, bet ir <a href=\"https:\/\/www.tv3.lt\/kryziazodziai\" rel=\"nofollow noopener\" target=\"_blank\">kry\u017eia\u017eod\u017eiai <\/a>\u2013 i\u0161bandykite savo \u017einias, spr\u0119skite ir smagiai praleiskite laik\u0105. <\/p>\n","protected":false},"excerpt":{"rendered":"Provokuojan\u010diame projekte dalyvi\u0173 lauks ne vienas netik\u0117tas i\u0161bandymas. Bet did\u017eiausias i\u0161 j\u0173 \u2013 tai, kad \u0161io \u017eaidimo niekas&hellip;\n","protected":false},"author":2,"featured_media":270007,"comment_status":"","ping_status":"","sticky":false,"template":"","format":"standard","meta":{"footnotes":"","_share_on_mastodon":"0"},"categories":[21],"tags":[38960,57,43,113,55,48,54,51,49,50,37,39,36,38,40,45,23,44,114,53,42,56,47,41,46,58,52],"class_list":["post-270006","post","type-post","status-publish","format-standard","has-post-thumbnail","category-pramogos","tag-2026-09-05-134000","tag-daiktai","tag-dienos-kronika","tag-entertainment","tag-gatves-tekstai","tag-gyvenimas","tag-interneto-pievos","tag-keliones","tag-kultura","tag-laisvalaikis","tag-lietuva","tag-lietuviu","tag-lithuania","tag-lithuanian","tag-lt","tag-mokslas-ir-it","tag-naujienos","tag-pasaulis","tag-pramogos","tag-projektai","tag-rinktiniai-tekstai","tag-simtmecio-portalas","tag-sportas","tag-tv3-lt","tag-verslas","tag-video","tag-zaidimai"],"share_on_mastodon":{"url":"https:\/\/pubeurope.com\/@lt\/117219825242395159","error":""},"_links":{"self":[{"href":"https:\/\/www.europesays.com\/lt\/wp-json\/wp\/v2\/posts\/270006","targetHints":{"allow":["GET"]}}],"collection":[{"href":"https:\/\/www.europesays.com\/lt\/wp-json\/wp\/v2\/posts"}],"about":[{"href":"https:\/\/www.europesays.com\/lt\/wp-json\/wp\/v2\/types\/post"}],"author":[{"embeddable":true,"href":"https:\/\/www.europesays.com\/lt\/wp-json\/wp\/v2\/users\/2"}],"replies":[{"embeddable":true,"href":"https:\/\/www.europesays.com\/lt\/wp-json\/wp\/v2\/comments?post=270006"}],"version-history":[{"count":0,"href":"https:\/\/www.europesays.com\/lt\/wp-json\/wp\/v2\/posts\/270006\/revisions"}],"wp:featuredmedia":[{"embeddable":true,"href":"https:\/\/www.europesays.com\/lt\/wp-json\/wp\/v2\/media\/270007"}],"wp:attachment":[{"href":"https:\/\/www.europesays.com\/lt\/wp-json\/wp\/v2\/media?parent=270006"}],"wp:term":[{"taxonomy":"category","embeddable":true,"href":"https:\/\/www.europesays.com\/lt\/wp-json\/wp\/v2\/categories?post=270006"},{"taxonomy":"post_tag","embeddable":true,"href":"https:\/\/www.europesays.com\/lt\/wp-json\/wp\/v2\/tags?post=270006"}],"curies":[{"name":"wp","href":"https:\/\/api.w.org\/{rel}","templated":true}]}}