{"id":270010,"date":"2026-09-05T18:28:02","date_gmt":"2026-09-05T18:28:02","guid":{"rendered":"https:\/\/www.europesays.com\/lt\/270010\/"},"modified":"2026-09-05T18:28:02","modified_gmt":"2026-09-05T18:28:02","slug":"po-lietuva-talziusios-audros-nerimas-del-maisto-kainu-brangs-darzoves-ir-kiti-produktai","status":"publish","type":"post","link":"https:\/\/www.europesays.com\/lt\/270010\/","title":{"rendered":"Po Lietuv\u0105 tal\u017eiusios audros \u2013 nerimas d\u0117l maisto kain\u0173: brangs dar\u017eov\u0117s ir kiti produktai?"},"content":{"rendered":"\n<p>Apie tai <a href=\"https:\/\/www.tv3.lt\/programos\/tv3\/pilna\" target=\"_blank\" class=\"phrase\" rel=\"nofollow noopener\">TV3<\/a> \u017dini\u0173 \u201eDienos komentare\u201c \u2013 pokalbis su\u00a0\u017eem\u0117s \u016bkio ministru K\u0119stu\u010diu Ma\u017eeika.<\/p>\n<p> Atskleid\u0117, kuris regionas nukent\u0117jo labiausiai <\/p>\n<p>Nuo audros pra\u0117jo daugiau nei savait\u0117, ta\u010diau girdime, kad <a href=\"https:\/\/www.tv3.lt\/gaires\/pasekmes\" target=\"_blank\" rel=\"nofollow noopener\">pasekm\u0117s<\/a> vis dar nelikviduotos. Kiek i\u0161 ties\u0173 yra nukent\u0117jusi\u0173j\u0173 ir kuris Lietuvos regionas nukent\u0117jo labiausiai?<\/p>\n<p>Situacija dinami\u0161ka, duomenys vis dar renkami ir plaukia. Vakar\u0173 <a href=\"https:\/\/www.tv3.lt\/rubrika\/naujienos\/lietuva\" target=\"_blank\" class=\"phrase\" rel=\"nofollow noopener\">Lietuvoje<\/a> yra nema\u017eai <a href=\"https:\/\/www.tv3.lt\/naujiena\/lietuva\/viena-stichija-po-kitos-ukininkai-skaiciuoja-zala-derliui-stai-kiek-jo-praras-n1546682\" target=\"_blank\" rel=\"nofollow noopener\">\u016bki\u0173<\/a>, kuriuose iki \u0161iol neatkurtas elektros tiekimas, tod\u0117l \u016bkininkai tiesiog negali pris\u0117sti prie kompiuteri\u0173, suvesti duomen\u0173 ir i\u0161si\u0173sti j\u0173 seni\u016bnijoms.<\/p>\n<p>Vakar\u0173 Lietuvos regionas nukent\u0117jo labiausiai, nes ten i\u0161krito did\u017eiausias krituli\u0173 kiekis. Jiems lietingas sezonas prasid\u0117jo dar pra\u0117jus\u012f ruden\u012f, kai negal\u0117jo pas\u0117ti \u017eiemini\u0173 jav\u0173. D\u0117l to pavasar\u012f jie pas\u0117jo daugiau vasarini\u0173 kult\u016br\u0173. B\u016btent \u0161ios kult\u016bros dar nebuvo nuimtos, kai u\u017eklupo audra. Kai kuriuose kra\u0161tuose nu\u0117mimas tik prasid\u0117jo. Nors specialistai prognozavo ger\u0105 derli\u0173, \u016bkininkai jau buvo pasira\u0161\u0119 sutartis bei kontraktus jam parduoti, per vien\u0105 nakt\u012f viskas apsivert\u0117 auk\u0161tyn kojomis.<\/p>\n<p>Kokie pas\u0117liai nukent\u0117jo labiausiai \u2013 javai, bulv\u0117s ar kitos dar\u017eov\u0117s?<\/p>\n<p>Labiausiai nukent\u0117jo dar\u017eov\u0117s, kurias kaip tik \u0161iuo metu reikia imti: bulv\u0117s, morkos, \u0161iek tiek burok\u0117liai. Taip pat nukent\u0117jo vasarin\u0117s kult\u016bros \u2013 pupos, vasariniai kvie\u010diai ir kiti pas\u0117liai.<\/p>\n<p>Ta\u010diau teigti, kad <a href=\"https:\/\/www.tv3.lt\/naujiena\/verslas\/lietuviu-pinigines-tustins-ne-tik-prekybininkai-ispeja-kas-laukia-jau-sia-ziema-n1546875\" target=\"_blank\" rel=\"nofollow noopener\">maisto kainos<\/a> dabar drasti\u0161kai \u0161oks \u012f vir\u0161\u0173, negalime \u2013 \u010dia galb\u016bt klausimas ekonomistams. Svarbiausia, kad ne visa Lietuva nukent\u0117jo vienodai. Pietiniai ir pietrytiniai regionai nukent\u0117jo ma\u017eiau. M\u016bs\u0173 stipryb\u0117 yra ta, kad dar\u017eovi\u0173 kult\u016bros n\u0117ra sukoncentruotos viename regione. Tikrai negalime sakyti, kad bulvi\u0173 Lietuvoje nebebus \u2013 visoje \u0161alyje yra viet\u0173, kur u\u017eder\u0117jo geras ir labai geras derlius.<\/p>\n<p>       \u016akininkai patyr\u0117 did\u017eiulius nuostolius \u2013 gaus kompensacij\u0105? <\/p>\n<p>O kas patyr\u0117 didesni\u0173 nuostoli\u0173 \u2013 augalininkyst\u0117s \u016bkiai ar gyvulininkyst\u0117s bei pauk\u0161tininkyst\u0117s sektoriai?<\/p>\n<p>Nuostoli\u0173 patirta \u012fvairiuose sektoriuose, daugiausia \u2013 d\u0117l elektros atjungimo. \u017dinomas atvejis pauk\u0161tininkyst\u0117s \u016bkyje: nors jie tur\u0117jo alternatyv\u0173 tiekim\u0105 ir generavimo sistem\u0105, \u012fvyko techninis gedimas. D\u0117l nei\u0161sijungusios \u012frangos fermoje tiesiog u\u017etro\u0161ko apie 30 t\u016bkst. beveik suaugusi\u0173 broileri\u0173. Nuostolis siekia apie 400 t\u016bkst. eur\u0173.<\/p>\n<p>        <a href=\"https:\/\/www.tv3.lt\/Uploads\/UGallery\/photos\/4b\/da\/6a\/27\/4bda6a277389e0d81fdcc7ba5a4a9a39.jpg\" data-fancybox=\"photos-embed\" data-caption=\"Dar\u017eov\u0117s, kainos, \u016bkininkai (tv3.lt kolia\u017eas)\" target=\"_self\" rel=\"nofollow noopener\"> <img decoding=\"async\" class=\"photo-inside-article\" align=\"center\" alt=\"Dar\u017eov\u0117s, kainos, \u016bkininkai (tv3.lt kolia\u017eas)\" title=\"Dar\u017eov\u0117s, kainos, \u016bkininkai (tv3.lt kolia\u017eas)\" src=\"https:\/\/www.europesays.com\/lt\/wp-content\/uploads\/2026\/09\/4bda6a277389e0d81fdcc7ba5a4a9a39.jpg\" width=\"684\" height=\"654\" loading=\"lazy\" \/> <\/a>       <\/p>\n<p>Taip pat nukent\u0117jo pienininkai. D\u0117l elektros tr\u016bkumo didesniuose \u016bkiuose jie negal\u0117jo laiku pamel\u017eti karvi\u0173 arba netur\u0117jo galimyb\u0117s pieno at\u0161aldyti. Kadangi at\u0161aldymas yra esminis veiksnys, kelias paras pien\u0105 teko tiesiog pilti \u012f laukus, nes jis nebetiko perdirbimui. Visgi tai yra pavieniai atvejai, o ne masinis rei\u0161kinys.<\/p>\n<p>Kaip bus su kompensacijomis ir kada planuojate kreiptis \u012f <a href=\"https:\/\/www.tv3.lt\/rubrika\/naujienos\/uzsienis\/europa\" target=\"_blank\" class=\"phrase\" rel=\"nofollow noopener\">Europos<\/a> Komisij\u0105?<\/p>\n<p>M\u016bs\u0173 tikslas ir buvo paskelbti ekstremali\u0105 situacij\u0105. Matydami skirting\u0105 \u017ealos mast\u0105 regionuose, \u017eeng\u0117me \u0161\u012f \u017eingsn\u012f, kuris atveria duris kreiptis \u012f Europos Komisij\u0105.<\/p>\n<p>Svarbu pa\u017eym\u0117ti, kad \u016bkininkai iki rugs\u0117jo 11 d. turi kreiptis \u012f seni\u016bnijas. Savivaldyb\u0117s, surinkusios duomenis, perduos juos mums. Po rugs\u0117jo 11 d. apibendrin\u0119 informacij\u0105 tur\u0117sime tikslius \u017ealos skai\u010dius ir gal\u0117sime kreiptis \u012f Europos Komisij\u0105 kartu su kitomis \u0161alimis, patyrusiomis sausr\u0105 ar kitas stichijas. Europos Komisija sprendim\u0105 d\u0117l kompensacij\u0173 priims lapkri\u010dio\u2013gruod\u017eio m\u0117nesiais.<\/p>\n<p>Ar pra\u0161ymas jau rengiamas? \u017dinome atvej\u0173, kai Lietuva v\u0117lavo ir kompensacij\u0173 negavo.<\/p>\n<p>Taip buvo su pieno sektoriumi prie\u0161 kelet\u0105 met\u0173. Ta klaida visiems tapo pamoka, kad v\u0117luoti negalima. \u017dem\u0117s \u016bkio ministerija jau atlieka \u0161\u012f darb\u0105, tod\u0117l operatyviai pri\u0117m\u0117me sprendim\u0105 d\u0117l ekstremalios situacijos paskelbimo. Visk\u0105 padar\u0117me greitai, kad \u017emon\u0117s gal\u0117t\u0173 u\u017efiksuoti bei pagr\u012fsti patirt\u0105 \u017eal\u0105 ir tur\u0117tume teisin\u012f pagrind\u0105 kreiptis d\u0117l paramos.<\/p>\n<p>U\u017esimin\u0117te ir apie nauj\u0105 tvark\u0105 d\u0117l elektros generatori\u0173. Kas kei\u010diasi?<\/p>\n<p>Nuo rugs\u0117jo 1 d. per Nacionalin\u0119 mok\u0117jimo agent\u016br\u0105 teikiant parai\u0161kas vald\u0173 ar smulki\u0173 bei vidutini\u0173 \u016bki\u0173 modernizavimui, i\u0161tais\u0117me ankstesni\u0173 kvietim\u0173 klaid\u0105. Dabar prie visos kitos \u012frangos bus kompensuojamas ir elektros generatori\u0173 \u012fsigijimas, kas yra labai logi\u0161ka.<\/p>\n<p>Vis\u0105 pokalb\u012f i\u0161girskite auk\u0161\u010diau esan\u010diame vaizdo \u012fra\u0161e.<\/p>\n","protected":false},"excerpt":{"rendered":"Apie tai TV3 \u017dini\u0173 \u201eDienos komentare\u201c \u2013 pokalbis su\u00a0\u017eem\u0117s \u016bkio ministru K\u0119stu\u010diu Ma\u017eeika. Atskleid\u0117, kuris regionas nukent\u0117jo labiausiai&hellip;\n","protected":false},"author":2,"featured_media":270011,"comment_status":"","ping_status":"","sticky":false,"template":"","format":"standard","meta":{"footnotes":"","_share_on_mastodon":"0"},"categories":[13],"tags":[38961,25,30,31,57,43,34,35,55,48,24,54,51,49,50,32,33,37,39,36,38,40,45,23,22,44,28,29,53,42,56,47,26,27,41,46,58,52],"class_list":["post-270010","post","type-post","status-publish","format-standard","has-post-thumbnail","category-lietuva","tag-2026-09-05-163000","tag-antrastes","tag-breaking-news","tag-breakingnews","tag-daiktai","tag-dienos-kronika","tag-featured-news","tag-featurednews","tag-gatves-tekstai","tag-gyvenimas","tag-headlines","tag-interneto-pievos","tag-keliones","tag-kultura","tag-laisvalaikis","tag-latest-news","tag-latestnews","tag-lietuva","tag-lietuviu","tag-lithuania","tag-lithuanian","tag-lt","tag-mokslas-ir-it","tag-naujienos","tag-news","tag-pasaulis","tag-populiariausios-naujienos","tag-populiariausiosnaujienos","tag-projektai","tag-rinktiniai-tekstai","tag-simtmecio-portalas","tag-sportas","tag-top-stories","tag-topstories","tag-tv3-lt","tag-verslas","tag-video","tag-zaidimai"],"share_on_mastodon":{"url":"","error":"Validation failed: Text character limit of 500 exceeded"},"_links":{"self":[{"href":"https:\/\/www.europesays.com\/lt\/wp-json\/wp\/v2\/posts\/270010","targetHints":{"allow":["GET"]}}],"collection":[{"href":"https:\/\/www.europesays.com\/lt\/wp-json\/wp\/v2\/posts"}],"about":[{"href":"https:\/\/www.europesays.com\/lt\/wp-json\/wp\/v2\/types\/post"}],"author":[{"embeddable":true,"href":"https:\/\/www.europesays.com\/lt\/wp-json\/wp\/v2\/users\/2"}],"replies":[{"embeddable":true,"href":"https:\/\/www.europesays.com\/lt\/wp-json\/wp\/v2\/comments?post=270010"}],"version-history":[{"count":0,"href":"https:\/\/www.europesays.com\/lt\/wp-json\/wp\/v2\/posts\/270010\/revisions"}],"wp:featuredmedia":[{"embeddable":true,"href":"https:\/\/www.europesays.com\/lt\/wp-json\/wp\/v2\/media\/270011"}],"wp:attachment":[{"href":"https:\/\/www.europesays.com\/lt\/wp-json\/wp\/v2\/media?parent=270010"}],"wp:term":[{"taxonomy":"category","embeddable":true,"href":"https:\/\/www.europesays.com\/lt\/wp-json\/wp\/v2\/categories?post=270010"},{"taxonomy":"post_tag","embeddable":true,"href":"https:\/\/www.europesays.com\/lt\/wp-json\/wp\/v2\/tags?post=270010"}],"curies":[{"name":"wp","href":"https:\/\/api.w.org\/{rel}","templated":true}]}}