{"id":270022,"date":"2026-09-05T19:09:11","date_gmt":"2026-09-05T19:09:11","guid":{"rendered":"https:\/\/www.europesays.com\/lt\/270022\/"},"modified":"2026-09-05T19:09:11","modified_gmt":"2026-09-05T19:09:11","slug":"tragiskas-ivykis-neveronyse-traukinio-partrenkto-16-mecio-gyvybe-uzgeso-ivykio-vietoje-atnaujinta","status":"publish","type":"post","link":"https:\/\/www.europesays.com\/lt\/270022\/","title":{"rendered":"Tragi\u0161kas \u012fvykis Neveronyse: traukinio partrenkto 16-me\u010dio gyvyb\u0117 u\u017egeso \u012fvykio vietoje (atnaujinta)"},"content":{"rendered":"<p>\u0160e\u0161tadienio pavakar\u0119 Neveronyse \u012fvyko skaudi nelaim\u0117. Prie Neveroni\u0173 perva\u017eos keleivinis <a href=\"https:\/\/kaunas.kasvyksta.lt\/traukinys\" title=\"Traukinys\" rel=\"nofollow noopener\" target=\"_blank\">traukinys<\/a> partrenk\u0117 jaunuol\u012f. Nelaim\u0117s vietoje d\u0117l jaunuolio gyvyb\u0117s kovojo medikai, ta\u010diau nes\u0117kmingai \u2013 vaikinui konstatuota <a href=\"https:\/\/kaunas.kasvyksta.lt\/mirtis\" title=\"Mirtis\" rel=\"nofollow noopener\" target=\"_blank\">mirtis<\/a>.<\/p>\n<p>Apie nelaim\u0119 naujien\u0173 portalui \u201eKas vyksta Kaune\u201c prane\u0161\u0117 skaitytojai.<\/p>\n<p>\u201eVa\u017eiuojant nuo Kauno link Neveroni\u0173, prie b\u0117gi\u0173 \u017emogus guli ant \u017eem\u0117s. Traukinys sustoj\u0119s, jau atvyk\u0119 pareig\u016bn\u0173 ir medik\u0173 automobiliai\u201c, \u2013 naujien\u0173 portalo redakcijai 18.24 val. ra\u0161\u0117 skaitytojas.<\/p>\n<p>Kaip \u017eurnalistus informavo Kauno apskrities vyriausiojo policijos komisariato atstovai, prane\u0161imo apie nelaim\u0119 prie Neveroni\u0173 perva\u017eos sulaukta 18.07 val.<\/p>\n<p>Pirminiais duomenimis, ant b\u0117gi\u0173 i\u0161\u0117jus\u012f nepilnamet\u012f partrenk\u0117 prava\u017eiuojantis keleivinis traukinys, va\u017eiav\u0119s mar\u0161rutu Kaunas\u2013Vilnius.<\/p>\n<p>Nors atskub\u0117j\u0119 medikai nukent\u0117jus\u012fj\u012f gaivino \u012fvykio vietoje, vaikino gyvyb\u0117s i\u0161gelb\u0117ti nepavyko.<\/p>\n<p>Paai\u0161k\u0117jo, kad traukinio mirtinai su\u017ealotas jaunuolis \u2013 gim\u0119s 2010 metais.<\/p>\n<p>Policijos pareig\u016bnai toliau dirba ir ai\u0161kinasi tikslias tragi\u0161ko \u012fvykio aplinkybes.<\/p>\n<p>D\u0117l \u012fvykio buvo trumpam pristabdytas traukini\u0173 eismas. \u0160iuo metu jis vyksta \u012fprastine tvarka.<\/p>\n<p>\n    Kur kreiptis emocin\u0117s (psichologin\u0117s) pagalbos\n  <\/p>\n","protected":false},"excerpt":{"rendered":"\u0160e\u0161tadienio pavakar\u0119 Neveronyse \u012fvyko skaudi nelaim\u0117. Prie Neveroni\u0173 perva\u017eos keleivinis traukinys partrenk\u0117 jaunuol\u012f. Nelaim\u0117s vietoje d\u0117l jaunuolio gyvyb\u0117s&hellip;\n","protected":false},"author":2,"featured_media":270023,"comment_status":"","ping_status":"","sticky":false,"template":"","format":"standard","meta":{"footnotes":"","_share_on_mastodon":"0"},"categories":[6],"tags":[25,30,31,563,34,35,24,32,33,37,39,36,38,40,396,23,38962,22,28,29,26,27,3375],"class_list":["post-270022","post","type-post","status-publish","format-standard","has-post-thumbnail","category-antrastes","tag-antrastes","tag-breaking-news","tag-breakingnews","tag-eismas","tag-featured-news","tag-featurednews","tag-headlines","tag-latest-news","tag-latestnews","tag-lietuva","tag-lietuviu","tag-lithuania","tag-lithuanian","tag-lt","tag-mirtis","tag-naujienos","tag-neveronys","tag-news","tag-populiariausios-naujienos","tag-populiariausiosnaujienos","tag-top-stories","tag-topstories","tag-traukinys"],"share_on_mastodon":{"url":"https:\/\/pubeurope.com\/@lt\/117220013673490169","error":""},"_links":{"self":[{"href":"https:\/\/www.europesays.com\/lt\/wp-json\/wp\/v2\/posts\/270022","targetHints":{"allow":["GET"]}}],"collection":[{"href":"https:\/\/www.europesays.com\/lt\/wp-json\/wp\/v2\/posts"}],"about":[{"href":"https:\/\/www.europesays.com\/lt\/wp-json\/wp\/v2\/types\/post"}],"author":[{"embeddable":true,"href":"https:\/\/www.europesays.com\/lt\/wp-json\/wp\/v2\/users\/2"}],"replies":[{"embeddable":true,"href":"https:\/\/www.europesays.com\/lt\/wp-json\/wp\/v2\/comments?post=270022"}],"version-history":[{"count":0,"href":"https:\/\/www.europesays.com\/lt\/wp-json\/wp\/v2\/posts\/270022\/revisions"}],"wp:featuredmedia":[{"embeddable":true,"href":"https:\/\/www.europesays.com\/lt\/wp-json\/wp\/v2\/media\/270023"}],"wp:attachment":[{"href":"https:\/\/www.europesays.com\/lt\/wp-json\/wp\/v2\/media?parent=270022"}],"wp:term":[{"taxonomy":"category","embeddable":true,"href":"https:\/\/www.europesays.com\/lt\/wp-json\/wp\/v2\/categories?post=270022"},{"taxonomy":"post_tag","embeddable":true,"href":"https:\/\/www.europesays.com\/lt\/wp-json\/wp\/v2\/tags?post=270022"}],"curies":[{"name":"wp","href":"https:\/\/api.w.org\/{rel}","templated":true}]}}