{"id":270026,"date":"2026-09-05T19:18:33","date_gmt":"2026-09-05T19:18:33","guid":{"rendered":"https:\/\/www.europesays.com\/lt\/270026\/"},"modified":"2026-09-05T19:18:33","modified_gmt":"2026-09-05T19:18:33","slug":"sokas-italijoje-gasly-iskovojo-pole-pozicija-antonelli-startuos-is-rikiuotes-galo","status":"publish","type":"post","link":"https:\/\/www.europesays.com\/lt\/270026\/","title":{"rendered":"\u0160okas Italijoje: Gasly i\u0161kovojo \u201epole\u201c pozicij\u0105, Antonelli startuos i\u0161 rikiuot\u0117s galo"},"content":{"rendered":"<p>\u00a0\u0160e\u0161tadien\u012f greitojoje Moncos miesto trasoje vykusi\u0105 Italijos GP kvalifikacij\u0105 sensacingai laim\u0117jo pranc\u016bzas Pierre\u2018as Gasly su \u201eAlpine\u201c bolidu.<\/p>\n<p>P. Gasly paskutiniu bandymu rat\u0105 \u012fveik\u0117 per 1 min. 21.786 sek. ir 0.06 sek. aplenk\u0117 brit\u0105 George\u2018\u0105 Russell\u0105 (\u201eMercedes\u201c). 0.180 sek. atsiliko Oscaras Piastri (\u201eMcLaren\u201c). Nuo 2017 m. \u201eFormul\u0117je 1\u201c lenktyniaujan\u010diam P. Gasly tai buvo pirma \u201epole\u201c pozicija per kajer\u0105.\u00a0Kvalifikacija vyko sausoje trasoje, didesni\u0173 avarij\u0173 nebuvo, bet \u201eAlpine\u201c bolidas net ir tokiomis \u012fprastomis s\u0105lygomis buvo pats grei\u010diausias.<\/p>\n<p>P. Gasly po pirmosios karjeros \u201epole\u201c pozicijos sak\u0117: \u201eTai buvo ne\u012ftik\u0117tina! A\u010di\u016b visiems. Kokia nuostabi kvalifikacija. Nuo pat pirmojo rato jau\u010diau, kad bolidas dirba labai gerai. Kiekvienoje kvalifikacijos dalyje stengiausi po truput\u012f gerinti savo rezultat\u0105, o paskutinis ratas buvo tikrai labai geras. Devynis metus siekiau galimyb\u0117s i\u0161kovoti \u201epole\u201c pozicij\u0105. Moncoje i\u0161kovojau pirm\u0105j\u0105 pergal\u0119 savo karjeroje, o dabar \u010dia pasiekiau ir pirm\u0105j\u0105 \u201epole\u201c. \u0160i trasa man yra ypatinga.\u201c<\/p>\n<p>Toliau i\u0161sirikiavo abu \u201eFerrari\u201c pilotai \u2013 Charlesas Leclercas ir Lewisas Hamiltonas. Maxas Verstappenas (\u201eRed Bull\u201c) buvo 6-as, o Kimi Antonelli (\u201eMercedes\u201c) \u2013 7-as. Tiesa, sezono lyderis K. Antonelli d\u0117l variklio keitimo ir gautos baudos sekmadien\u012f startuos i\u0161 rikiuot\u0117s galo.<\/p>\n<p>Traumuot\u0105 Isack\u0105 Hadjar\u0105 dar kart\u0105 pakeit\u0119s Liamas Lawsonas su \u201eRed Bull\u201c bolidu buvo tik 14-as. L. Lawsono viet\u0105 \u201eRacing Bulls\u201c laikinai u\u017e\u0117m\u0119s Yuki Tsunoda \u0161\u012f kart\u0105 l\u016bkes\u010di\u0173 taip pat nepateisino ir u\u017e\u0117m\u0117 vos 17-\u0105 pozicij\u0105 (1:23.755).<\/p>\n<p>Italijos GP kvalifikacijos rezultatai:<\/p>\n<p>                    <a class=\"a-fancybox\" data-fancybox=\"\" data-src=\"https:\/\/static3.sportas.lt\/usi\/662x590\/2\/aa\/5f\/c1\/aa5fc1e92f6c731af0f48c13cb5fc505.jpg?v=1.0.8.10&amp;t=cr&amp;s=662x590&amp;m=2&amp;f=\/Uploads\/UGallery\/photos\/cd\/7b\/12\/e5\/cd7b12e50dbf1b1a78a97859249b6190.jpg\"><br \/>\n                <img decoding=\"async\" align=\"center\" alt=\"Italijos GP kvalifikacijos rezultatai | Organizatori\u0173 nuotr.\" title=\"Italijos GP kvalifikacijos rezultatai | Organizatori\u0173 nuotr.\" src=\"https:\/\/www.europesays.com\/lt\/wp-content\/uploads\/2026\/09\/cd7b12e50dbf1b1a78a97859249b6190.jpg\" \/><br \/>\n            <\/a><\/p>\n<p class=\"photoSource\">Italijos GP kvalifikacijos rezultatai | Organizatori\u0173 nuotr.<\/p>\n<p>Pilot\u0173 \u012fskaitoje dominuojantis K. Antonelli turi 242 ta\u0161kus ir tvirtai lenkia G. Russell\u0105 su L. Hamiltonu (abu \u2013 po 183). Konstruktori\u0173 \u012fskaitoje pirm\u0105j\u012f trejet\u0105 sudaro \u201eMercedes\u201c (425), \u201eFerrari\u201c (338) bei \u201eMcLaren\u201c (263).<\/p>\n<p>Italijos GP lenktyn\u0117s sekmadien\u012f prasid\u0117s 16 val. Jas tiesiogiai transliuos \u201eGo3\u201c televizija. Taip pat \u0161ias lenktynes sekmadien\u012f nuo 22.05 val. bus galima steb\u0117ti per TV6 kanal\u0105.<\/p>\n<p>                                                                    <a href=\"https:\/\/www.sportas.lt\/naujiena\/548514\/mailto:info@sportas.lt\" rel=\"nofollow noopener\" target=\"_blank\">info@sportas.lt<\/a><\/p>\n<p>Naujien\u0173 portalo sportas.lt informacij\u0105 atgaminti visuomen\u0117s informavimo priemon\u0117se bei interneto tinklalapiuose be ra\u0161ti\u0161ko sutikimo draud\u017eiama.<\/p>\n","protected":false},"excerpt":{"rendered":"\u00a0\u0160e\u0161tadien\u012f greitojoje Moncos miesto trasoje vykusi\u0105 Italijos GP kvalifikacij\u0105 sensacingai laim\u0117jo pranc\u016bzas Pierre\u2018as Gasly su \u201eAlpine\u201c bolidu. P.&hellip;\n","protected":false},"author":2,"featured_media":270027,"comment_status":"","ping_status":"","sticky":false,"template":"","format":"standard","meta":{"footnotes":"","_share_on_mastodon":"0"},"categories":[6],"tags":[25,30,31,57,43,34,35,55,48,24,54,51,49,50,32,33,37,39,36,38,40,45,23,22,44,28,29,53,42,56,47,112,26,27,46,58,52],"class_list":["post-270026","post","type-post","status-publish","format-standard","has-post-thumbnail","category-antrastes","tag-antrastes","tag-breaking-news","tag-breakingnews","tag-daiktai","tag-dienos-kronika","tag-featured-news","tag-featurednews","tag-gatves-tekstai","tag-gyvenimas","tag-headlines","tag-interneto-pievos","tag-keliones","tag-kultura","tag-laisvalaikis","tag-latest-news","tag-latestnews","tag-lietuva","tag-lietuviu","tag-lithuania","tag-lithuanian","tag-lt","tag-mokslas-ir-it","tag-naujienos","tag-news","tag-pasaulis","tag-populiariausios-naujienos","tag-populiariausiosnaujienos","tag-projektai","tag-rinktiniai-tekstai","tag-simtmecio-portalas","tag-sportas","tag-sportas-lt","tag-top-stories","tag-topstories","tag-verslas","tag-video","tag-zaidimai"],"share_on_mastodon":{"url":"","error":"Validation failed: Text character limit of 500 exceeded"},"_links":{"self":[{"href":"https:\/\/www.europesays.com\/lt\/wp-json\/wp\/v2\/posts\/270026","targetHints":{"allow":["GET"]}}],"collection":[{"href":"https:\/\/www.europesays.com\/lt\/wp-json\/wp\/v2\/posts"}],"about":[{"href":"https:\/\/www.europesays.com\/lt\/wp-json\/wp\/v2\/types\/post"}],"author":[{"embeddable":true,"href":"https:\/\/www.europesays.com\/lt\/wp-json\/wp\/v2\/users\/2"}],"replies":[{"embeddable":true,"href":"https:\/\/www.europesays.com\/lt\/wp-json\/wp\/v2\/comments?post=270026"}],"version-history":[{"count":0,"href":"https:\/\/www.europesays.com\/lt\/wp-json\/wp\/v2\/posts\/270026\/revisions"}],"wp:featuredmedia":[{"embeddable":true,"href":"https:\/\/www.europesays.com\/lt\/wp-json\/wp\/v2\/media\/270027"}],"wp:attachment":[{"href":"https:\/\/www.europesays.com\/lt\/wp-json\/wp\/v2\/media?parent=270026"}],"wp:term":[{"taxonomy":"category","embeddable":true,"href":"https:\/\/www.europesays.com\/lt\/wp-json\/wp\/v2\/categories?post=270026"},{"taxonomy":"post_tag","embeddable":true,"href":"https:\/\/www.europesays.com\/lt\/wp-json\/wp\/v2\/tags?post=270026"}],"curies":[{"name":"wp","href":"https:\/\/api.w.org\/{rel}","templated":true}]}}