{"id":270034,"date":"2026-09-05T19:37:01","date_gmt":"2026-09-05T19:37:01","guid":{"rendered":"https:\/\/www.europesays.com\/lt\/270034\/"},"modified":"2026-09-05T19:37:01","modified_gmt":"2026-09-05T19:37:01","slug":"netiketas-pikul-zingsnis-sergeju-maslobojeva-paliko-be-zado-oksana","status":"publish","type":"post","link":"https:\/\/www.europesays.com\/lt\/270034\/","title":{"rendered":"Netik\u0117tas Pikul \u017eingsnis Sergej\u0173 Maslobojev\u0105 paliko be \u017eado: \u201eOksana&#8230;\u201c"},"content":{"rendered":"\n<p>\u017dinoma moteris dar prie\u0161 kur\u012f laik\u0105 i\u0161rei\u0161k\u0117 palaikym\u0105 S. Maslobojevui ir teig\u0117, kad bandys surasti jam r\u0117m\u0117j\u0173.\u00a0<\/p>\n<p>  Netik\u0117tas \u017eingsnis <\/p>\n<p>Daugkartinis \u012fvairi\u0173 organizacij\u0173 pasaulio kikbokso \u010dempionas i\u0161 prad\u017ei\u0173 \u012f tai reagavo skepti\u0161kai, bet naujausias O. Pikul \u017eingsnis privert\u0117 S. Maslobojev\u0105 pakeisti nuomon\u0119.<\/p>\n<p>\u201eKaip \u017ead\u0117jau, taip ir padariau. Palaikymas Sergejui Maslobojevui. A\u010di\u016b u\u017e pasitik\u0117jim\u0105, rankom sukirsta\u201c, \u2013 ra\u0161\u0117 O. Pikul, paskelbusi, jog S. Maslobojev\u0105 nuo \u0161iol tur\u0117t\u0173 remti \u201eExclusive Car Rent\u201c \u012fmon\u0117.<\/p>\n<p>S. Maslobojevas netrukus patvirtino, kad tai tiesa: \u201eA\u0161 visada sakau vien\u0105 paprast\u0105 dalyk\u0105 \u2013 man labiau imponuoja \u017emon\u0117s, kurie ma\u017eiau kalba ir daugiau daro. Vakar Oksana Pikul mane tikrai nustebino. Tiesiog atva\u017eiavo ir pateik\u0117 konkret\u0173 rimtos \u012fmon\u0117s r\u0117mimo pasi\u016blym\u0105. Dabar jau kalbam\u0117s apie bendradarbiavim\u0105 su prabangi\u0173 automobili\u0173 nuomos kompanija \u201eExclusive Car Rent\u201c, d\u0117liojam visas detales. Oksana, turiu pasakyti \u2013 tikrai nustebinai ger\u0105ja prasme\u201c.<\/p>\n<p>     <a href=\"https:\/\/www.tv3.lt\/Uploads\/UGallery\/photos\/db\/4b\/fd\/c1\/db4bfdc16ca4ac100b485a9568d1d3f0.jpg\" data-fancybox=\"photos-embed\" data-caption=\"Sergejaus Maslobojevo \u017einut\u0117\" target=\"_self\" rel=\"nofollow noopener\"> <img decoding=\"async\" class=\"photo-inside-article\" align=\"center\" alt=\"Sergejaus Maslobojevo \u017einut\u0117\" title=\"Sergejaus Maslobojevo \u017einut\u0117\" src=\"https:\/\/www.europesays.com\/lt\/wp-content\/uploads\/2026\/09\/db4bfdc16ca4ac100b485a9568d1d3f0.jpg\" width=\"684\" height=\"654\" loading=\"lazy\" \/> <\/a><br \/>\n Sergejaus Maslobojevo \u017einut\u0117 | <a href=\"https:\/\/www.tv3.lt\/gaires\/instagram\" target=\"_blank\" class=\"phrase\" rel=\"nofollow noopener\">Instagram<\/a>.com nuotr <\/p>\n<p>S. Maslobojevo ir D. Dirks\u010dio akistata <a href=\"https:\/\/www.tv3.lt\/gaires\/kauno-zalgiris\" target=\"_blank\" class=\"phrase\" rel=\"nofollow noopener\">Kauno \u201e\u017dalgirio\u201c<\/a> arenoje pagrindin\u0117je \u201eUTMA 19\u201c turnyro kovoje \u012fvyks jau rugs\u0117jo 26 d.<\/p>\n<p>  TV3)&#8221; class=&#8221;articlePhoto&#8221;&gt;   <a href=\"https:\/\/www.tv3.lt\/Uploads\/UGallery\/photos\/8a\/b3\/00\/90\/8ab30090f9b013c8f040f0675dace089.jpg\" data-fancybox=\"photos-embed\" data-caption=\"Oksana Pikul ir Sergejus Maslobojevas (nuotr. BNS ir TV3)\" target=\"_self\" rel=\"nofollow noopener\"> <img decoding=\"async\" class=\"photo-inside-article\" align=\"center\" alt=\"Oksana Pikul ir Sergejus Maslobojevas (nuotr. BNS ir TV3)\" title=\"Oksana Pikul ir Sergejus Maslobojevas (nuotr. BNS ir TV3)\" src=\"https:\/\/www.europesays.com\/lt\/wp-content\/uploads\/2026\/09\/8ab30090f9b013c8f040f0675dace089.jpg\" width=\"684\" height=\"654\" loading=\"lazy\" \/> <\/a>        <\/p>\n<p>\n                                        \u0160altinis:<br \/>\n                                                                                    tv3.lt\n                                                                                <\/p>\n<p>Kvie\u010diame atrasti nauj\u0105 tv3.lt turin\u012f! Nuo \u0161iol portale j\u016bs\u0173 laukia ne tik <a href=\"https:\/\/www.tv3.lt\/testai\" rel=\"nofollow noopener\" target=\"_blank\">kasdien nauji testai<\/a>, bet ir <a href=\"https:\/\/www.tv3.lt\/kryziazodziai\" rel=\"nofollow noopener\" target=\"_blank\">kry\u017eia\u017eod\u017eiai <\/a>\u2013 i\u0161bandykite savo \u017einias, spr\u0119skite ir smagiai praleiskite laik\u0105. <\/p>\n","protected":false},"excerpt":{"rendered":"\u017dinoma moteris dar prie\u0161 kur\u012f laik\u0105 i\u0161rei\u0161k\u0117 palaikym\u0105 S. Maslobojevui ir teig\u0117, kad bandys surasti jam r\u0117m\u0117j\u0173.\u00a0 Netik\u0117tas&hellip;\n","protected":false},"author":2,"featured_media":270035,"comment_status":"","ping_status":"","sticky":false,"template":"","format":"standard","meta":{"footnotes":"","_share_on_mastodon":"0"},"categories":[6],"tags":[38963,25,30,31,57,43,34,35,55,48,24,54,51,49,50,32,33,37,39,36,38,40,45,23,22,44,28,29,53,42,56,47,26,27,41,46,58,52],"class_list":["post-270034","post","type-post","status-publish","format-standard","has-post-thumbnail","category-antrastes","tag-2026-09-05-144500","tag-antrastes","tag-breaking-news","tag-breakingnews","tag-daiktai","tag-dienos-kronika","tag-featured-news","tag-featurednews","tag-gatves-tekstai","tag-gyvenimas","tag-headlines","tag-interneto-pievos","tag-keliones","tag-kultura","tag-laisvalaikis","tag-latest-news","tag-latestnews","tag-lietuva","tag-lietuviu","tag-lithuania","tag-lithuanian","tag-lt","tag-mokslas-ir-it","tag-naujienos","tag-news","tag-pasaulis","tag-populiariausios-naujienos","tag-populiariausiosnaujienos","tag-projektai","tag-rinktiniai-tekstai","tag-simtmecio-portalas","tag-sportas","tag-top-stories","tag-topstories","tag-tv3-lt","tag-verslas","tag-video","tag-zaidimai"],"share_on_mastodon":{"url":"","error":"Validation failed: Text character limit of 500 exceeded"},"_links":{"self":[{"href":"https:\/\/www.europesays.com\/lt\/wp-json\/wp\/v2\/posts\/270034","targetHints":{"allow":["GET"]}}],"collection":[{"href":"https:\/\/www.europesays.com\/lt\/wp-json\/wp\/v2\/posts"}],"about":[{"href":"https:\/\/www.europesays.com\/lt\/wp-json\/wp\/v2\/types\/post"}],"author":[{"embeddable":true,"href":"https:\/\/www.europesays.com\/lt\/wp-json\/wp\/v2\/users\/2"}],"replies":[{"embeddable":true,"href":"https:\/\/www.europesays.com\/lt\/wp-json\/wp\/v2\/comments?post=270034"}],"version-history":[{"count":0,"href":"https:\/\/www.europesays.com\/lt\/wp-json\/wp\/v2\/posts\/270034\/revisions"}],"wp:featuredmedia":[{"embeddable":true,"href":"https:\/\/www.europesays.com\/lt\/wp-json\/wp\/v2\/media\/270035"}],"wp:attachment":[{"href":"https:\/\/www.europesays.com\/lt\/wp-json\/wp\/v2\/media?parent=270034"}],"wp:term":[{"taxonomy":"category","embeddable":true,"href":"https:\/\/www.europesays.com\/lt\/wp-json\/wp\/v2\/categories?post=270034"},{"taxonomy":"post_tag","embeddable":true,"href":"https:\/\/www.europesays.com\/lt\/wp-json\/wp\/v2\/tags?post=270034"}],"curies":[{"name":"wp","href":"https:\/\/api.w.org\/{rel}","templated":true}]}}