{"id":270036,"date":"2026-09-05T19:47:15","date_gmt":"2026-09-05T19:47:15","guid":{"rendered":"https:\/\/www.europesays.com\/lt\/270036\/"},"modified":"2026-09-05T19:47:15","modified_gmt":"2026-09-05T19:47:15","slug":"prie-o-pikul-grozio-salono-duru-lankesi-ragana-verslininke-paviesino-irasa-ir-praso-pagalbos","status":"publish","type":"post","link":"https:\/\/www.europesays.com\/lt\/270036\/","title":{"rendered":"Prie O. Pikul gro\u017eio salono dur\u0173 lank\u0117si ragana? Verslinink\u0117 pavie\u0161ino \u012fra\u0161\u0105 ir pra\u0161o pagalbos"},"content":{"rendered":"<p>\u0160e\u0161tadien\u012f verslinink\u0117s d\u0117mes\u012f patrauk\u0117 prie jos gro\u017eio salono dur\u0173 paliktas baltas gvazdikas. Ne\u012fprast\u0105 radin\u012f O. Pikul u\u017efiksavo ir pavie\u0161ino socialiniuose tinkluose.<\/p>\n<p>I\u0161 jos reakcijos buvo galima suprasti, kad prie salono palikt\u0105 g\u0117l\u0119 ji \u012fvertino ne kaip maloni\u0105 staigmen\u0105, o kaip anonimin\u0119 provokacij\u0105.<\/p>\n<p>\u201eTik tiek tesugebat, bailiai? Kai bijai \u012f akis pasakyti. Kameras atsisuksiu, pasakysiu a\u0161\u201c, \u2013 teig\u0117 O. Pikul.<\/p>\n<p>Po kurio laiko \u0161io \u012fra\u0161o jos \u201eInstagram\u201c paskyroje nebeliko. Ta\u010diau \u0161e\u0161tadienio vakar\u0105 verslinink\u0117 prakalbo apie \u0161i\u0105 istorij\u0105 dar kart\u0105.\u00a0Ji pavie\u0161ino teritorij\u0105 stebin\u010di\u0173 vaizdo kamer\u0173 u\u017efiksuotus kadrus, kuriuose matyti, kas paliko \u0161i\u0105 g\u0117l\u0119.<\/p>\n<p>Vaizdo \u012fra\u0161e u\u017efiksuota pro salon\u0105 einanti moteris ir\u00a0tuomet prie O. Pikul salono dur\u0173 ji numeta balt\u0105 gvazdik\u0105.<\/p>\n<p>\u201e\u0160iandien man buvo pamesta g\u0117l\u0117. Kameros atsuktos \u2013 ragana pagauta. Video \u010dia. Kas atpa\u017e\u012fstat, dalinam\u0117s. Atsid\u0117kosiu\u201c, \u2013 prie \u0161alia salono dur\u0173 numesto gvazdiko nuotraukos ra\u0161\u0117 O. Pikul.<\/p>\n<p>Verslinink\u0117 taip pat kreip\u0117si \u012f savo sek\u0117jus, pra\u0161ydama j\u0173 patarimo.<\/p>\n<p>\u201eGal turite patarim\u0105, kaip tokioje situacijoje teisingai elgtis ir kaip reaguoti?\u201c \u2013 klaus\u0117 ji.<\/p>\n<p>V\u0117liau pavie\u0161intame vaizdo \u012fra\u0161e O. Pikul \u012f nutikim\u0105 pa\u017evelg\u0117 su \u0161ypsena ir pacitavo savo mam\u0105.<\/p>\n<p>\u201eMama sako: ne\u012fmanoma, ragan\u0173 raganos\u00a0nepaims. Pasi\u017ei\u016br\u0117kite \u012f mano akis. Ne\u012fmanoma raganos u\u017epulti. Tai va\u201c, \u2013 \u0161yptel\u0117jo ji.<\/p>\n","protected":false},"excerpt":{"rendered":"\u0160e\u0161tadien\u012f verslinink\u0117s d\u0117mes\u012f patrauk\u0117 prie jos gro\u017eio salono dur\u0173 paliktas baltas gvazdikas. Ne\u012fprast\u0105 radin\u012f O. Pikul u\u017efiksavo ir&hellip;\n","protected":false},"author":2,"featured_media":270037,"comment_status":"","ping_status":"","sticky":false,"template":"","format":"standard","meta":{"footnotes":"","_share_on_mastodon":"0"},"categories":[21],"tags":[113,37,39,36,38,40,114],"class_list":["post-270036","post","type-post","status-publish","format-standard","has-post-thumbnail","category-pramogos","tag-entertainment","tag-lietuva","tag-lietuviu","tag-lithuania","tag-lithuanian","tag-lt","tag-pramogos"],"share_on_mastodon":{"url":"https:\/\/pubeurope.com\/@lt\/117220163067325704","error":""},"_links":{"self":[{"href":"https:\/\/www.europesays.com\/lt\/wp-json\/wp\/v2\/posts\/270036","targetHints":{"allow":["GET"]}}],"collection":[{"href":"https:\/\/www.europesays.com\/lt\/wp-json\/wp\/v2\/posts"}],"about":[{"href":"https:\/\/www.europesays.com\/lt\/wp-json\/wp\/v2\/types\/post"}],"author":[{"embeddable":true,"href":"https:\/\/www.europesays.com\/lt\/wp-json\/wp\/v2\/users\/2"}],"replies":[{"embeddable":true,"href":"https:\/\/www.europesays.com\/lt\/wp-json\/wp\/v2\/comments?post=270036"}],"version-history":[{"count":0,"href":"https:\/\/www.europesays.com\/lt\/wp-json\/wp\/v2\/posts\/270036\/revisions"}],"wp:featuredmedia":[{"embeddable":true,"href":"https:\/\/www.europesays.com\/lt\/wp-json\/wp\/v2\/media\/270037"}],"wp:attachment":[{"href":"https:\/\/www.europesays.com\/lt\/wp-json\/wp\/v2\/media?parent=270036"}],"wp:term":[{"taxonomy":"category","embeddable":true,"href":"https:\/\/www.europesays.com\/lt\/wp-json\/wp\/v2\/categories?post=270036"},{"taxonomy":"post_tag","embeddable":true,"href":"https:\/\/www.europesays.com\/lt\/wp-json\/wp\/v2\/tags?post=270036"}],"curies":[{"name":"wp","href":"https:\/\/api.w.org\/{rel}","templated":true}]}}