{"id":270042,"date":"2026-09-05T20:06:40","date_gmt":"2026-09-05T20:06:40","guid":{"rendered":"https:\/\/www.europesays.com\/lt\/270042\/"},"modified":"2026-09-05T20:06:40","modified_gmt":"2026-09-05T20:06:40","slug":"to-nezinojo-niekas-patycias-patyrusi-keite-arai-atskleide-tikraji-savo-varda-ir-kodel-jo-atsisake","status":"publish","type":"post","link":"https:\/\/www.europesays.com\/lt\/270042\/","title":{"rendered":"To ne\u017einojo niekas: paty\u010dias patyrusi Keit\u0117 Arai atskleid\u0117 tikr\u0105j\u012f savo vard\u0105 ir kod\u0117l jo atsisak\u0117"},"content":{"rendered":"\n<p>\u201eIki a\u0161tuntos klas\u0117s mano vardas nebuvo Keite. Mano pirmas tikras vardas yra Grace, o antras \u2013 Kay\u201c, \u2013 atskleis ji. Grace vien\u0105 dien\u0105 tapo Keite ne d\u0117l sceninio \u012fvaizd\u017eio ar karjeros televizijoje. U\u017e \u0161io sprendimo slypi kur kas skaudesn\u0117 paauglyst\u0117s istorija.<\/p>\n<p>Jau \u0161iandien, \u0161e\u0161tadien\u012f, Keit\u0117\u00a0Arai gal\u0117site i\u0161vysti laidoje \u201egalvOK\u201c kartu su \u201eBe Tabu\u201c partneriu Tomu\u00a0per TV3 \u2013 19:30 val.,\u00a0 o rytoj, sekmadien\u012f, 10 val. laidoje \u201ePasaulis pagal moteris\u201c i\u0161girsite itin atvir\u0105 jos interviu.<\/p>\n<p>     Mokykloje buvo nuolat kritikuojama <\/p>\n<p>JAV, Sietle, lietuv\u0117s mamos ir japono t\u0117\u010dio \u0161eimoje gimusi Keite vaikyst\u0117je persik\u0117l\u0117 gyventi \u012f Lietuv\u0105. Mokykloje jos i\u0161vaizda neliko nepasteb\u0117ta bei nuolat kritikuojama \u2013 moteris prisimena buvusi vienintelis tamsesnio gymio vaikas tarp keli\u0173 \u0161imt\u0173 mokini\u0173. \u201eVisoje mokykloje tamsesnio gymio vaikas buvau tik a\u0161. O yra 200, 300, 400 mokini\u0173. Tai n\u0117ra sunku pasteb\u0117ti, kad \u010dia viena yra tokia balta varna\u201c, \u2013 pasakos ji.<\/p>\n<p>Be to, Keite nuo ma\u017eens nebuvo linkusi sl\u0117ptis minioje. Ji nor\u0117jo lipti \u012f scen\u0105, koncertuoti, rodyti savo talent\u0105, o tai tapdavo dar viena prie\u017eastimi sulaukti neigiam\u0173 \u012f\u017evalg\u0173. \u201eTekdavo atsik\u0105sti visoki\u0173 komentar\u0173 ir visoki\u0173 i\u0161gyvenim\u0173, ne itin maloni\u0173. Buvo \u017eiauru, bet a\u0161 i\u0161gyvenau. Esu \u010dia\u201c, \u2013 atvirai kalb\u0117s laidos ,,Pasaulis pagal moteris\u201c pa\u0161nekov\u0117.<\/p>\n<p>Paty\u010dios ilgainiui paveik\u0117 net jos santyk\u012f su savo vardu. Pereidama \u012f kit\u0105 mokykl\u0105 ji nusprend\u0117, kad kartu nori palikti ir dal\u012f ankstesnio gyvenimo. \u201eBuvau tiek prikaupusi skausmo. B\u016bdavo: \u201eGrace tu tokia, Grace tu anokia.\u201c Man buvo tokios blogos asociacijos su tuo vardu, kad a\u0161 j\u012f pakei\u010diau\u201c, \u2013 paai\u0161kins ,,Be tabu\u201c laidos ved\u0117ja.<\/p>\n<p>Taip Grace Kay Arai tapo Keite Arai. Nauju vardu ji prad\u0117jo prisistatyti aplinkiniams, o ilgainiui b\u016btent taip j\u0105 pa\u017eino ir televizijos \u017ei\u016brovai. Vis d\u0117lto, \u0161iandien nuo savo tikrojo vardo ji nebeb\u0117ga. \u201eDabar man Grace vardas yra \u017eiauriai prie \u0161irdies\u201c, \u2013 prisipa\u017eins Keite.<\/p>\n<p>     <a href=\"https:\/\/www.tv3.lt\/Uploads\/UGallery\/photos\/ab\/c8\/64\/a3\/abc864a3a8957f0deefb3802eb22a018.jpg\" data-fancybox=\"photos-embed\" data-caption=\"\u201ePasaulis pagal moteris\u201c, Kristina Rimien\u0117 ir Keit\u0117 Arai(nuotr. prane\u0161imo spaudai) \" target=\"_self\" rel=\"nofollow noopener\"> <img decoding=\"async\" class=\"photo-inside-article\" align=\"center\" alt=\"\u201ePasaulis pagal moteris\u201c, Kristina Rimien\u0117 ir Keit\u0117 Arai(nuotr. prane\u0161imo spaudai) \" title=\"\u201ePasaulis pagal moteris\u201c, Kristina Rimien\u0117 ir Keit\u0117 Arai(nuotr. prane\u0161imo spaudai) \" src=\"https:\/\/www.europesays.com\/lt\/wp-content\/uploads\/2026\/09\/abc864a3a8957f0deefb3802eb22a018.jpg\" width=\"684\" height=\"654\" loading=\"lazy\" \/> <\/a>       Prad\u0117jo psichoterapij\u0105 <\/p>\n<p>Keite nesl\u0117ps, kad ilg\u0105 laik\u0105 save \u012ftikin\u0117jo esanti kur kas stipresn\u0117 ir labiau savimi pasitikinti, nei jaut\u0117si i\u0161 ties\u0173. Prie\u0161 dvejus metus prad\u0117jusi psichoterapij\u0105 ji \u0117m\u0117 kitaip vertinti ir vaikyst\u0117je patirtas paty\u010dias. \u201ePrad\u0117jau dirbti su savimi ir supratau, kad a\u0161 nepasitikiu savimi. Yra moment\u0173, kur save taip \u012ftikinu, kokia a\u0161 dr\u0105si, bet taip n\u0117ra. Dabar a\u0161 pradedu myl\u0117ti save\u201c, \u2013 pasakos ji.<\/p>\n<p>Perlipus per vaikyst\u0117s nuoskaudas \u0161iandien Keite \u0161vyti. Beje, jos gyvenime pastaruoju metu netr\u016bksta itin d\u017eiugi\u0173 akimirk\u0173: jos laukia vestuv\u0117s. O ir pati su\u017ead\u0117tuvi\u0173 istorija, pasirodo, nebuvo visai \u012fprasta. \u201eJis du kartus man pasipir\u0161o\u201c, \u2013 juoksis Keit\u0117.<\/p>\n<p>Pirm\u0105 kart\u0105 su\u017ead\u0117tinis Armen Sargisian priklaup\u0117 prie\u0161 pat \u012fsimyl\u0117j\u0117li\u0173 kelion\u0119 \u012f jo gimt\u0105j\u0105 \u0161al\u012f Armenij\u0105, kai iki skryd\u017eio buvo likusios vos kelios valandos. Porai buvo svarbu, kad \u0161ia ypatinga akimirka gal\u0117t\u0173 pasidalyti ir su \u0161eima, tod\u0117l su\u017ead\u0117tuv\u0117s tur\u0117jo ir antr\u0105 dal\u012f.<\/p>\n<p>Keit\u0117s mylimasis Armen \u2013 arm\u0117nas, ta\u010diau nuo septyneri\u0173 ar a\u0161tuoneri\u0173 met\u0173 augo <a href=\"https:\/\/www.tv3.lt\/rubrika\/naujienos\/lietuva\" target=\"_blank\" class=\"phrase\" rel=\"nofollow noopener\">Lietuvoje<\/a>. Keit\u0117 juokiasi, kad arm\u0117ni\u0161kas temperamentas niekur nedingo. \u201eJo mentalitetas, jo b\u016bdas, temperamentas, man atrodo, yra absoliu\u010diai arm\u0117ni\u0161kas. Kai a\u0161 dabar jau Arm\u0117nijoje pabuvau, man lengviau vertinti tam tikrus jo bruo\u017eus\u201c, \u2013 pasakos ji.<\/p>\n<p>O kiek pa\u010dioje Keit\u0117je lik\u0119 japoni\u0161k\u0173 \u0161akn\u0173? \u201eGal vienintelis momentas, kuris atspindi t\u0105 stereotipin\u012f japon\u0105: esu labai atsakingas \u017emogus. Jeigu pasakau, kad ka\u017ek\u0105 padarysiu, ar ka\u017ekur v\u0117luoju, mane tai tikrai labai neramina i\u0161 vidaus\u201c, \u2013 \u0161ypsosis ji.<\/p>\n<p>\u0160iandien Keit\u0119 \u017ei\u016brovai da\u017enai mato televizijos ekrane, ta\u010diau jos kelias \u010dia prasid\u0117jo visi\u0161kai spontani\u0161kai. B\u016bdama vos devyniolikos ji k\u016br\u0117 muzik\u0105 ir koncertavo, o po vieno epizodi\u0161ko pasirodymo TV laidoje buvo pasteb\u0117ta televizijos atstov\u0173. Sulaukusi klausimo, ar nor\u0117t\u0173 dirbti televizijoje, Keit\u0117 n\u0117 ne\u012fsivaizdavo, kad jai gal\u0117t\u0173 b\u016bti si\u016bloma vieta prie\u0161 kamer\u0105.<\/p>\n<p>\u201eA\u0161 galvojau \u2013 aha, gal laidus ne\u0161iosiu ar ten kav\u0105 koki\u0105. Man 19, a\u0161 mergait\u0117, a\u0161 nieko nemoku, a\u0161 nieko ne\u017einau\u201c, \u2013 prisimins ji. Ta\u010diau prodiuseris Saulius Bartkus nusprend\u0117 surizikuoti. \u201eSaulius yra tikrai dr\u0105sus vyras, kad mane pa\u0117m\u0117\u201c, \u2013 juoksis Keit\u0117.<\/p>\n<p>     <a href=\"https:\/\/www.tv3.lt\/Uploads\/UGallery\/photos\/e3\/da\/a7\/a4\/e3daa7a4ddede75544822bd6ec607fe4.jpg\" data-fancybox=\"photos-embed\" data-caption=\"Keit\u0117 Arai su mylimuoju Armenu ir Tomu Ali\u0161ausku (nuotr. asm. archyvo, V. Juzel\u0117no)\" target=\"_self\" rel=\"nofollow noopener\"> <img decoding=\"async\" class=\"photo-inside-article\" align=\"center\" alt=\"Keit\u0117 Arai su mylimuoju Armenu ir Tomu Ali\u0161ausku (nuotr. asm. archyvo, V. Juzel\u0117no)\" title=\"Keit\u0117 Arai su mylimuoju Armenu ir Tomu Ali\u0161ausku (nuotr. asm. archyvo, V. Juzel\u0117no)\" src=\"https:\/\/www.europesays.com\/lt\/wp-content\/uploads\/2026\/09\/e3daa7a4ddede75544822bd6ec607fe4.jpg\" width=\"684\" height=\"654\" loading=\"lazy\" \/> <\/a>       Didel\u0117 gyvenimo dalis \u2013 <a href=\"https:\/\/www.tv3.lt\/gaires\/televizija\" target=\"_blank\" rel=\"nofollow noopener\">televizija<\/a> <\/p>\n<p>Televizija \u0161iandien u\u017eima didel\u0119 jos gyvenimo dal\u012f, ta\u010diau muzika niekur nedingo. Keit\u0117 pasidalins, jog muzikalum\u0105 grei\u010diausiai paveld\u0117jo i\u0161 abiej\u0173 t\u0117v\u0173 \u2013 mama turi ger\u0105 klaus\u0105, o t\u0117tis nuostabiai dainavo ir buvo suk\u016br\u0119s savo grup\u0119. \u201eMano mama \u0161iaip labai muzikali, labai ger\u0105 klaus\u0105 turi, o mano t\u0117tis vokal\u0105 turi. Tai viskas, manau, 50 ir 50 gavosi\u201c, \u2013 juoksis ji.<\/p>\n<p>Pandemijos metu autorin\u0117s k\u016brybos etapas sustojo, ta\u010diau v\u0117liau muzika pati Keit\u0119 susirado, nes ji sulauk\u0117 kvietimo prisijungti prie \u201eMidnight Jams\u201c komandos ir v\u0117l gr\u012f\u017eo dainuoti, tik \u0161\u012fkart jau su gyva grupe.<\/p>\n<p>Nors \u0161iandien prie\u0161 kameras matome dr\u0105si\u0105, ry\u0161ki\u0105 ir atvirai besi\u0161ypsan\u010di\u0105 bei juokaujan\u010di\u0105 Keit\u0119, pokalbyje su laidos k\u016br\u0117ja Kristina Rimiene atsivers ir kita jos pus\u0117. Ji kalb\u0117s apie nepasitik\u0117jim\u0105 savimi, perfekcionizm\u0105 ir jautrum\u0105, kur\u012f ilg\u0105 laik\u0105 band\u0117 pasl\u0117pti. \u201eDabar pagaliau i\u0161sikrap\u0161tau savo t\u0105 jautri\u0105 pus\u0119 ir toki\u0105 paprast\u0105\u201c, \u2013 prisipa\u017eins Keit\u0117.<\/p>\n<p>Galb\u016bt tod\u0117l jos istorijoje telpa dvi i\u0161 pirmo \u017evilgsnio labai skirtingos merginos: Grace, kuri kadaise d\u0117l skaud\u017ei\u0173 prisiminim\u0173 nebenor\u0117jo gird\u0117ti savo vardo, ir Keit\u0117, kuri \u0161iandien sako pagaliau pradedanti save priimti.<\/p>\n<p>Kristinos Rimien\u0117s laidoje \u201ePasaulis pagal moteris\u201c \u017ei\u016brovai taip pat i\u0161girs netik\u0117t\u0105 Keit\u0117s \u0161eimos istorij\u0105. Ji papasakos, kaip jos mama, nemok\u0117dama japon\u0173 kalbos, viena i\u0161vyko dirbti \u012f Japonij\u0105, kur ir sutiko b\u016bsim\u0105 Keit\u0117s t\u0117t\u012f. Pokalbyje netr\u016bks ir televizijos u\u017ekulisi\u0173: apie pirmuosius Keit\u0117s \u017eingsnius prie\u0161 kameras prabils j\u0105 \u012f televizij\u0105 pakviet\u0119s prodiuseris Saulius Bartkus, kuris anuomet nusprend\u0117 suteikti \u0161ans\u0105 vos devyniolikmetei, jokios televizijos patirties netur\u0117jusiai merginai. O k\u0105 jis joje pamat\u0117 dar tada ir kod\u0117l nusprend\u0117 surizikuoti, \u017ei\u016brovai su\u017einos jau laidoje.<\/p>\n<p>        <a href=\"https:\/\/www.tv3.lt\/Uploads\/UGallery\/photos\/5d\/c7\/68\/06\/5dc76806dc415d7c31aa0cc2450a734e.jpg\" data-fancybox=\"photos-embed\" data-caption=\"\u201ePasaulis pagal moteris\u201c, Kristina Rimien\u0117 ir Keit\u0117 Arai(nuotr. prane\u0161imo spaudai) \" target=\"_self\" rel=\"nofollow noopener\"> <img decoding=\"async\" class=\"photo-inside-article\" align=\"center\" alt=\"\u201ePasaulis pagal moteris\u201c, Kristina Rimien\u0117 ir Keit\u0117 Arai(nuotr. prane\u0161imo spaudai) \" title=\"\u201ePasaulis pagal moteris\u201c, Kristina Rimien\u0117 ir Keit\u0117 Arai(nuotr. prane\u0161imo spaudai) \" src=\"https:\/\/www.europesays.com\/lt\/wp-content\/uploads\/2026\/09\/5dc76806dc415d7c31aa0cc2450a734e.jpg\" width=\"684\" height=\"654\" loading=\"lazy\" \/> <\/a>       Floristinis desertas \u2013 Ro\u017ei\u0173 festivalis, kurio nesustabd\u0117 net ir nesibaigiantis lietus <\/p>\n<p>Floristiniame deserte Kristina Rimien\u0117 \u0161\u012fkart \u017ei\u016brovus nukels \u012f Pae\u017eeri\u0173 dvare Vilkavi\u0161kio rajone vykus\u012f jau tre\u010di\u0105j\u012f tarptautin\u012f Ro\u017ei\u0173 festival\u012f, \u012f kur\u012f susirinko floristai ne tik i\u0161 Lietuvos, bet ir i\u0161 skirting\u0173 pasaulio kampeli\u0173. Nors festivalio dienomis lietus lauke g\u0117li\u0173 instaliacijas \u012frengin\u0117jan\u010di\u0173 florist\u0173 nepagail\u0117jo, k\u016br\u0117j\u0173 jis nesustabd\u0117. Vis d\u0117lto, kai kuriems teko keisti savo sumanymus, o kiti kelias dienas dirbo \u012fbrid\u0119 vandenyje iki keli\u0173.<\/p>\n<p>Savo k\u016brin\u012f festivalyje pristat\u0117 ir Kristina Rimien\u0117. Jos \u201eRo\u017ei\u0173 laikrodis\u201c primin\u0117 mil\u017eini\u0161k\u0105 sm\u0117lio laikrod\u012f, tik vietoje sm\u0117lio jame puikavosi ro\u017e\u0117s. \u201eVir\u0161utin\u0117 instaliacijos dalis rodo, kiek mums dar laiko liko. Apie j\u012f mes m\u0105stome ir tikime, kad jis bus pats gra\u017eiausias, pats geriausias. D\u0117l to ro\u017e\u0117s labai \u0161viesios, jos simbolizuoja labai \u0161viesius ateities l\u016bkes\u010dius\u201c, \u2013 k\u016brinio id\u0117j\u0105 ai\u0161kins Kristina.<\/p>\n<p>Apatin\u0117 laikrod\u017eio dalis simbolizuos jau nugyvent\u0105 laik\u0105 ir jo paliktas patirtis. \u201eGyvenimas mums atne\u0161a \u012fvairiausi\u0173 i\u0161bandym\u0173: ne tik ger\u0173, \u0161viesi\u0173, ta\u010diau kartais skausming\u0173, kartais praradim\u0173\u201c, \u2013 sakys ji.<\/p>\n<p>Lietus rimtu i\u0161bandymu tapo ir festivalio sve\u010diams. I\u0161 Meksikos atvykusi Elvia Carrasco d\u0117l oro s\u0105lyg\u0173 negal\u0117jo \u012fgyvendinti pirmin\u0117s savo k\u016brinio id\u0117jos, tod\u0117l plan\u0105 teko keisti jau vietoje. Tuo metu Marion Benz instaliacij\u0105 k\u016br\u0117 vandenyje: florist\u0117 net tris dienas darbavosi su \u017evejybin\u0117mis keln\u0117mis, o vis\u0105 proces\u0105 lyd\u0117jo nesiliaujantis lietus.<\/p>\n<p>Belg\u0117 Regine Motmans savo k\u016brin\u012f \u012fkurdino po med\u017eiu, \u0161alia po juo \u012frengto suolelio, siekdama lankytojams sukurti jauki\u0105 sodo erdv\u0119.<\/p>\n<p>     <a href=\"https:\/\/www.tv3.lt\/Uploads\/UGallery\/photos\/ca\/23\/99\/7d\/ca23997d80ae9c8d424968e966c73686.jpg\" data-fancybox=\"photos-embed\" data-caption=\"\u201ePasaulis pagal moteris\u201c (nuotr. prane\u0161imo spaudai) \" target=\"_self\" rel=\"nofollow noopener\"> <img decoding=\"async\" class=\"photo-inside-article\" align=\"center\" alt=\"\u201ePasaulis pagal moteris\u201c (nuotr. prane\u0161imo spaudai) \" title=\"\u201ePasaulis pagal moteris\u201c (nuotr. prane\u0161imo spaudai) \" src=\"https:\/\/www.europesays.com\/lt\/wp-content\/uploads\/2026\/09\/ca23997d80ae9c8d424968e966c73686.jpg\" width=\"684\" height=\"654\" loading=\"lazy\" \/> <\/a>       <\/p>\n<p>I\u0161 Singap\u016bro atvyk\u0119s Harijanto Setiawan pristat\u0117 minimalistin\u012f darb\u0105 \u201e\u0160okis debesyse\u201c. \u201e\u0160is festivalis skirtas \u0161v\u0119sti, dalytis \u017einiomis, i\u0161reik\u0161ti meil\u0119 gamtai ir g\u0117l\u0117ms. Mano k\u016brinio id\u0117ja \u2013 tai lyg \u0161okis debesyse\u201c, \u2013 pasakos floristas. Ro\u017ees jis pasirinko kaip duokl\u0119 pa\u010diam Ro\u017ei\u0173 festivaliui, o erdvines formas \u2013 nor\u0117damas atskleisti savo asmenin\u012f stili\u0173.<\/p>\n<p>Izraeliet\u0117s Orit Hertz k\u016brinio pagrindine tema tapo perspektyva. Jos kompozicija sukurta taip, kad \u012f j\u0105 b\u016bt\u0173 galima \u017evelgti i\u0161 skirting\u0173 pusi\u0173 \u2013 tarsi \u012f gyvenimo situacijas, kurios gali atrodyti visi\u0161kai kitaip, priklausomai nuo m\u016bs\u0173 pasirinkto po\u017ei\u016brio.<\/p>\n<p>Pae\u017eeri\u0173 dvaro direktor\u0117 Odeta Riklien\u0117 d\u017eiaugiasi, kad vis didesn\u012f mast\u0105 \u012fgyjantis tarptautinis festivalis sutrauk\u0117 ir nema\u017e\u0105 vietos florist\u0173 b\u016br\u012f.<\/p>\n<p>Net pliaupiantis lietus nesugadino festivalio finalo. Dvylika vietos mergin\u0173 ir mergai\u010di\u0173 tapo modeliais bei pristat\u0117 florist\u0173 sukurtus galvos papuo\u0161alus ir puok\u0161tes. \u201eJos nepab\u016bgo to paties lietaus, to paties v\u0117jo ir atstov\u0117jo ant scenos, d\u017eiugindamos did\u017eiul\u0119 susirinkusi\u0105 auditorij\u0105\u201c, \u2013 d\u017eiaugsis ir Kristina.<\/p>\n<p>Laida \u201ePasaulis pagal moteris\u201c \u2013 sekmadieniais 10 val. per TV3.<\/p>\n","protected":false},"excerpt":{"rendered":"\u201eIki a\u0161tuntos klas\u0117s mano vardas nebuvo Keite. Mano pirmas tikras vardas yra Grace, o antras \u2013 Kay\u201c, \u2013&hellip;\n","protected":false},"author":2,"featured_media":270043,"comment_status":"","ping_status":"","sticky":false,"template":"","format":"standard","meta":{"footnotes":"","_share_on_mastodon":"0"},"categories":[21],"tags":[38948,57,43,113,55,48,54,51,49,50,37,39,36,38,40,45,23,44,114,53,42,56,47,41,46,58,52],"class_list":["post-270042","post","type-post","status-publish","format-standard","has-post-thumbnail","category-pramogos","tag-2026-09-05-160000","tag-daiktai","tag-dienos-kronika","tag-entertainment","tag-gatves-tekstai","tag-gyvenimas","tag-interneto-pievos","tag-keliones","tag-kultura","tag-laisvalaikis","tag-lietuva","tag-lietuviu","tag-lithuania","tag-lithuanian","tag-lt","tag-mokslas-ir-it","tag-naujienos","tag-pasaulis","tag-pramogos","tag-projektai","tag-rinktiniai-tekstai","tag-simtmecio-portalas","tag-sportas","tag-tv3-lt","tag-verslas","tag-video","tag-zaidimai"],"share_on_mastodon":{"url":"https:\/\/pubeurope.com\/@lt\/117220238256797021","error":""},"_links":{"self":[{"href":"https:\/\/www.europesays.com\/lt\/wp-json\/wp\/v2\/posts\/270042","targetHints":{"allow":["GET"]}}],"collection":[{"href":"https:\/\/www.europesays.com\/lt\/wp-json\/wp\/v2\/posts"}],"about":[{"href":"https:\/\/www.europesays.com\/lt\/wp-json\/wp\/v2\/types\/post"}],"author":[{"embeddable":true,"href":"https:\/\/www.europesays.com\/lt\/wp-json\/wp\/v2\/users\/2"}],"replies":[{"embeddable":true,"href":"https:\/\/www.europesays.com\/lt\/wp-json\/wp\/v2\/comments?post=270042"}],"version-history":[{"count":0,"href":"https:\/\/www.europesays.com\/lt\/wp-json\/wp\/v2\/posts\/270042\/revisions"}],"wp:featuredmedia":[{"embeddable":true,"href":"https:\/\/www.europesays.com\/lt\/wp-json\/wp\/v2\/media\/270043"}],"wp:attachment":[{"href":"https:\/\/www.europesays.com\/lt\/wp-json\/wp\/v2\/media?parent=270042"}],"wp:term":[{"taxonomy":"category","embeddable":true,"href":"https:\/\/www.europesays.com\/lt\/wp-json\/wp\/v2\/categories?post=270042"},{"taxonomy":"post_tag","embeddable":true,"href":"https:\/\/www.europesays.com\/lt\/wp-json\/wp\/v2\/tags?post=270042"}],"curies":[{"name":"wp","href":"https:\/\/api.w.org\/{rel}","templated":true}]}}