{"id":270052,"date":"2026-09-05T21:01:16","date_gmt":"2026-09-05T21:01:16","guid":{"rendered":"https:\/\/www.europesays.com\/lt\/270052\/"},"modified":"2026-09-05T21:01:16","modified_gmt":"2026-09-05T21:01:16","slug":"vokietijoje-netoli-dvieju-elektros-pastociu-rasta-sprogmenu","status":"publish","type":"post","link":"https:\/\/www.europesays.com\/lt\/270052\/","title":{"rendered":"Vokietijoje netoli dviej\u0173 elektros pasto\u010di\u0173 rasta sprogmen\u0173"},"content":{"rendered":"<p>Vokietij\u0105 \u0161i\u0105 savait\u0119 sukr\u0117t\u0117 i\u0161puoliai prie\u0161 elektros pastotes visoje \u0161alyje, kuriais, regis, buvo siekta nutraukti elektros tiekim\u0105 i\u0161 anglimis k\u016brenam\u0173 elektrini\u0173 ir sukelti pla\u010dius elektros tiekimo sutrikimus.<\/p>\n<p>Pareig\u016bnai penktadien\u012f parei\u0161k\u0117, kad tie i\u0161puoliai grei\u010diausiai buvo \u201eklimato ekstremizmo\u201c atvejis.<\/p>\n<p>Apie tai buvo prane\u0161ta po to, kai 48-eri\u0173 met\u0173 vyras, kur\u012f Vokietijos \u017einiasklaida \u012fvardijo kaip Daniel\u012f V., i\u0161siunt\u0117 lai\u0161kus, kuriuose prisi\u0117m\u0117 atsakomyb\u0119 u\u017e \u0161iuos veiksmus, o \u0161io aktyvisto bute atlikus krat\u0105 buvo rasta, kaip \u012ftariama, sprogstam\u0173j\u0173 med\u017eiag\u0173.<\/p>\n<p>\u0160e\u0161tadien\u012f regionin\u0117s vald\u017eios institucijos prane\u0161\u0117, kad, \u201egavus pilie\u010dio prane\u0161im\u0105, penktadien\u012f netoli auk\u0161tos \u012ftampos linij\u0173, esan\u010di\u0173 \u0161alia Bervald\u0117s (netoli Bauceno) ir Grausteino (netoli Gerlico) elektros pasto\u010di\u0173, buvo aptikta 12 savadarbi\u0173 sprogstam\u0173j\u0173 \u012ftais\u0173\u201c.<\/p>\n<p>Specialieji policijos b\u016briai neutralizavo \u0161iuos \u012frenginius, o operacijos metu buvo trumpam atjungtos aplinkin\u0117s elektros linijos, prane\u0161\u0117 policija.<\/p>\n<p>Pareig\u016bnai nurod\u0117, kad tiria \u201egalim\u0105 ry\u0161\u012f\u201c su kitais incidentais elektros pastot\u0117se.<\/p>\n<p>Laikra\u0161tis \u201eBild\u201c penktadien\u012f prane\u0161\u0117, kad ginkluota elitin\u0117 policijos komanda \u0160iaur\u0117s Reino-Vestfalijos \u017eem\u0117je esan\u010diame Hambacho mi\u0161ke \u0161turmavo sunkve\u017eim\u012f, kuris, kaip \u012ftariama, priklauso min\u0117tam aktyvistui, ta\u010diau jo sulaikyti nepavyko.<\/p>\n<p>\u0160i vietov\u0117 yra labai simboli\u0161ka Vokietijos klimato jud\u0117jimui. Aktyvistai daugel\u012f met\u0173 protestavo prie\u0161 planus i\u0161kirsti didelius mi\u0161ko plotus, siekiant i\u0161pl\u0117sti netoliese esan\u010di\u0105 atvir\u0105 Hambacho lignito kasykl\u0105.<\/p>\n<p>Vokietija pastaruoju metu susid\u016br\u0117 su virtine i\u0161puoli\u0173 prie\u0161 elektros tinkl\u0105. Kai kuriais atvejais atsakomyb\u0119 u\u017e juos prisi\u0117m\u0117 kra\u0161tutini\u0173 kairi\u0173j\u0173 pa\u017ei\u016br\u0173 aktyvistai.<\/p>\n<p>Rim\u010diausias i\u0161puolis \u012fvyko sausio m\u0117nes\u012f Berlyne \u2013 d\u0117l jo de\u0161imtys t\u016bkstan\u010di\u0173 nam\u0173 \u016bki\u0173 ir t\u016bkstan\u010diai \u012fmoni\u0173 vidury \u017eiemos beveik savait\u0119 liko be elektros.<\/p>\n","protected":false},"excerpt":{"rendered":"Vokietij\u0105 \u0161i\u0105 savait\u0119 sukr\u0117t\u0117 i\u0161puoliai prie\u0161 elektros pastotes visoje \u0161alyje, kuriais, regis, buvo siekta nutraukti elektros tiekim\u0105 i\u0161&hellip;\n","protected":false},"author":2,"featured_media":270053,"comment_status":"","ping_status":"","sticky":false,"template":"","format":"standard","meta":{"footnotes":"","_share_on_mastodon":"0"},"categories":[15],"tags":[25,30,31,34,35,24,32,33,37,39,36,38,40,23,22,44,28,29,26,27,74,75,76],"class_list":["post-270052","post","type-post","status-publish","format-standard","has-post-thumbnail","category-pasaulis","tag-antrastes","tag-breaking-news","tag-breakingnews","tag-featured-news","tag-featurednews","tag-headlines","tag-latest-news","tag-latestnews","tag-lietuva","tag-lietuviu","tag-lithuania","tag-lithuanian","tag-lt","tag-naujienos","tag-news","tag-pasaulis","tag-populiariausios-naujienos","tag-populiariausiosnaujienos","tag-top-stories","tag-topstories","tag-world","tag-world-news","tag-worldnews"],"share_on_mastodon":{"url":"https:\/\/pubeurope.com\/@lt\/117220454100902409","error":""},"_links":{"self":[{"href":"https:\/\/www.europesays.com\/lt\/wp-json\/wp\/v2\/posts\/270052","targetHints":{"allow":["GET"]}}],"collection":[{"href":"https:\/\/www.europesays.com\/lt\/wp-json\/wp\/v2\/posts"}],"about":[{"href":"https:\/\/www.europesays.com\/lt\/wp-json\/wp\/v2\/types\/post"}],"author":[{"embeddable":true,"href":"https:\/\/www.europesays.com\/lt\/wp-json\/wp\/v2\/users\/2"}],"replies":[{"embeddable":true,"href":"https:\/\/www.europesays.com\/lt\/wp-json\/wp\/v2\/comments?post=270052"}],"version-history":[{"count":0,"href":"https:\/\/www.europesays.com\/lt\/wp-json\/wp\/v2\/posts\/270052\/revisions"}],"wp:featuredmedia":[{"embeddable":true,"href":"https:\/\/www.europesays.com\/lt\/wp-json\/wp\/v2\/media\/270053"}],"wp:attachment":[{"href":"https:\/\/www.europesays.com\/lt\/wp-json\/wp\/v2\/media?parent=270052"}],"wp:term":[{"taxonomy":"category","embeddable":true,"href":"https:\/\/www.europesays.com\/lt\/wp-json\/wp\/v2\/categories?post=270052"},{"taxonomy":"post_tag","embeddable":true,"href":"https:\/\/www.europesays.com\/lt\/wp-json\/wp\/v2\/tags?post=270052"}],"curies":[{"name":"wp","href":"https:\/\/api.w.org\/{rel}","templated":true}]}}