{"id":270054,"date":"2026-09-05T21:15:10","date_gmt":"2026-09-05T21:15:10","guid":{"rendered":"https:\/\/www.europesays.com\/lt\/270054\/"},"modified":"2026-09-05T21:15:10","modified_gmt":"2026-09-05T21:15:10","slug":"ekstremistine-afd-partija-arteja-prie-istorinio-proverzio-vokietijoje-lemtinga-diena","status":"publish","type":"post","link":"https:\/\/www.europesays.com\/lt\/270054\/","title":{"rendered":"Ekstremistin\u0117 \u201eAfD\u201c partija art\u0117ja prie istorinio prover\u017eio: Vokietijoje \u2013 lemtinga diena"},"content":{"rendered":"<p>Rinkim\u0173 i\u0161vakar\u0117se partija \u201eAlternatyva Vokietijai\u201c (AfD) lenkia savo konkurentus \u2013 naujausios apklausos prognozuoja, kad ji surinks 42-43 proc. bals\u0173, t.y. 20 procentini\u0173 punkt\u0173 daugiau nei artimiausi konkurentai.<\/p>\n<p>Nors absoliuti dauguma Saksonijos-Anhalto parlamente dar n\u0117ra garantuota, ruo\u0161damasi galimam vyriausyb\u0117s formavimo procesui, \u201eAfD\u201c i\u0161d\u0117st\u0117, k\u0105 nor\u0117t\u0173 nuveikti pasinaudodama \u012fgyta \u012ftaka.<\/p>\n<p>Kalbama ne tik apie migracij\u0105, energetik\u0105, santykius su Rusija ar pagalb\u0105 Ukrainai. Radikaliausi \u201eAfD\u201c politikai nori pakeisti tai, kaip vokie\u010diai suvokia save, savo istorij\u0105 ir tautin\u0119 tapatyb\u0119.<\/p>\n","protected":false},"excerpt":{"rendered":"Rinkim\u0173 i\u0161vakar\u0117se partija \u201eAlternatyva Vokietijai\u201c (AfD) lenkia savo konkurentus \u2013 naujausios apklausos prognozuoja, kad ji surinks 42-43 proc.&hellip;\n","protected":false},"author":2,"featured_media":270055,"comment_status":"","ping_status":"","sticky":false,"template":"","format":"standard","meta":{"footnotes":"","_share_on_mastodon":"0"},"categories":[15],"tags":[25,30,31,34,35,24,32,33,37,39,36,38,40,23,22,44,28,29,26,27,74,75,76],"class_list":["post-270054","post","type-post","status-publish","format-standard","has-post-thumbnail","category-pasaulis","tag-antrastes","tag-breaking-news","tag-breakingnews","tag-featured-news","tag-featurednews","tag-headlines","tag-latest-news","tag-latestnews","tag-lietuva","tag-lietuviu","tag-lithuania","tag-lithuanian","tag-lt","tag-naujienos","tag-news","tag-pasaulis","tag-populiariausios-naujienos","tag-populiariausiosnaujienos","tag-top-stories","tag-topstories","tag-world","tag-world-news","tag-worldnews"],"share_on_mastodon":{"url":"https:\/\/pubeurope.com\/@lt\/117220509329312598","error":""},"_links":{"self":[{"href":"https:\/\/www.europesays.com\/lt\/wp-json\/wp\/v2\/posts\/270054","targetHints":{"allow":["GET"]}}],"collection":[{"href":"https:\/\/www.europesays.com\/lt\/wp-json\/wp\/v2\/posts"}],"about":[{"href":"https:\/\/www.europesays.com\/lt\/wp-json\/wp\/v2\/types\/post"}],"author":[{"embeddable":true,"href":"https:\/\/www.europesays.com\/lt\/wp-json\/wp\/v2\/users\/2"}],"replies":[{"embeddable":true,"href":"https:\/\/www.europesays.com\/lt\/wp-json\/wp\/v2\/comments?post=270054"}],"version-history":[{"count":0,"href":"https:\/\/www.europesays.com\/lt\/wp-json\/wp\/v2\/posts\/270054\/revisions"}],"wp:featuredmedia":[{"embeddable":true,"href":"https:\/\/www.europesays.com\/lt\/wp-json\/wp\/v2\/media\/270055"}],"wp:attachment":[{"href":"https:\/\/www.europesays.com\/lt\/wp-json\/wp\/v2\/media?parent=270054"}],"wp:term":[{"taxonomy":"category","embeddable":true,"href":"https:\/\/www.europesays.com\/lt\/wp-json\/wp\/v2\/categories?post=270054"},{"taxonomy":"post_tag","embeddable":true,"href":"https:\/\/www.europesays.com\/lt\/wp-json\/wp\/v2\/tags?post=270054"}],"curies":[{"name":"wp","href":"https:\/\/api.w.org\/{rel}","templated":true}]}}