{"id":270058,"date":"2026-09-05T21:31:09","date_gmt":"2026-09-05T21:31:09","guid":{"rendered":"https:\/\/www.europesays.com\/lt\/270058\/"},"modified":"2026-09-05T21:31:09","modified_gmt":"2026-09-05T21:31:09","slug":"isigytas-automobilis-subyrejo-vos-pradejus-vaziuoti-i-klaipeda-pirmasis-teismo-sprendimas-pribloske","status":"publish","type":"post","link":"https:\/\/www.europesays.com\/lt\/270058\/","title":{"rendered":"\u012esigytas automobilis \u201esubyr\u0117jo\u201c vos prad\u0117jus va\u017eiuoti \u012f Klaip\u0117d\u0105: pirmasis teismo sprendimas priblo\u0161k\u0117"},"content":{"rendered":"\n<p style=\"text-align:justify\">\u0160i\u0105 byl\u0105 jau i\u0161nagrin\u0117jo dviej\u0173 instancij\u0173 teismai ir j\u0173 nuomon\u0117s i\u0161siskyr\u0117. Nors Kauno apylink\u0117s teismas moteriai buvo priteis\u0119s beveik 1,9 t\u016bkst. eur\u0173, Panev\u0117\u017eio apygardos teismas \u0161\u012f sprendim\u0105 panaikino ir byl\u0105 gr\u0105\u017eino nagrin\u0117ti i\u0161 naujo.<\/p>\n<p style=\"text-align:justify\">Pirk\u0117ja Olga (<a href=\"https:\/\/www.tv3.lt\/gaires\/vardai\" target=\"_blank\" class=\"phrase\" rel=\"nofollow noopener\">vardas<\/a> pakeistas \u2013 aut. past.) 2025 m. gegu\u017e\u0119 automobil\u012f nusipirko u\u017e 6,6 t\u016bkst. eur\u0173. Pirkimo sutartyje joki\u0173 jo tr\u016bkum\u0173 nebuvo \u012fra\u0161yta.<\/p>\n<p>     Signalas u\u017esideg\u0117 dar per ap\u017ei\u016br\u0105 <\/p>\n<p style=\"text-align:justify\">Gin\u010das kilo d\u0117l turbinos gedimo. Oficialus gamintojo atstovas apskai\u010diavo, kad remontas gal\u0117t\u0173 kainuoti 3 821 eur\u0105, ta\u010diau Olga automobil\u012f sutvark\u0117 kitame servise u\u017e 1 770 eur\u0173.<\/p>\n<p style=\"text-align:justify\">Moteris tvirtino, kad pardav\u0117jas Andrius (vardas pakeistas \u2013 aut. past.) apie gedim\u0105 \u017einojo, ta\u010diau j\u012f nusl\u0117p\u0117. Ji pra\u0161\u0117 automobilio kain\u0105 suma\u017einti remonto i\u0161laid\u0173 suma.<\/p>\n<p style=\"text-align:justify\">Kauno apylink\u0117s teismas nusprend\u0117, kad pardav\u0117jas tinkamai neatskleid\u0117 automobilio tr\u016bkum\u0173. Olgai buvo priteista 1 770 eur\u0173 u\u017e remont\u0105, 102 eurai u\u017e diagnostik\u0105 ir dalis bylin\u0117jimosi i\u0161laid\u0173.<\/p>\n<p>    Pardav\u0117jas kaltino pirk\u0117j\u0105 siekus pasipelnyti <\/p>\n<p style=\"text-align:justify\">Andrius su tokiu sprendimu nesutiko. Jis teig\u0117, kad pirk\u0117ja dar prie\u0161 sudarydama sandor\u012f mat\u0117 prietais\u0173 skydelyje u\u017esidegus\u012f gedimo signal\u0105 ir d\u0117l galimo remonto i\u0161sider\u0117jo 400 eur\u0173 nuolaid\u0105.<\/p>\n<p style=\"text-align:justify\">Pardav\u0117jas taip pat abejojo serviso dokumentais, darb\u0173 apimtimi bei kainomis. Anot jo, pirk\u0117ja m\u0117gino seno automobilio detales pakeisti naujomis ir remonto s\u0105skait\u0105 perkelti jam.<\/p>\n<p style=\"text-align:justify\">Olga atsikirto, kad gedimas buvo rimtas, o pigesn\u012f servis\u0105 pasirinko siekdama suma\u017einti nuostolius.<\/p>\n<p> Teismas rado esmin\u0119 procesin\u0119 klaid\u0105 <\/p>\n<p style=\"text-align:justify\">Panev\u0117\u017eio apygardos teismas nesprend\u0117, kuris i\u0161 j\u0173 teisus d\u0117l gedimo. Teis\u0117ja nustat\u0117, kad byla pirmojoje instancijoje buvo i\u0161nagrin\u0117ta pagal netinkamai suformuluot\u0105 reikalavim\u0105.<\/p>\n<p style=\"text-align:justify\">Olga pra\u0161\u0117 suma\u017einti automobilio kain\u0105, ta\u010diau savo reikalavim\u0105 grind\u0117 remonto i\u0161laidomis. Tokiu atveju teismas tur\u0117jo ai\u0161kintis, kiek gedim\u0105 turintis automobilis i\u0161 tikr\u0173j\u0173 buvo vertas pardavimo dien\u0105, ta\u010diau tai nebuvo padaryta.<\/p>\n<p style=\"text-align:justify\">Apeliacin\u0117s instancijos teismas nusprend\u0117, kad bylos esm\u0117 liko neatskleista, o pagal turimus \u012frodymus gin\u010do i\u0161spr\u0119sti i\u0161 karto ne\u012fmanoma.<\/p>\n<p style=\"text-align:justify\">Tod\u0117l Kauno apylink\u0117s teismo sprendimas buvo panaikintas, o byla d\u0117l galb\u016bt nusl\u0117pto \u201eMini Cooper Countryman\u201c gedimo perduota nagrin\u0117ti i\u0161 naujo.<\/p>\n<p style=\"text-align:justify\">Panev\u0117\u017eio apygardos teismo nutartis \u012fsiteis\u0117jo jos pri\u0117mimo dien\u0105.<\/p>\n<p>\n                                        \u0160altinis:<br \/>\n                                                                                    tv3.lt\n                                                                                <\/p>\n<p>Kvie\u010diame atrasti nauj\u0105 tv3.lt turin\u012f! Nuo \u0161iol portale j\u016bs\u0173 laukia ne tik <a href=\"https:\/\/www.tv3.lt\/testai\" rel=\"nofollow noopener\" target=\"_blank\">kasdien nauji testai<\/a>, bet ir <a href=\"https:\/\/www.tv3.lt\/kryziazodziai\" rel=\"nofollow noopener\" target=\"_blank\">kry\u017eia\u017eod\u017eiai <\/a>\u2013 i\u0161bandykite savo \u017einias, spr\u0119skite ir smagiai praleiskite laik\u0105. <\/p>\n","protected":false},"excerpt":{"rendered":"\u0160i\u0105 byl\u0105 jau i\u0161nagrin\u0117jo dviej\u0173 instancij\u0173 teismai ir j\u0173 nuomon\u0117s i\u0161siskyr\u0117. Nors Kauno apylink\u0117s teismas moteriai buvo priteis\u0119s&hellip;\n","protected":false},"author":2,"featured_media":270059,"comment_status":"","ping_status":"","sticky":false,"template":"","format":"standard","meta":{"footnotes":"","_share_on_mastodon":"0"},"categories":[13],"tags":[38964,25,30,31,57,43,34,35,55,48,24,54,51,49,50,32,33,37,39,36,38,40,45,23,22,44,28,29,53,42,56,47,26,27,41,46,58,52],"class_list":["post-270058","post","type-post","status-publish","format-standard","has-post-thumbnail","category-lietuva","tag-2026-09-05-204000","tag-antrastes","tag-breaking-news","tag-breakingnews","tag-daiktai","tag-dienos-kronika","tag-featured-news","tag-featurednews","tag-gatves-tekstai","tag-gyvenimas","tag-headlines","tag-interneto-pievos","tag-keliones","tag-kultura","tag-laisvalaikis","tag-latest-news","tag-latestnews","tag-lietuva","tag-lietuviu","tag-lithuania","tag-lithuanian","tag-lt","tag-mokslas-ir-it","tag-naujienos","tag-news","tag-pasaulis","tag-populiariausios-naujienos","tag-populiariausiosnaujienos","tag-projektai","tag-rinktiniai-tekstai","tag-simtmecio-portalas","tag-sportas","tag-top-stories","tag-topstories","tag-tv3-lt","tag-verslas","tag-video","tag-zaidimai"],"share_on_mastodon":{"url":"","error":"Validation failed: Text character limit of 500 exceeded"},"_links":{"self":[{"href":"https:\/\/www.europesays.com\/lt\/wp-json\/wp\/v2\/posts\/270058","targetHints":{"allow":["GET"]}}],"collection":[{"href":"https:\/\/www.europesays.com\/lt\/wp-json\/wp\/v2\/posts"}],"about":[{"href":"https:\/\/www.europesays.com\/lt\/wp-json\/wp\/v2\/types\/post"}],"author":[{"embeddable":true,"href":"https:\/\/www.europesays.com\/lt\/wp-json\/wp\/v2\/users\/2"}],"replies":[{"embeddable":true,"href":"https:\/\/www.europesays.com\/lt\/wp-json\/wp\/v2\/comments?post=270058"}],"version-history":[{"count":0,"href":"https:\/\/www.europesays.com\/lt\/wp-json\/wp\/v2\/posts\/270058\/revisions"}],"wp:featuredmedia":[{"embeddable":true,"href":"https:\/\/www.europesays.com\/lt\/wp-json\/wp\/v2\/media\/270059"}],"wp:attachment":[{"href":"https:\/\/www.europesays.com\/lt\/wp-json\/wp\/v2\/media?parent=270058"}],"wp:term":[{"taxonomy":"category","embeddable":true,"href":"https:\/\/www.europesays.com\/lt\/wp-json\/wp\/v2\/categories?post=270058"},{"taxonomy":"post_tag","embeddable":true,"href":"https:\/\/www.europesays.com\/lt\/wp-json\/wp\/v2\/tags?post=270058"}],"curies":[{"name":"wp","href":"https:\/\/api.w.org\/{rel}","templated":true}]}}