{"id":270066,"date":"2026-09-05T21:52:43","date_gmt":"2026-09-05T21:52:43","guid":{"rendered":"https:\/\/www.europesays.com\/lt\/270066\/"},"modified":"2026-09-05T21:52:43","modified_gmt":"2026-09-05T21:52:43","slug":"5-menesiu-kudiki-ismete-pro-langa-veliau-paaiskejo-kraupi-detale-lietuva-sios-tragedijos-negali-pamirsti-iki-siol","status":"publish","type":"post","link":"https:\/\/www.europesays.com\/lt\/270066\/","title":{"rendered":"5 m\u0117nesi\u0173 k\u016bdik\u012f i\u0161met\u0117 pro lang\u0105, v\u0117liau paai\u0161k\u0117jo kraupi detal\u0117 \u2013 Lietuva \u0161ios tragedijos negali pamir\u0161ti iki \u0161iol"},"content":{"rendered":"\n<p>Tragedija Klaip\u0117doje \u012fvyko 2023 met\u0173 lapkri\u010dio 18-\u0105j\u0105. Penki\u0173 m\u0117nesi\u0173 k\u016bdikis buvo i\u0161mestas pro pirmame auk\u0161te esan\u010dio buto lang\u0105. Vaikas buvo sunkiai su\u017ealotas, o jo b\u016bkl\u0117 netrukus tapo kritin\u0117.<\/p>\n<p>      Paai\u0161k\u0117jo, kad vaikas buvo su\u017ealotas dar prie\u0161 i\u0161metant <\/p>\n<p>K\u016bdikis buvo i\u0161ve\u017etas \u012f Kauno klinikas, ta\u010diau medikams jo i\u0161gelb\u0117ti nepavyko. Lapkri\u010dio 22-\u0105j\u0105, apie 18.30 val., berniukas mir\u0117 nuo sunkios galvos smegen\u0173 traumos.<\/p>\n<p>I\u0161 prad\u017ei\u0173 ikiteisminis tyrimas buvo prad\u0117tas d\u0117l fizinio skausmo suk\u0117limo ar ne\u017eymaus sveikatos sutrikdymo, ta\u010diau vaikui mirus tyrimas buvo perkvalifikuotas \u012f nu\u017eudym\u0105.<\/p>\n<p>K\u016bdikio mirt\u012f tyr\u0119 medikai atkreip\u0117 d\u0117mes\u012f \u012f itin sunki\u0105 galvos smegen\u0173 traum\u0105 \u2013 profesorius Rimantas K\u0117valas teig\u0117, kad tokio pob\u016bd\u017eio trauma grei\u010diausiai atsirado ne vien d\u0117l kritimo i\u0161 pirmojo auk\u0161to.<\/p>\n<p>Kaip skelb\u0117 <a href=\"https:\/\/www.tv3.lt\/programos\/tv3\/pilna\" target=\"_blank\" class=\"phrase\" rel=\"nofollow noopener\">tv3<\/a>.lt, v\u0117liau ir pats k\u016bdikio t\u0117vas teisme pripa\u017eino prie\u0161 i\u0161mesdamas vaik\u0105 j\u012f trenk\u0119s \u012f grindis. D\u0117l patirtos smegen\u0173 traumos berniukas po keli\u0173 dien\u0173 mir\u0117.<\/p>\n<p>T\u0117vas savo advokatui taip pat prisipa\u017eino \u012fvykd\u0119s nusikaltim\u0105, o teisme buvo kalbama ir apie jo narkotik\u0173 vartojim\u0105 bei tuo metu atliekam\u0105 psichiatrin\u0119 ekspertiz\u0119.<\/p>\n<p>     <a href=\"https:\/\/www.tv3.lt\/Uploads\/UGallery\/photos\/a7\/a1\/0a\/d3\/a7a10ad3de12d845e83f4166c354de2d.jpg\" data-fancybox=\"photos-embed\" data-caption=\"Mir\u0117 k\u016bdikis (tv3.lt kolia\u017eas)\" target=\"_self\" rel=\"nofollow noopener\"> <img decoding=\"async\" class=\"photo-inside-article\" align=\"center\" alt=\"Mir\u0117 k\u016bdikis (tv3.lt kolia\u017eas)\" title=\"Mir\u0117 k\u016bdikis (tv3.lt kolia\u017eas)\" src=\"https:\/\/www.europesays.com\/lt\/wp-content\/uploads\/2026\/09\/a7a10ad3de12d845e83f4166c354de2d.jpg\" width=\"684\" height=\"654\" loading=\"lazy\" \/> <\/a>       T\u0117vas paauglyst\u0117je teistas u\u017e nu\u017eudym\u0105 <\/p>\n<p>Netrukus po tragedijos paai\u0161k\u0117jo, kad vyras jau buvo teistas u\u017e nu\u017eudym\u0105.<\/p>\n<p>Prokuroras A. Saunorius informavo, kad vyras \u017emog\u0173 nu\u017eud\u0117 dar b\u016bdamas 14-os met\u0173. Kaip v\u0117liau buvo skelbta,\u00a0tai buvo benamio <a href=\"https:\/\/www.tv3.lt\/gaires\/nuzudymas\" target=\"_blank\" rel=\"nofollow noopener\">nu\u017eudymas<\/a> \u2013 es\u0105 d\u0117l poros cigare\u010di\u0173.<\/p>\n<p>V\u0117liau vyras buvo teistas ir d\u0117l turto sunaikinimo, o paskutinis jo nuosprendis tuo metu dar nebuvo \u012fsiteis\u0117j\u0119s.<\/p>\n<p>U\u017e k\u016bdikio nu\u017eudym\u0105 vyrui gr\u0117s\u0117 bausm\u0117 iki gyvos galvos.<\/p>\n<p>Po tragedijos kilo klausim\u0173 ir d\u0117l to, ar \u0161eimai buvo suteikta pakankama pagalba. Naujien\u0173 portalas\u00a0tv3.lt\u00a0skelb\u0117, kad \u0161eimai nuo 2021 met\u0173 buvo taikoma atvejo vadyba.<\/p>\n<p>Tarnybos buvo gavusios prane\u0161im\u0173 apie smurt\u0105 artimoje aplinkoje tarp suaugusi\u0173j\u0173, \u0161eimai buvo teikiamos socialin\u0117s paslaugos, ta\u010diau informacijos apie smurt\u0105 prie\u0161 vaikus iki tragedijos nebuvo.<\/p>\n<p>Taip pat paai\u0161k\u0117jo, kad socialini\u0173 darbuotoj\u0173 vizitas \u0161eimoje buvo \u012fvyk\u0119s prie\u0161 pat tragedij\u0105, ta\u010diau darbuotojoms dur\u0173 niekas neatidar\u0117.<\/p>\n<p>Po k\u016bdikio mirties Socialin\u0117s apsaugos ir darbo ministerija (SADM) sudar\u0117 darbo grup\u0119 situacijai \u012fvertinti, o Klaip\u0117dos meras paved\u0117 i\u0161tirti ir miesto \u0160eimos ir vaiko gerov\u0117s centro darb\u0105.<\/p>\n<p>    K\u016bdikio mirtis primin\u0117 Matuko istorij\u0105\u00a0 <\/p>\n<p>Pana\u0161i istorija nutiko 2017 m. sausio 27 d., kai nuo motinos ir pat\u0117vio rankos mir\u0117 vos ketveri\u0173 berniukas, vardu Matas.<\/p>\n<p>B\u016btent namuose, kur vaikas nuo pirmosios gyvenimo dienos tur\u0117jo jaustis saugus ir ramus, apsuptas meil\u0117s ir d\u0117mesio, jis patyr\u0117 tai, ko, grei\u010diausiai, nepalink\u0117tume net savo prie\u0161ui.<\/p>\n<p>Medikai konstatavo, kad keturme\u010diui tada buvo suduoti 135 sm\u016bgiai rankomis, telefon\u0173, krovikli\u0173 laidais. \u201e\u012e ligonin\u0119 j\u012f atve\u017e\u0117 jau u\u017emu\u0161t\u0105\u201c, \u2013 tada \u017einiasklaidai sak\u0117 K\u0117daini\u0173 ligonin\u0117je dirbusi gydytoja, kuri ir pri\u0117m\u0117 berniuk\u0105.<\/p>\n<p>Ir nors teori\u0161kai berniuko gyvyb\u0117 u\u017egeso gydymo \u012fstaigoje, vis tik gydytojai sutartinai tvirtino, kad namuose suduoti sm\u016bgiai buvo mirtini, o i\u0161gyventi vilties nebebuvo.<\/p>\n<p>U\u017e nu\u017eudym\u0105 sulaikyta pora, Monika Kaziukaityt\u0117 ir Gediminas Kontenis teisme ar\u0161iai kovojo u\u017e savo nekaltum\u0105.<\/p>\n<p> Sulaik\u0117 Matuko motin\u0105 ir pat\u0117v\u012f <\/p>\n<p>Pra\u0117jus penkiems m\u0117nesiams po tragedijos, Kauno apygardos prokurat\u016bros Pirmojo baud\u017eiamojo persekiojimo skyriaus prokuroras Vytautas Gataveckas baig\u0117 ikiteismin\u012f tyrim\u0105 ir \u0161i\u0105 byl\u0105 perdav\u0117 nagrin\u0117ti \u012f teism\u0105.<\/p>\n<p>Vaiko motinai buvo pateikti kaltinimai d\u0117l itin \u017eiauraus ma\u017eame\u010dio, bej\u0117gi\u0161kos b\u016bkl\u0117s savo \u0161eimos nario nu\u017eudymo.<\/p>\n<p>Jai taip pat pareik\u0161ti kaltinimai d\u0117l piktnaud\u017eiavimo t\u0117v\u0173 teis\u0117mis. Jos sugyventiniui, anks\u010diau 2 kartus teistam G.Konteniui pareik\u0161ti kaltinimai d\u0117l itin \u017eiauraus bej\u0117gi\u0161kos b\u016bkl\u0117s ma\u017eame\u010dio nu\u017eudymo bei fizinio skausmo suk\u0117limo.<\/p>\n<p>        <a href=\"https:\/\/www.tv3.lt\/Uploads\/UGallery\/photos\/f3\/14\/47\/ed\/f31447ed81612f56cf4e5e60f1074d58.jpg\" data-fancybox=\"photos-embed\" data-caption=\"G. Kontenis ir M. Kaziukaityt\u0117\" target=\"_self\" rel=\"nofollow noopener\"> <img decoding=\"async\" class=\"photo-inside-article\" align=\"center\" alt=\"G. Kontenis ir M. Kaziukaityt\u0117\" title=\"G. Kontenis ir M. Kaziukaityt\u0117\" src=\"https:\/\/www.europesays.com\/lt\/wp-content\/uploads\/2026\/09\/f31447ed81612f56cf4e5e60f1074d58.jpg\" width=\"684\" height=\"654\" loading=\"lazy\" \/> <\/a><br \/>\n G. Kontenis ir M. Kaziukaityt\u0117 (nuotr. tv3.lt) <\/p>\n<p>Baud\u017eiam\u0105j\u0105 atsakomyb\u0119 sunkinanti aplinkyb\u0117 \u2013 abu jie nusikaltimo padarymo metu buvo apsvaig\u0119 nuo narkotini\u0173 ir psichotropini\u0173 med\u017eiag\u0173.<\/p>\n<p>Kaziukaityt\u0117 gyn\u0117si, es\u0105 vaikelio n\u0117 pir\u0161tu nelietusi ir bijojusi pasisk\u0173sti d\u0117l Kontenio ker\u0161to, o jos sugyventinis atvirk\u0161\u010diai \u2013 sako, kad vaikel\u012f iki mirties sumu\u0161\u0117 jo mama, o jis tik \u0161iek tiek j\u012f padrausmino. Kaltinamojo pozicij\u0105 yra patvirtin\u0119s ir jo advokatas.<\/p>\n<p>Byla nagrin\u0117jama nevie\u0161uose teismo pos\u0117d\u017eiuose. Tyrimo metu apklausta per 120 asmen\u0173, atlikta 12 ekspertini\u0173 tyrim\u0173, juos atliko medikai, teismo medicinos ekspertai, psichiatrai, kriminalistai.<\/p>\n<p> Matuko\u00a0\u017eudikai i\u0161veng\u0117 \u012fkalinimo iki gyvos galvos <\/p>\n<p>Nuosprend\u012f berniuko budeliai i\u0161girdo 2018 m. bir\u017eel\u012f. Kauno apygardos teismas t\u0105kart paskyr\u0117 laisv\u0117s at\u0117mimo bausmes d\u0117l mirtimi pasibaigusio ma\u017eame\u010dio sumu\u0161imo jo motinai Monikai Kaziukaitytei ir jos sugyventiniui Gediminui Konteniui.<\/p>\n<p>\u201eTeismas nusprend\u017eia Gedimin\u0105 Konten\u012f pripa\u017einti kaltu ir paskirti subendrint\u0105 bausm\u0119 \u2013 19 met\u0173 laisv\u0117s at\u0117mimo. (&#8230;) Monik\u0105 Kaziukaityt\u0119 pripa\u017einti kalta ir paskirti subendrint\u0105 bausm\u0119 \u2013 16 met\u0173 laisv\u0117s at\u0117mimo\u201c, \u2013 tuomet paskelb\u0117 teis\u0117jas Albinas Antanaitis.<\/p>\n<p><a href=\"https:\/\/tv3.lt\/naujiena\/lietuva\/g-konteniui-primintos-ziaurios-nuodemes-ar-tai-pasmerks-vaikzudi-bausmei-iki-gyvos-galvos-n961868\" rel=\"nofollow noopener\" target=\"_blank\">G. Kontenis taip pat pripa\u017eintas pavojingu recidyvistu<\/a>. Ma\u017eame\u010dio t\u0117vui i\u0161 abiej\u0173 kaltinam\u0173j\u0173 teismas priteis\u0117 solidariai sumok\u0117ti 5 t\u016bkst. eur\u0173 neturtin\u0117s \u017ealos. Prokuroras M. Kaziukaitytei si\u016bl\u0117 skirti 17 met\u0173 laisv\u0117s at\u0117mimo bausm\u0119, o G. Konteniui \u2013 laisv\u0117s at\u0117mim\u0105 iki gyvos galvos.<\/p>\n<p>G. Kontenis M. Kaziukaityt\u0119 vie\u0161ai kaltino ir prie\u0161 nuosprend\u017eio paskelbim\u0105.<\/p>\n<p>\u201eNe mano rankos vaikel\u012f u\u017emu\u0161\u0117. Mano neveiksnumas vaikel\u012f pra\u017eud\u0117\u201c, \u2013 kalb\u0117jo G. Kontenis prie\u0161 i\u0161girsdamas nuosprend\u012f.<\/p>\n<p>M. Kaziukaityt\u0117 buvusio sugyventinio \u017eod\u017ei\u0173 nekomentavo.<\/p>\n<p>Prokuror\u0173 teigimu, vaiko mirt\u012f suk\u0117l\u0117 abiej\u0173 sugyventini\u0173 veiksmai. Prokuroras yra sak\u0119s, kad smurt\u0105 prie\u0161 ma\u017eamet\u012f pora ai\u0161kino aukl\u0117jimu: jie tikino vaik\u0105 baud\u0119 u\u017e netinkam\u0105 elges\u012f, jeigu jis neklausydavo.<\/p>\n<p>\u0160is nusikaltimas sulauk\u0117 didelio atgarsio visuomen\u0117je: buvo rengiamos pilietin\u0117s akcijos, kuri\u0173 metu buvo raginama skirti daugiau d\u0117mesio kovai su smurtu prie\u0161 vaikus.<\/p>\n<p>Seimas pra\u0117jus kelioms savait\u0117ms po nusikaltimo u\u017edraud\u0117 vis\u0173 form\u0173 smurt\u0105 prie\u0161 vaikus ir fizini\u0173 bausmi\u0173 taikym\u0105.<\/p>\n","protected":false},"excerpt":{"rendered":"Tragedija Klaip\u0117doje \u012fvyko 2023 met\u0173 lapkri\u010dio 18-\u0105j\u0105. Penki\u0173 m\u0117nesi\u0173 k\u016bdikis buvo i\u0161mestas pro pirmame auk\u0161te esan\u010dio buto lang\u0105.&hellip;\n","protected":false},"author":2,"featured_media":270067,"comment_status":"","ping_status":"","sticky":false,"template":"","format":"standard","meta":{"footnotes":"","_share_on_mastodon":"0"},"categories":[13],"tags":[38965,25,30,31,57,43,34,35,55,48,24,54,51,49,50,32,33,37,39,36,38,40,45,23,22,44,28,29,53,42,56,47,26,27,41,46,58,52],"class_list":["post-270066","post","type-post","status-publish","format-standard","has-post-thumbnail","category-lietuva","tag-2026-09-05-150000","tag-antrastes","tag-breaking-news","tag-breakingnews","tag-daiktai","tag-dienos-kronika","tag-featured-news","tag-featurednews","tag-gatves-tekstai","tag-gyvenimas","tag-headlines","tag-interneto-pievos","tag-keliones","tag-kultura","tag-laisvalaikis","tag-latest-news","tag-latestnews","tag-lietuva","tag-lietuviu","tag-lithuania","tag-lithuanian","tag-lt","tag-mokslas-ir-it","tag-naujienos","tag-news","tag-pasaulis","tag-populiariausios-naujienos","tag-populiariausiosnaujienos","tag-projektai","tag-rinktiniai-tekstai","tag-simtmecio-portalas","tag-sportas","tag-top-stories","tag-topstories","tag-tv3-lt","tag-verslas","tag-video","tag-zaidimai"],"share_on_mastodon":{"url":"","error":"Validation failed: Text character limit of 500 exceeded"},"_links":{"self":[{"href":"https:\/\/www.europesays.com\/lt\/wp-json\/wp\/v2\/posts\/270066","targetHints":{"allow":["GET"]}}],"collection":[{"href":"https:\/\/www.europesays.com\/lt\/wp-json\/wp\/v2\/posts"}],"about":[{"href":"https:\/\/www.europesays.com\/lt\/wp-json\/wp\/v2\/types\/post"}],"author":[{"embeddable":true,"href":"https:\/\/www.europesays.com\/lt\/wp-json\/wp\/v2\/users\/2"}],"replies":[{"embeddable":true,"href":"https:\/\/www.europesays.com\/lt\/wp-json\/wp\/v2\/comments?post=270066"}],"version-history":[{"count":0,"href":"https:\/\/www.europesays.com\/lt\/wp-json\/wp\/v2\/posts\/270066\/revisions"}],"wp:featuredmedia":[{"embeddable":true,"href":"https:\/\/www.europesays.com\/lt\/wp-json\/wp\/v2\/media\/270067"}],"wp:attachment":[{"href":"https:\/\/www.europesays.com\/lt\/wp-json\/wp\/v2\/media?parent=270066"}],"wp:term":[{"taxonomy":"category","embeddable":true,"href":"https:\/\/www.europesays.com\/lt\/wp-json\/wp\/v2\/categories?post=270066"},{"taxonomy":"post_tag","embeddable":true,"href":"https:\/\/www.europesays.com\/lt\/wp-json\/wp\/v2\/tags?post=270066"}],"curies":[{"name":"wp","href":"https:\/\/api.w.org\/{rel}","templated":true}]}}