{"id":270128,"date":"2026-09-06T03:01:40","date_gmt":"2026-09-06T03:01:40","guid":{"rendered":"https:\/\/www.europesays.com\/lt\/270128\/"},"modified":"2026-09-06T03:01:40","modified_gmt":"2026-09-06T03:01:40","slug":"nebuciau-ju-priemes-atgal-trumpas-dziaugiasi-kad-princas-harry-su-meghan-isvyko-is-jav-respublika-lt","status":"publish","type":"post","link":"https:\/\/www.europesays.com\/lt\/270128\/","title":{"rendered":"\u201eNeb\u016b\u010diau j\u0173 pri\u0117m\u0119s atgal\u201c: Trumpas d\u017eiaugiasi, kad princas Harry su Meghan i\u0161vyko i\u0161 JAV &#8211; Respublika.lt"},"content":{"rendered":"<p><img loading=\"lazy\" decoding=\"async\" src=\"https:\/\/www.respublika.lt\/lt\/naujienos\/pramogos\/zvaigzdes_ir_zmones\/nebuciau-ju-priemes-atgal-trumpas-dziaugiasi-kad-princas-harry-su-meghan-isvyko-is-jav\/images\/ico_camera_white.gif\" class=\"camera\" width=\"22\" height=\"15\" alt=\"nuotr.\" style=\"position:relative; top:-2px; right:2px;\"\/> 1 nuotr.<\/p>\n<p>Princas Harry ir jo \u017emona Meghan Markle. EPA-Eltos nuotr.<\/p>\n<p style=\"text-align: justify;\" class=\"desktop_banner\">\u00a0<\/p>\n<p style=\"text-align: left;\">\u00a0<\/p>\n<p style=\"text-align: left;\">D. Trumpas apkaltino 45 met\u0173 Meghan \u201ebaisiai nepagarbiu elgesiu\u201c velion\u0117s karalien\u0117s El\u017ebietos II at\u017evilgiu \u2013 tokia buvo jo pirmoji reakcija po to, kai princas ir jo amerikiet\u0117 \u017emona i\u0161 Kalifornijos gr\u012f\u017eo \u012f Did\u017ei\u0105j\u0105 Britanij\u0105.<\/p>\n<p style=\"text-align: left;\">\u0160i garsenybi\u0173 pora dabar v\u0117l kuriasi Harry t\u0117vyn\u0117je, pra\u0117jus \u0161e\u0161eriems metams nuo tada, kai jie pasitrauk\u0117 i\u0161 aktyvi\u0173 karali\u0161k\u0173j\u0173 pareig\u0173 ir i\u0161vyko \u012f JAV, kilus a\u0161triems nesutarimams su jo \u0161eima.<\/p>\n<p style=\"text-align: left;\">\u201eD\u017eiaugiuosi tuo. Nebuvau j\u0173 gerb\u0117jas\u201c, \u2013 sak\u0117 D. Trumpas \u017eurnalistams Ovaliniame kabinete, kai jo paklaus\u0117, k\u0105 jis mano apie Harry ir Meghan i\u0161vykim\u0105.<\/p>\n<p style=\"text-align: left;\">\u201eManau, kad jie elg\u0117si su karali\u0161k\u0105ja \u0161eima labai nepagarbiai. Man tai nepatiko. Man nepatiko, kaip ji elg\u0117si. Manau, kad ji elg\u0117si siaubingai nepagarbiai karalien\u0117s, karaliaus Karolio at\u017evilgiu.\u201c<\/p>\n<p style=\"text-align: left;\">41 met\u0173 Harry per pastaruosius vizitus Jungtin\u0117je Karalyst\u0117je lyg ir pagerino santykius su savo t\u0117vu, karaliumi Karoliu III, kuris kovoja su v\u0117\u017eiu.<\/p>\n<p style=\"text-align: left;\">Ta\u010diau, kaip prane\u0161ama, Harry ir toliau nebendrauja su savo broliu sosto \u012fp\u0117diniu princu Williamu bei jo \u017emona Catherine.<\/p>\n<p style=\"text-align: left;\">D. Trumpas sak\u0117, kad jis neb\u016bt\u0173 buv\u0119s toks atlaidus. \u201eGalb\u016bt a\u0161 kitoks. A\u0161 neb\u016b\u010diau jo pri\u0117m\u0119s atgal, tiesa? Jei b\u016b\u010diau karali\u0161kosios \u0161eimos narys, neb\u016b\u010diau j\u0173 pri\u0117m\u0119s atgal\u201c, \u2013 sak\u0117 jis.<\/p>\n<p style=\"text-align: left;\">80 met\u0173 D. Trumpas, buvusi realyb\u0117s \u0161ou \u017evaig\u017ed\u0117, jau ne kart\u0105 yra apsikeit\u0119s kand\u017eiomis replikomis su Meghan.<\/p>\n<p style=\"text-align: left;\">2019 m., prie\u0161 valstybin\u012f vizit\u0105 \u012f Did\u017ei\u0105j\u0105 Britanij\u0105 savo pirmosios kadencijos metu, D. Trumpas neig\u0117 pavadin\u0119s Meghan \u201ebjauria\u201c, nors \u0161is komentaras buvo ai\u0161kiai girdimas interviu, duoto bulvariniam laikra\u0161\u010diui, garso \u012fra\u0161e.<\/p>\n<p style=\"text-align: left;\">Meghan kriti\u0161kai atsiliep\u0117 apie D. Trump\u0105 per 2016 m. prezidento rinkim\u0173 kampanij\u0105, vadindama j\u012f \u201emizoginu\u201c ir \u201eskaldan\u010diu visuomen\u0119\u201c.<\/p>\n<p style=\"text-align: left;\">D. Trumpas v\u0117l atrod\u0117 \u012fsi\u017eeid\u0119s po Meghan komentaro prie\u0161 2020 m. rinkimus, kuriuos jis pralaim\u0117jo, ir ai\u0161kino, kad \u201en\u0117ra jos gerb\u0117jas\u201c, pridurdamas: \u201eLinkiu Harriui daug s\u0117km\u0117s, nes jam jos prireiks.\u201c<\/p>\n<p style=\"text-align: left;\">Karali\u0161koji nesantaika<\/p>\n<p style=\"text-align: left;\">Karali\u0161kosios poros sugr\u012f\u017eimas \u012f Did\u017ei\u0105j\u0105 Britanij\u0105 kartu su vaikais \u2013 7 met\u0173 princu Archie ir 5 met\u0173 princese Lilibet \u2013 pa\u017eym\u0117jo ilgo Harry gyvenimo ne t\u0117vyn\u0117je pabaig\u0105.<\/p>\n<p style=\"text-align: left;\">Pora susituok\u0117 per pra\u0161matni\u0105 vestuvi\u0173 ceremonij\u0105 2018 m., ta\u010diau po dvej\u0173 met\u0173, susipykusi su brit\u0173 karali\u0161k\u0105ja \u0161eima, atsisak\u0117 savo aktyvi\u0173 karali\u0161k\u0173j\u0173 pareig\u0173 ir persik\u0117l\u0117 \u012f \u0160iaur\u0117s Amerik\u0105.<\/p>\n<p style=\"text-align: left;\">Nesantaika dar labiau pagil\u0117jo, kai Harry i\u0161leido savo atvir\u0105 memuar\u0173 knyg\u0105 \u201eAtsarginis\u201c (\u201eSpare\u201c), o pora dav\u0117 dar atviresn\u012f interviu JAV pokalbi\u0173 laidos ved\u0117jai Oprah Winfrey.<\/p>\n<p style=\"text-align: left;\">Meghan, kuri yra mi\u0161rios ras\u0117s, ir Haris u\u017esimin\u0117 O. Winfrey, kad monarchija yra rasistin\u0117, teigdami, kad vienas \u0161eimos narys dar prie\u0161 s\u016bnaus gimim\u0105 i\u0161k\u0117l\u0117 klausim\u0105 d\u0117l jo odos spalvos.<\/p>\n<p style=\"text-align: left;\">Meghan taip pat sak\u0117, kad patekusi \u012f karali\u0161k\u0105j\u0105 \u0161eim\u0105 ji net svarst\u0117 apie savi\u017eudyb\u0119.<\/p>\n<p style=\"text-align: left;\">Ta\u010diau nors pora pasira\u0161\u0117 daugyb\u0119 komercini\u0173 sutar\u010di\u0173 su JAV platformomis, tokiomis kaip \u201eNetflix\u201c ir \u201eSpotify\u201c, prane\u0161imuose teigiama, kad j\u0173 bandymai u\u017esidirbti pragyvenimui Jungtin\u0117se Valstijose \u017elugo.<\/p>\n<p style=\"text-align: left;\">J\u0173 sugr\u012f\u017eimas \u012f Did\u017ei\u0105j\u0105 Britanij\u0105 suk\u0117l\u0117 nema\u017eai klausim\u0173.<\/p>\n<p style=\"text-align: left;\">Laikra\u0161tis \u201eThe Telegraph\u201c prane\u0161\u0117, kad pora planuoja pasilikti \u201eilgesn\u012f laikotarp\u012f\u201c, gyventi name Kotsvold\u0173 regione, centrin\u0117je Anglijoje, ir kad savo vaikus u\u017era\u0161\u0117 \u012f mokykl\u0105 ateinantiems mokslo metams.<\/p>\n<p style=\"text-align: left;\">Ta\u010diau, nors gausu sp\u0117lioni\u0173 d\u0117l j\u0173 gr\u012f\u017eimo prie\u017eas\u010di\u0173 ir to, ar jie \u010dia gyvens nuolat, prane\u0161imuose pa\u017eymima, kad pora ketina i\u0161laikyti savo esamus namus Kalifornijoje ir Portugalijoje.<\/p>\n<p style=\"text-align: left;\">Meghan laukia ypa\u010d sud\u0117tingas i\u0161\u0161\u016bkis \u2013 v\u0117l prisitaikyti prie gyvenimo Did\u017eiojoje Britanijoje, kur ji teb\u0117ra nepopuliari.<\/p>\n<p style=\"text-align: left;\">Apklausos rodo, kad dauguma \u017emoni\u0173 j\u0105 vertina nepalankiai, o Harry \u2013 \u0161iek tiek ma\u017eiau nepalankiai.<\/p>\n","protected":false},"excerpt":{"rendered":"1 nuotr. Princas Harry ir jo \u017emona Meghan Markle. EPA-Eltos nuotr. \u00a0 \u00a0 D. Trumpas apkaltino 45 met\u0173&hellip;\n","protected":false},"author":2,"featured_media":270129,"comment_status":"","ping_status":"","sticky":false,"template":"","format":"standard","meta":{"footnotes":"","_share_on_mastodon":"0"},"categories":[21],"tags":[6809,113,21199,9640,223,846,26835,37,39,36,38,40,9637,114,19016,5270,1270],"class_list":["post-270128","post","type-post","status-publish","format-standard","has-post-thumbnail","category-pramogos","tag-diplomatija","tag-entertainment","tag-grizimas","tag-harry","tag-jav","tag-jk","tag-karaliskoji","tag-lietuva","tag-lietuviu","tag-lithuania","tag-lithuanian","tag-lt","tag-meghan","tag-pramogos","tag-princas","tag-seima","tag-trumpas"],"share_on_mastodon":{"url":"https:\/\/pubeurope.com\/@lt\/117221870296528617","error":""},"_links":{"self":[{"href":"https:\/\/www.europesays.com\/lt\/wp-json\/wp\/v2\/posts\/270128","targetHints":{"allow":["GET"]}}],"collection":[{"href":"https:\/\/www.europesays.com\/lt\/wp-json\/wp\/v2\/posts"}],"about":[{"href":"https:\/\/www.europesays.com\/lt\/wp-json\/wp\/v2\/types\/post"}],"author":[{"embeddable":true,"href":"https:\/\/www.europesays.com\/lt\/wp-json\/wp\/v2\/users\/2"}],"replies":[{"embeddable":true,"href":"https:\/\/www.europesays.com\/lt\/wp-json\/wp\/v2\/comments?post=270128"}],"version-history":[{"count":0,"href":"https:\/\/www.europesays.com\/lt\/wp-json\/wp\/v2\/posts\/270128\/revisions"}],"wp:featuredmedia":[{"embeddable":true,"href":"https:\/\/www.europesays.com\/lt\/wp-json\/wp\/v2\/media\/270129"}],"wp:attachment":[{"href":"https:\/\/www.europesays.com\/lt\/wp-json\/wp\/v2\/media?parent=270128"}],"wp:term":[{"taxonomy":"category","embeddable":true,"href":"https:\/\/www.europesays.com\/lt\/wp-json\/wp\/v2\/categories?post=270128"},{"taxonomy":"post_tag","embeddable":true,"href":"https:\/\/www.europesays.com\/lt\/wp-json\/wp\/v2\/tags?post=270128"}],"curies":[{"name":"wp","href":"https:\/\/api.w.org\/{rel}","templated":true}]}}