{"id":270312,"date":"2026-09-06T10:16:15","date_gmt":"2026-09-06T10:16:15","guid":{"rendered":"https:\/\/www.europesays.com\/lt\/270312\/"},"modified":"2026-09-06T10:16:15","modified_gmt":"2026-09-06T10:16:15","slug":"zaibiskai-plinta-16-metes-jessicos-shy-vaizdo-irasas-gyvenime-nebuciavau-madonos-vardai","status":"publish","type":"post","link":"https:\/\/www.europesays.com\/lt\/270312\/","title":{"rendered":"\u017daibi\u0161kai plinta 16-met\u0117s Jessicos Shy vaizdo \u012fra\u0161as: \u201eGyvenime nebu\u010diavau Madonos\u201c | Vardai"},"content":{"rendered":"<p>Socialiniame tinkle \u201eInstagram\u201c i\u0161plito archyvinis Jessicos Shy vaizdo \u012fra\u0161as i\u0161 laidos \u201eX Faktorius\u201c.<\/p>\n<p>\u0160iuo vaizdeliu pasidalijusioje edukacin\u0117je paskyroje \u201e\u012edomu \u017einoti\u201c turinio k\u016br\u0117jas atskleid\u0117 ir daugiau detali\u0173 apie daininink\u0117s pasirodym\u0105 projekte.<\/p>\n<p>\u201eKaip ji u\u017ekariavo Lietuv\u0105\u201c, \u2013 ra\u0161oma prie vaizdo \u012fra\u0161o.<\/p>\n<p>\u201eGyvenime nebu\u010diavau Madonnos\u201c, \u2013 teig\u0117 V.\u0160apranauskas dar chor\u0173 laidoje.<\/p>\n<p>V\u0117liau \u012fd\u0117ta i\u0161trauka ir i\u0161 laidos \u201eX faktorius\u201c.<\/p>\n<p>\u201e2012 metais, b\u016bdama \u0161e\u0161iolikos, ji stojo prie\u0161 projekto teis\u0117jus ir atliko Pink dain\u0105 \u201ePerfect\u201c. Visi keturi teis\u0117jai jai pasak\u0117 \u201etaip\u201c, \u2013 kalb\u0117jo turinio k\u016br\u0117jas.<\/p>\n<p>Pavie\u0161intoje i\u0161traukoje galima i\u0161girsti ir atlik\u0117j\u0105, tuomet projekto komisijos nar\u0119 R\u016bta \u0160\u010diogolevait\u0119, kuri negail\u0117jo gra\u017ei\u0173 \u017eod\u017ei\u0173 Jessicai Shy.<\/p>\n<p>\u201eMan tikrai smalsu pasi\u017ei\u016br\u0117ti, kaip toli tu gali nueiti, nes dabar tavo duomenys yra fantasti\u0161ki\u201c, \u2013 tuomet projekte teig\u0117 R.\u0160\u010diogolevait\u0117.<\/p>\n<p>Pavie\u0161intas vaizdo \u012fra\u0161as sulauk\u0117 did\u017eiulio d\u0117mesio ir beveik dviej\u0173 t\u016bkstan\u010di\u0173 reakcij\u0173. \u012e j\u012f sureagavo ir \u017einomi \u017emon\u0117s.<\/p>\n<p>\u017dmon\u0117s.lt primena, kad Jessica Shy padar\u0117 tai, ko nepavyko n\u0117 vienam Lietuvos atlik\u0117jui.<\/p>\n<p>Vingio parke ji sureng\u0117 du \u012fsp\u016bdingo dyd\u017eio \u0161ou, kurie pritrauk\u0117 100 t\u016bkstan\u010di\u0173 gerb\u0117j\u0173.<\/p>\n<p>\u0160ie koncertai tapo itin reik\u0161mingu \u012fvykiu ne tik pa\u010dios Jessicos Shy karjeroje, bet ir visai sostinei.<\/p>\n<p>Populiari atlik\u0117ja savo gerb\u0117jams padovanojo nepamir\u0161tamus, auk\u0161\u010diausio lygio \u0161ou, kuriame skamb\u0117jo ne tik visiems puikiai pa\u017e\u012fstami, hitais tap\u0119 k\u016briniai, bet ir dainos i\u0161 naujausio jos albumo \u201eLiepa\u201c.<\/p>\n<p>D\u0117mes\u012f kaust\u0117 ne tik atlik\u0117jos dainos, bet ir \u012fsp\u016bdinga renginio scenografija, kuri daug kam suk\u0117l\u0117 asociacijas su pasaka \u201eOzo \u0161alies burtininkas\u201c.<\/p>\n","protected":false},"excerpt":{"rendered":"Socialiniame tinkle \u201eInstagram\u201c i\u0161plito archyvinis Jessicos Shy vaizdo \u012fra\u0161as i\u0161 laidos \u201eX Faktorius\u201c. \u0160iuo vaizdeliu pasidalijusioje edukacin\u0117je paskyroje&hellip;\n","protected":false},"author":2,"featured_media":270313,"comment_status":"","ping_status":"","sticky":false,"template":"","format":"standard","meta":{"footnotes":"","_share_on_mastodon":"0"},"categories":[21],"tags":[113,37,39,36,38,40,114],"class_list":["post-270312","post","type-post","status-publish","format-standard","has-post-thumbnail","category-pramogos","tag-entertainment","tag-lietuva","tag-lietuviu","tag-lithuania","tag-lithuanian","tag-lt","tag-pramogos"],"share_on_mastodon":{"url":"https:\/\/pubeurope.com\/@lt\/117223580258222450","error":""},"_links":{"self":[{"href":"https:\/\/www.europesays.com\/lt\/wp-json\/wp\/v2\/posts\/270312","targetHints":{"allow":["GET"]}}],"collection":[{"href":"https:\/\/www.europesays.com\/lt\/wp-json\/wp\/v2\/posts"}],"about":[{"href":"https:\/\/www.europesays.com\/lt\/wp-json\/wp\/v2\/types\/post"}],"author":[{"embeddable":true,"href":"https:\/\/www.europesays.com\/lt\/wp-json\/wp\/v2\/users\/2"}],"replies":[{"embeddable":true,"href":"https:\/\/www.europesays.com\/lt\/wp-json\/wp\/v2\/comments?post=270312"}],"version-history":[{"count":0,"href":"https:\/\/www.europesays.com\/lt\/wp-json\/wp\/v2\/posts\/270312\/revisions"}],"wp:featuredmedia":[{"embeddable":true,"href":"https:\/\/www.europesays.com\/lt\/wp-json\/wp\/v2\/media\/270313"}],"wp:attachment":[{"href":"https:\/\/www.europesays.com\/lt\/wp-json\/wp\/v2\/media?parent=270312"}],"wp:term":[{"taxonomy":"category","embeddable":true,"href":"https:\/\/www.europesays.com\/lt\/wp-json\/wp\/v2\/categories?post=270312"},{"taxonomy":"post_tag","embeddable":true,"href":"https:\/\/www.europesays.com\/lt\/wp-json\/wp\/v2\/tags?post=270312"}],"curies":[{"name":"wp","href":"https:\/\/api.w.org\/{rel}","templated":true}]}}