{"id":270320,"date":"2026-09-06T10:24:00","date_gmt":"2026-09-06T10:24:00","guid":{"rendered":"https:\/\/www.europesays.com\/lt\/270320\/"},"modified":"2026-09-06T10:24:00","modified_gmt":"2026-09-06T10:24:00","slug":"ar-atsakysite-i-5-klausimus-apie-grupe-queen-15min-lt","status":"publish","type":"post","link":"https:\/\/www.europesays.com\/lt\/270320\/","title":{"rendered":"Ar atsakysite \u012f 5 klausimus apie grup\u0119 \u201eQueen\u201c? &#8211; 15min.lt"},"content":{"rendered":"<ol>\n<li><a href=\"https:\/\/news.google.com\/rss\/articles\/CBMipwFBVV95cUxPMkZYSjVPeW1STFI4TDVyQXViVERBcWVPM2pBMm1xaTZicVdDVVdSNlRFWmd6NkxHWnBjWmpZbUFaTDRHLWVPNmpKZWV6RWt6R1hESVlsS0x6MGVxR1BEeTQ5emRSNWc3VWhYN09vVXRMZm40RmZzUW9ScThkU0h2dEU3S1ZCNUJLRjQ4YkpLaHZMeEVUVk56WTdSUi1HcHBlN0pGM0NSSQ?oc=5\" target=\"_blank\" rel=\"nofollow noopener\">Ar atsakysite \u012f 5 klausimus apie grup\u0119 \u201eQueen\u201c?<\/a>&nbsp;&nbsp;15min.lt<\/li>\n<li><a href=\"https:\/\/news.google.com\/rss\/articles\/CBMisgFBVV95cUxOWE5SVEdTOUdhY092cmlsOUMwWFZhV0QxWlFjVVlpT2NMZm5yaVM4Mm9xaHRlblJNclZ6M0F0NV95a09DbUp1WVVWV0VIdkhPLUEweHg4Q0p4dERDRktsRmI0Vll4WnNHZTkxSUdZdlRyeEEtS2RRbTVxRkk3T1laeFo5ZElNMjJEUFhvcjlQaVNDQlVZOUNISHl1bnZPT2FhTGNPQjNHMGtXekFSSC1SZThB?oc=5\" target=\"_blank\" rel=\"nofollow noopener\">Gerb\u0117jai at\u0161vent\u0117 80-\u0105j\u012f Freddie Mercury gimtadien\u012f<\/a>&nbsp;&nbsp;Lrytas<\/li>\n<li><a href=\"https:\/\/news.google.com\/rss\/articles\/CBMisAFBVV95cUxObWMyZE1lTENQS2YtbFptUW5pei1FSzhieWhCX2JHSFJ1bTd1RGM5ZmlKdWJSQlc1UzdTX3pwZTRXeFpsUzRwRFRNRnF5OTM3cXpoUFdSTTU1WVJKaDVKUHJyZHF5cFJDNFJwMUlKQjAwX2ZGeW1wZkZ4RG42QkNHMlN0elB1ZkszY2dGbVhMOVZKdTNIWkRsYTNQM0xraEU0dWNCVW12Zno0MHpSaE9QSw?oc=5\" target=\"_blank\" rel=\"nofollow noopener\">Freddie Mercury 80-ojo gimtadienio \u0161vent\u0117 Montr\u0117 mieste<\/a>&nbsp;&nbsp;Delfi<\/li>\n<li><a href=\"https:\/\/news.google.com\/rss\/articles\/CBMiogFBVV95cUxPRXptbjd6RWw2ejFDNmJOVnR4YWFiVHFENjMyN0NIbEhSQU1EcFd4dUJKOXIxY3ROdTc1ZlBVZmVKS0M0VDVoTlFvVGZMZDg3WVZRS2NZelR5VGl0c0xXd0hZaGdYektrcmRsbVVGaGEycG4tUjJNdG9qVWxjU1U2T0N5dTd5ZkMyYmN2Y2U0RzloLU5yTGc4ODA1UUVRSXRYeHc?oc=5\" target=\"_blank\" rel=\"nofollow noopener\">Kat\u0117s buvo jo vaikai? Ne\u012fprasta Fred\u017eio Merkurio \u0161eima<\/a>&nbsp;&nbsp;LRT<\/li>\n<li><a href=\"https:\/\/news.google.com\/rss\/articles\/CBMivAFBVV95cUxNbHVwTTg1R2VSeWNVbVF5bmxNeUpLcU16cmpHM1Rqck16c3c5ZGhHVGdKeXlianVUZjNac1FOYWRRZWx4ai1wNVN0MXk4TXVpRzl5TnE1WjBBaHFieWxqaGVyQzB5T2J5VHpsazhPZ2hHcVVsMFV5SlNuLXprQW1RVTNlYUZXd3ByYV9sdmNkV3VMNVhyYVp2cjJjano1NXlPRWpPblcyNnlHenlHdnhRWTVUY2lIYnh4RVNLNQ?oc=5\" target=\"_blank\" rel=\"nofollow noopener\">Freddie Mercury 80-me\u010diui \u2013 legendinis \u201eQueen\u201c koncertas per LRT TELEVIZIJ\u0104<\/a>&nbsp;&nbsp;LRT<\/li>\n<\/ol>\n","protected":false},"excerpt":{"rendered":"Ar atsakysite \u012f 5 klausimus apie grup\u0119 \u201eQueen\u201c?&nbsp;&nbsp;15min.lt Gerb\u0117jai at\u0161vent\u0117 80-\u0105j\u012f Freddie Mercury gimtadien\u012f&nbsp;&nbsp;Lrytas Freddie Mercury 80-ojo gimtadienio&hellip;\n","protected":false},"author":2,"featured_media":270321,"comment_status":"","ping_status":"","sticky":false,"template":"","format":"standard","meta":{"footnotes":"","_share_on_mastodon":"0"},"categories":[21],"tags":[113,37,39,36,38,40,114],"class_list":["post-270320","post","type-post","status-publish","format-standard","has-post-thumbnail","category-pramogos","tag-entertainment","tag-lietuva","tag-lietuviu","tag-lithuania","tag-lithuanian","tag-lt","tag-pramogos"],"share_on_mastodon":{"url":"https:\/\/pubeurope.com\/@lt\/117223611878296871","error":""},"_links":{"self":[{"href":"https:\/\/www.europesays.com\/lt\/wp-json\/wp\/v2\/posts\/270320","targetHints":{"allow":["GET"]}}],"collection":[{"href":"https:\/\/www.europesays.com\/lt\/wp-json\/wp\/v2\/posts"}],"about":[{"href":"https:\/\/www.europesays.com\/lt\/wp-json\/wp\/v2\/types\/post"}],"author":[{"embeddable":true,"href":"https:\/\/www.europesays.com\/lt\/wp-json\/wp\/v2\/users\/2"}],"replies":[{"embeddable":true,"href":"https:\/\/www.europesays.com\/lt\/wp-json\/wp\/v2\/comments?post=270320"}],"version-history":[{"count":0,"href":"https:\/\/www.europesays.com\/lt\/wp-json\/wp\/v2\/posts\/270320\/revisions"}],"wp:featuredmedia":[{"embeddable":true,"href":"https:\/\/www.europesays.com\/lt\/wp-json\/wp\/v2\/media\/270321"}],"wp:attachment":[{"href":"https:\/\/www.europesays.com\/lt\/wp-json\/wp\/v2\/media?parent=270320"}],"wp:term":[{"taxonomy":"category","embeddable":true,"href":"https:\/\/www.europesays.com\/lt\/wp-json\/wp\/v2\/categories?post=270320"},{"taxonomy":"post_tag","embeddable":true,"href":"https:\/\/www.europesays.com\/lt\/wp-json\/wp\/v2\/tags?post=270320"}],"curies":[{"name":"wp","href":"https:\/\/api.w.org\/{rel}","templated":true}]}}