{"id":270398,"date":"2026-09-06T12:47:06","date_gmt":"2026-09-06T12:47:06","guid":{"rendered":"https:\/\/www.europesays.com\/lt\/270398\/"},"modified":"2026-09-06T12:47:06","modified_gmt":"2026-09-06T12:47:06","slug":"barbora-seiliute-pirma-karta-prabilo-apie-santykius-su-garsiais-tevais","status":"publish","type":"post","link":"https:\/\/www.europesays.com\/lt\/270398\/","title":{"rendered":"Barbora Seili\u016bt\u0117 pirm\u0105 kart\u0105 prabilo apie santykius su garsiais t\u0117vais"},"content":{"rendered":"<p class=\"intro text-19 xs:text-21 xs:leading-[30px] md:text-22 mb-5 font-semibold leading-[28px] md:pt-0 md:leading-[33px] first-letter:text-primary first-letter:font-libre md:first-letter:text-81 first-letter:float-left first-letter:mr-2 first-letter:text-[67px] first-letter:leading-[55px] md:mb-10 md:first-letter:mr-3 md:first-letter:leading-[66px]\">Operos \u017evaig\u017ed\u017ei\u0173 Kristinos Zmailait\u0117s ir Edmundo Seiliaus vyresnioji dukra Barbora, nepaisydama aplinkini\u0173 atkalbin\u0117jim\u0173, pasirinko daininink\u0117s keli\u0105 ir atsid\u016br\u0117 garsi\u0173 t\u0117v\u0173 pavard\u0117s \u0161e\u0161\u0117lyje. Talentinga ir ver\u017eli mergina principingai karjeros auk\u0161tum\u0173 siekia be t\u0117v\u0173 pagalbos, ta\u010diau vis tiek nuolat jau\u010dia vertinan\u010dius aplinkini\u0173 \u017evilgsnius.<\/p>\n<p>\u201eMano t\u0117vai dainuoja, tod\u0117l a\u0161 dainuoju \u2013 toks yra po\u017ei\u016bris, su kuriuo susiduriu. O konkurencija mano profesijoje ir taip did\u017eiul\u0117: tu turi b\u016bti i\u0161skirtinis, tur\u0117ti savo charizm\u0105, jokios pa\u017eintys to neduos\u201c, \u2013 laidos \u201eBus visko\u201c k\u016br\u0117jams \u0161i\u0105 \u0161e\u0161tadienio pavakar\u0119 prisipa\u017eino Barbora.<\/p>\n<p>Mergina neslepia, kad t\u0117vai i\u0161 prad\u017ei\u0173 band\u0117 j\u0105 atkalb\u0117ti nuo \u0161io kelio. \u201eMan sak\u0117 \u2013 bus labai sunku. O a\u0161 atsakiau: o kur nebus sunku? Jeigu nor\u0117siu ko nors daugiau gyvenime pasiekti, sunku bus bet kur. Dainuodama bent b\u016bsiu laiminga.\u201c<\/p>\n<p> <a href=\"https:\/\/img.15min.lt\/resize?i=%2Fimages%2Fphotos%2F2026%2F09%2F05%2Foriginal%2Ff015059l-1mxf_snapshot_1631_20260905_154209-6a9c38272fa7e.jpg&amp;o=webp&amp;w=1920&amp;h=1280\" rel=\"nofollow noopener\" target=\"_blank\"><img alt=\"Barbora Seili\u016bt\u0117 \/ Stop kadras\" id=\"gyzWBllrPlbBwb2J\" loading=\"lazy\" width=\"800\" height=\"533\" decoding=\"async\" data-nimg=\"1\" class=\"mx-auto\" style=\"color:transparent\" src=\"https:\/\/www.europesays.com\/lt\/wp-content\/uploads\/2026\/09\/1788698825_7_crop.webp\"\/><\/a><\/p>\n<p>Barbora Seili\u016bt\u0117 \/ Stop kadras<\/p>\n<p>Nepaisant scenos \u0161vies\u0173 ir garsios pavard\u0117s na\u0161tos, Barbora sako visada \u017einanti \u2013 kad ir kas nutikt\u0173, ji tur\u0117s kur gr\u012f\u017eti. \u201eTikrai nebus taip niekada, kad a\u0161 atei\u010diau, prisidirb\u010diau, ir man pasakyt\u0173 \u2013 i\u0161eik. Niekada to nebus\u201c, \u2013 tvirtina ji.<\/p>\n<p>Apie trylika met\u0173 jaunesn\u0119 seser\u012f El\u017ebiet\u0105 Barbora kalba su ypatinga \u0161iluma. \u201eA\u0161 vis\u0105 laik\u0105 nor\u0117jau ses\u0117s\u201c, \u2013 prisipa\u017e\u012fsta dainavim\u0105 studijuojanti mergina. Jai antrina ir t\u0117vai.<\/p>\n<p>\u201eN\u0117 vienai nepasakysi nei \u017eod\u017eio \u2013 i\u0161kart stoja m\u016bru viena u\u017e kit\u0105\u201c, \u2013 pasakoja Kristina ir Edmundas, nesl\u0117pdami, kad apie antr\u0105 vaik\u0105 galvojo ir d\u0117l Barboros ateities. \u201eSvarst\u0117me paprastai \u2013 kada nors m\u016bs\u0173 nebeliks, nenorime, kad Barbora likt\u0173 viena.\u201c<\/p>\n<p> <a href=\"https:\/\/img.15min.lt\/resize?i=%2Fimages%2Fphotos%2F2026%2F09%2F05%2Foriginal%2Ff015059l-1mxf_snapshot_1541_20260905_154158-6a9c38264a9c0.jpg&amp;o=webp&amp;w=1920&amp;h=1280\" rel=\"nofollow noopener\" target=\"_blank\"><img alt=\"Edmundas Seilius, Kristina Zmailait\u0117 \/ Stop kadras\" id=\"eOwZBN07P0xV4mjn\" loading=\"lazy\" width=\"800\" height=\"533\" decoding=\"async\" data-nimg=\"1\" class=\"mx-auto\" style=\"color:transparent\" src=\"https:\/\/www.europesays.com\/lt\/wp-content\/uploads\/2026\/09\/1788698826_317_crop.webp\"\/><\/a><\/p>\n<p>Edmundas Seilius, Kristina Zmailait\u0117 \/ Stop kadras<\/p>\n<p>Nors seseris skiria nema\u017eas am\u017eiaus skirtumas, Barbora sako, kad jos yra kaip kum\u0161tis. Vyresnioji sesuo jau\u010diasi tarsi antroji El\u017ebietos mama \u2013 ta, kuri visada bus \u0161alia ir saugos.<\/p>\n<p>Laida \u201eBus visko\u201c per LNK \u0161e\u0161tadieniais 17.30 val.<\/p>\n","protected":false},"excerpt":{"rendered":"Operos \u017evaig\u017ed\u017ei\u0173 Kristinos Zmailait\u0117s ir Edmundo Seiliaus vyresnioji dukra Barbora, nepaisydama aplinkini\u0173 atkalbin\u0117jim\u0173, pasirinko daininink\u0117s keli\u0105 ir atsid\u016br\u0117&hellip;\n","protected":false},"author":2,"featured_media":270399,"comment_status":"","ping_status":"","sticky":false,"template":"","format":"standard","meta":{"footnotes":"","_share_on_mastodon":"0"},"categories":[21],"tags":[113,37,39,36,38,40,114],"class_list":["post-270398","post","type-post","status-publish","format-standard","has-post-thumbnail","category-pramogos","tag-entertainment","tag-lietuva","tag-lietuviu","tag-lithuania","tag-lithuanian","tag-lt","tag-pramogos"],"share_on_mastodon":{"url":"https:\/\/pubeurope.com\/@lt\/117224174421107938","error":""},"_links":{"self":[{"href":"https:\/\/www.europesays.com\/lt\/wp-json\/wp\/v2\/posts\/270398","targetHints":{"allow":["GET"]}}],"collection":[{"href":"https:\/\/www.europesays.com\/lt\/wp-json\/wp\/v2\/posts"}],"about":[{"href":"https:\/\/www.europesays.com\/lt\/wp-json\/wp\/v2\/types\/post"}],"author":[{"embeddable":true,"href":"https:\/\/www.europesays.com\/lt\/wp-json\/wp\/v2\/users\/2"}],"replies":[{"embeddable":true,"href":"https:\/\/www.europesays.com\/lt\/wp-json\/wp\/v2\/comments?post=270398"}],"version-history":[{"count":0,"href":"https:\/\/www.europesays.com\/lt\/wp-json\/wp\/v2\/posts\/270398\/revisions"}],"wp:featuredmedia":[{"embeddable":true,"href":"https:\/\/www.europesays.com\/lt\/wp-json\/wp\/v2\/media\/270399"}],"wp:attachment":[{"href":"https:\/\/www.europesays.com\/lt\/wp-json\/wp\/v2\/media?parent=270398"}],"wp:term":[{"taxonomy":"category","embeddable":true,"href":"https:\/\/www.europesays.com\/lt\/wp-json\/wp\/v2\/categories?post=270398"},{"taxonomy":"post_tag","embeddable":true,"href":"https:\/\/www.europesays.com\/lt\/wp-json\/wp\/v2\/tags?post=270398"}],"curies":[{"name":"wp","href":"https:\/\/api.w.org\/{rel}","templated":true}]}}