{"id":270402,"date":"2026-09-06T12:54:02","date_gmt":"2026-09-06T12:54:02","guid":{"rendered":"https:\/\/www.europesays.com\/lt\/270402\/"},"modified":"2026-09-06T12:54:02","modified_gmt":"2026-09-06T12:54:02","slug":"alekso-lemano-scenos-partnere-apie-netiketa-ju-pazinti-koks-jis-yra-ir-svarbu-ivyki-sirdele-tikrai-tuksi","status":"publish","type":"post","link":"https:\/\/www.europesays.com\/lt\/270402\/","title":{"rendered":"Alekso Lemano scenos partner\u0117 \u2013 apie netik\u0117t\u0105 j\u0173 pa\u017eint\u012f, koks jis yra ir svarb\u0173 \u012fvyk\u012f: \u201e\u0160irdel\u0117 tikrai tuksi&#8230;\u201c"},"content":{"rendered":"\n<p style=\"text-align:justify\">Naujien\u0173 portalui <a href=\"https:\/\/www.tv3.lt\/programos\/tv3\/pilna\" target=\"_blank\" class=\"phrase\" rel=\"nofollow noopener\">tv3<\/a>.lt A. Lemano scenos partner\u0117 D.\u00a0Grigali\u016bnien\u0117 nesl\u0117p\u0117\u00a0\u2013 galimyb\u0117 kartu su maestro u\u017elipti ant scenos jai tapo ne tik did\u017eiule garbe, bet ir rimtu i\u0161bandymu.<\/p>\n<p>      Muzika lydi nuo vaikyst\u0117s <\/p>\n<p style=\"text-align:justify\">Prad\u0117dama pokalb\u012f apie dainavim\u0105, moteris pasakojo, kad muzika j\u0105 lydi nuo pat vaikyst\u0117s, ta\u010diau jos profesinis kelias ilgus metus\u00a0susij\u0119s su medicina.<\/p>\n<p style=\"text-align:justify\">\u201eA\u0161 dainuoju jau nuo vaikyst\u0117s: \u201eDain\u0173 dainel\u0117s\u201c, \u012fvair\u016bs koncertai, mergin\u0173 ansambliai. Lipau tokiais ma\u017ey\u010diais laiptukais. Vis\u0105 laik\u0105 m\u0117gau dainuoti, bet \u0161alia visada \u0117jo ir medicina. Esu medik\u0117-slaugytoja, dirbu Kaune, Kazio Griniaus slaugos ir palaikomojo gydymo ligonin\u0117je. Gal jau bus kokie 23 metai, kaip dirbu slaugoje. O \u0161iaip kaip medik\u0117 dirbu jau labai daug met\u0173 \u2013 gal nuo 1990-\u0173j\u0173\u201c, \u2013 kalb\u0117jo pa\u0161nekov\u0117.<\/p>\n<p>        <a href=\"https:\/\/www.tv3.lt\/Uploads\/UGallery\/photos\/f1\/8c\/39\/2b\/f18c392b6bfe0ed2d5d3a0053c61b76a.jpg\" data-fancybox=\"photos-embed\" data-caption=\"Aleksas Lemanas ir Danut\u0117 Grigali\u016bnien\u0117 (nuotr. asm. archyvo)\" target=\"_self\" rel=\"nofollow noopener\"> <img decoding=\"async\" class=\"photo-inside-article\" align=\"center\" alt=\"Aleksas Lemanas ir Danut\u0117 Grigali\u016bnien\u0117 (nuotr. asm. archyvo)\" title=\"Aleksas Lemanas ir Danut\u0117 Grigali\u016bnien\u0117 (nuotr. asm. archyvo)\" src=\"https:\/\/www.europesays.com\/lt\/wp-content\/uploads\/2026\/09\/f18c392b6bfe0ed2d5d3a0053c61b76a.jpg\" width=\"684\" height=\"654\" loading=\"lazy\" \/> <\/a>       <\/p>\n<p style=\"text-align:justify\">Nors Danut\u0117 jau ne vienerius metus koncertuoja, ji nesitik\u0117jo, kad vienas socialiniuose tinkluose paskelbtas vaizdo \u012fra\u0161as taps netik\u0117tos pa\u017einties su maestro A. Lemanu\u00a0prad\u017eia.<\/p>\n<p style=\"text-align:justify\">\u201eTur\u0117jau savo ansambliuk\u0105 \u201eLaiko ratas\u201c \u2013 estradin\u0119 grupyt\u0119. Tur\u0117jome labai daug koncert\u0173&#8230; Per pastaruosius penkerius metus a\u0161 suaktyvinau savo veikl\u0105. Kartais \u012f socialinius tinklus \u012fkeliu kok\u012f savo koncert\u0117l\u012f ir turb\u016bt A. Lemanui patiko arba mano balso tembras, arba scenin\u0117 i\u0161vaizda, ne\u017einau net kas. Galvoju, kad gal balso tembras jam patiko.\u00a0<\/p>\n<p style=\"text-align:justify\">Buvo taip, kad po koncerto atvykau \u012f Bir\u0161ton\u0105 pasilepinti \u012fvairiomis proced\u016bromis&#8230; B\u016bdama \u0161iame mieste \u012f socialin\u012f tinkl\u0105 \u012fk\u0117liau akimirk\u0105 i\u0161 koncert\u0117lio. Ir \u017ei\u016briu, kad maestro A. Lemanas paspaud\u0117 \u201epatinka\u201c. Ra\u0161o: \u201e\u0160auniai. Ir a\u0161 \u017einau \u0161it\u0105 dain\u0105, gal\u0117tume padainuoti.\u201c Galvoju: o Dieve mano, va \u010dia tai \u201ewow\u201c \u2013 pats maestro paspaud\u0117 \u201epatinka\u201c. Pagalvojau, k\u0105 dabar daryti, k\u0105 jam atsakyti. Galvojau kelet\u0105 valand\u0173 ir paskui para\u0161iau jam: \u201eLaba diena, gerbiamas maestro. Labai malonu&#8230; Kod\u0117l gi mums nepaband\u017eius padainuoti? A\u0161 mielai nor\u0117\u010diau.\u201c\u00a0<\/p>\n<p style=\"text-align:justify\">Ir k\u0105 j\u016bs manote? Jis man sako: \u201eGerbiamoji, \u0161iandien vakare mano koncertas \u2013 atvykite prie\u0161 koncert\u0105, mes parepetuosime, pasi\u017ei\u016br\u0117sime, pasi\u0161nek\u0117sime.\u201c<\/p>\n<p style=\"text-align:justify\">A\u0161 taip ir padariau. Atvykau, jis paklaus\u0117, ar noriu su juo dainuoti. Pasakiau, kad labai. Pakviet\u0117 pabandyti kartu padainuoti&#8230; Man buvo ir baisu, ir d\u017eiugu, ir savoti\u0161ka garb\u0117 b\u016bti \u0161alia maestro. Jis yra tikrai nusipeln\u0119s dainininkas, gerbiamas \u017emogus. Tad prie\u0161 koncert\u0117l\u012f mes parepetavome gal kokias dvi-tris dainas, jis pasak\u0117, kad esu \u0161aunuol\u0117\u201c, \u2013 apie pirm\u0105j\u012f j\u0173 susitikim\u0105 atviravo moteris.<\/p>\n<p>    Atskleid\u0117, koks Aleksas yra i\u0161 ties\u0173 <\/p>\n<p style=\"text-align:justify\">Netrukus Danut\u0117 ir Aleksas kartu lipo \u012f scen\u0105 ir Bir\u0161tone susirinkusiems klausytojams padovanojo bendr\u0105 muzikin\u012f pasirodym\u0105.<\/p>\n<p style=\"text-align:justify\">Moteris pripa\u017eino, kad galimyb\u0117 dainuoti kartu su scenos grandu jai tapo ne tik malonia staigmena, bet ir dideliu i\u0161\u0161\u016bkiu: \u201eJo pasi\u016blymas dainuoti duetu buvo i\u0161\u0161\u016bkis man. A\u0161 gi pilka pelyt\u0117&#8230; Turiu muzikin\u012f i\u0161silavinim\u0105, mokiausi vokalo penkerius metus, taip pat baigiau akordeono klas\u0119 Garliavos muzikos mokykloje. Turiu ir medicinin\u012f i\u0161silavinim\u0105, bet dainavimas man buvo viskas \u2013 mano gyvenimo svajon\u0117. Nesvarbu, kur, kada, su kuo \u2013 man svarbu dainuoti&#8230; O \u010dia pats maestro pasi\u016bl\u0117 kartu dainuoti. Esu jam labai d\u0117kinga, kad gerbiamas \u017emogus suteik\u0117 \u0161ans\u0105 u\u017elipti laipteliu \u012f vir\u0161\u0173 ir parodyti save.\u201c<\/p>\n<p>             <a href=\"https:\/\/www.tv3.lt\/Uploads\/UGallery\/photos\/85\/39\/93\/1f\/8539931ffa025647e74b8904144ed4fe.jpg\" data-fancybox=\"photos-embed\" data-caption=\"Aleksas Lemanas ir Danut\u0117 Grigali\u016bnien\u0117 (nuotr. asm. archyvo)\" target=\"_self\" rel=\"nofollow noopener\"> <img decoding=\"async\" class=\"photo-inside-article\" align=\"center\" alt=\"Aleksas Lemanas ir Danut\u0117 Grigali\u016bnien\u0117 (nuotr. asm. archyvo)\" title=\"Aleksas Lemanas ir Danut\u0117 Grigali\u016bnien\u0117 (nuotr. asm. archyvo)\" src=\"https:\/\/www.europesays.com\/lt\/wp-content\/uploads\/2026\/09\/8539931ffa025647e74b8904144ed4fe.jpg\" width=\"684\" height=\"654\" loading=\"lazy\" \/> <\/a>       <\/p>\n<p style=\"text-align:justify\">Tiesa, rugs\u0117jo 4-\u0105j\u0105, Bir\u0161tono kurhauze \u012fvyko\u00a0A. Lemano jubiliejui skirtas koncertas, kuriame kartu su \u0161vent\u0117s kaltininku pasirod\u0117\u00a0ir Danut\u0117 bei kitos scenos \u017evaig\u017ed\u0117s.\u00a0Dar prie\u0161 pasirodym\u0105 pa\u0161nekov\u0117\u00a0atviravo, kad jau\u010dia didel\u012f jaudul\u012f.<\/p>\n<p style=\"text-align:justify\">\u201eBe galo jaudinuosi ir ne kart\u0105 Aleksui sakiau, kad gal geriau mane palikt\u0173, nes a\u0161 ir noriu, ir bijau. O paskui jis man sako: \u201ePabandyk neatva\u017eiuoti \u2013 ma\u0161inos ratus pradursiu.\u201c Tai mane taip juokas pa\u0117m\u0117, sakiau, kad gerai, dalyvausiu. A\u0161 tikrai b\u016bsiu, daviau \u017eod\u012f ir jo visada laikausi. Bet \u0161irdel\u0117 tikrai tuksi. Man tai i\u0161\u0161\u016bkis ir pirmas kartas b\u016bti tarp \u017evaig\u017ed\u017ei\u0173 kartu\u201c, \u2013 prie\u0161 koncert\u0105 sak\u0117 Danut\u0117.<\/p>\n<p style=\"text-align:justify\">Paklausta, koks maestro yra nulip\u0119s nuo scenos, pa\u0161nekov\u0117 negail\u0117jo jam gra\u017ei\u0173 \u017eod\u017ei\u0173 ir atvirai papasakojo, kok\u012f \u012fsp\u016bd\u012f jai paliko bendravimas su juo.<\/p>\n<p>\u201eJis yra labai nuo\u0161irdus, paprastas, tikras scenos grandas. Kai kuriems dar reik\u0117t\u0173 i\u0161 jo pasimokyti viso to etiketo. Tiesa, jis yra ir tiesmuki\u0161kas \u2013 k\u0105 galvoja, t\u0105 ir sako. Pama\u010diau, kad su juo galima labai paprastai ir draugi\u0161kai bendrauti&#8230; Dar daug kam iki jo toli gra\u017eu\u201c, \u2013 \u0161yptel\u0117jo\u00a0ji.<\/p>\n<p>        <a href=\"https:\/\/www.tv3.lt\/Uploads\/UGallery\/photos\/da\/6e\/53\/29\/da6e5329094a61d579197d78ac04c732.jpg\" data-fancybox=\"photos-embed\" data-caption=\"Aleksas Lemanas\" target=\"_self\" rel=\"nofollow noopener\"> <img decoding=\"async\" class=\"photo-inside-article\" align=\"center\" alt=\"Aleksas Lemanas\" title=\"Aleksas Lemanas\" src=\"https:\/\/www.europesays.com\/lt\/wp-content\/uploads\/2026\/09\/da6e5329094a61d579197d78ac04c732.jpg\" width=\"684\" height=\"654\" loading=\"lazy\" \/> <\/a>       <\/p>\n<p>Nors Aleksas ir Danut\u0117 yra tik scenos partneriai, j\u0173 bendri pasirodymai ir nuotraukos socialiniuose tinkluose netruko sulaukti \u017emoni\u0173 d\u0117mesio \u2013\u00a0internautai \u0117m\u0117\u00a0juos poruoti:\u00a0\u201eTie komentarai, kur mus jau seniai suporavo\u00a0\u2013 neadekvat\u016bs. \u010cia yra blefas.<\/p>\n<p>Mes esame scenos duetas, scenos draugai, scenos partneriai ir nieko daugiau. Nors a\u0161 galvoju: jeigu \u017emogus tok\u012f ar anok\u012f komentar\u0105 ra\u0161o, vadinasi, jie vis tiek mumis domisi.\u201c<\/p>\n<p>     <a href=\"https:\/\/www.tv3.lt\/Uploads\/UGallery\/photos\/6d\/88\/ca\/70\/6d88ca70000e1a91b8b95d6b44b89460.jpg\" data-fancybox=\"photos-embed\" data-caption=\"Aleksas Lemanas ir Danut\u0117 Grigali\u016bnien\u0117 (nuotr. asm. archyvo)\" target=\"_self\" rel=\"nofollow noopener\"> <img decoding=\"async\" class=\"photo-inside-article\" align=\"center\" alt=\"Aleksas Lemanas ir Danut\u0117 Grigali\u016bnien\u0117 (nuotr. asm. archyvo)\" title=\"Aleksas Lemanas ir Danut\u0117 Grigali\u016bnien\u0117 (nuotr. asm. archyvo)\" src=\"https:\/\/www.europesays.com\/lt\/wp-content\/uploads\/2026\/09\/6d88ca70000e1a91b8b95d6b44b89460.jpg\" width=\"684\" height=\"654\" loading=\"lazy\" \/> <\/a>        <\/p>\n<p>Kvie\u010diame atrasti nauj\u0105 tv3.lt turin\u012f! Nuo \u0161iol portale j\u016bs\u0173 laukia ne tik <a href=\"https:\/\/www.tv3.lt\/testai\" rel=\"nofollow noopener\" target=\"_blank\">kasdien nauji testai<\/a>, bet ir <a href=\"https:\/\/www.tv3.lt\/kryziazodziai\" rel=\"nofollow noopener\" target=\"_blank\">kry\u017eia\u017eod\u017eiai <\/a>\u2013 i\u0161bandykite savo \u017einias, spr\u0119skite ir smagiai praleiskite laik\u0105. <\/p>\n","protected":false},"excerpt":{"rendered":"Naujien\u0173 portalui tv3.lt A. Lemano scenos partner\u0117 D.\u00a0Grigali\u016bnien\u0117 nesl\u0117p\u0117\u00a0\u2013 galimyb\u0117 kartu su maestro u\u017elipti ant scenos jai tapo&hellip;\n","protected":false},"author":2,"featured_media":270403,"comment_status":"","ping_status":"","sticky":false,"template":"","format":"standard","meta":{"footnotes":"","_share_on_mastodon":"0"},"categories":[21],"tags":[39004,57,43,113,55,48,54,51,49,50,37,39,36,38,40,45,23,44,114,53,42,56,47,41,46,58,52],"class_list":["post-270402","post","type-post","status-publish","format-standard","has-post-thumbnail","category-pramogos","tag-2026-09-05-183000","tag-daiktai","tag-dienos-kronika","tag-entertainment","tag-gatves-tekstai","tag-gyvenimas","tag-interneto-pievos","tag-keliones","tag-kultura","tag-laisvalaikis","tag-lietuva","tag-lietuviu","tag-lithuania","tag-lithuanian","tag-lt","tag-mokslas-ir-it","tag-naujienos","tag-pasaulis","tag-pramogos","tag-projektai","tag-rinktiniai-tekstai","tag-simtmecio-portalas","tag-sportas","tag-tv3-lt","tag-verslas","tag-video","tag-zaidimai"],"share_on_mastodon":{"url":"https:\/\/pubeurope.com\/@lt\/117224201898055813","error":""},"_links":{"self":[{"href":"https:\/\/www.europesays.com\/lt\/wp-json\/wp\/v2\/posts\/270402","targetHints":{"allow":["GET"]}}],"collection":[{"href":"https:\/\/www.europesays.com\/lt\/wp-json\/wp\/v2\/posts"}],"about":[{"href":"https:\/\/www.europesays.com\/lt\/wp-json\/wp\/v2\/types\/post"}],"author":[{"embeddable":true,"href":"https:\/\/www.europesays.com\/lt\/wp-json\/wp\/v2\/users\/2"}],"replies":[{"embeddable":true,"href":"https:\/\/www.europesays.com\/lt\/wp-json\/wp\/v2\/comments?post=270402"}],"version-history":[{"count":0,"href":"https:\/\/www.europesays.com\/lt\/wp-json\/wp\/v2\/posts\/270402\/revisions"}],"wp:featuredmedia":[{"embeddable":true,"href":"https:\/\/www.europesays.com\/lt\/wp-json\/wp\/v2\/media\/270403"}],"wp:attachment":[{"href":"https:\/\/www.europesays.com\/lt\/wp-json\/wp\/v2\/media?parent=270402"}],"wp:term":[{"taxonomy":"category","embeddable":true,"href":"https:\/\/www.europesays.com\/lt\/wp-json\/wp\/v2\/categories?post=270402"},{"taxonomy":"post_tag","embeddable":true,"href":"https:\/\/www.europesays.com\/lt\/wp-json\/wp\/v2\/tags?post=270402"}],"curies":[{"name":"wp","href":"https:\/\/api.w.org\/{rel}","templated":true}]}}