{"id":270408,"date":"2026-09-06T13:02:06","date_gmt":"2026-09-06T13:02:06","guid":{"rendered":"https:\/\/www.europesays.com\/lt\/270408\/"},"modified":"2026-09-06T13:02:06","modified_gmt":"2026-09-06T13:02:06","slug":"po-ispudingu-koncertu-jessicos-shy-zinute","status":"publish","type":"post","link":"https:\/\/www.europesays.com\/lt\/270408\/","title":{"rendered":"Po \u012fsp\u016bding\u0173 koncert\u0173 \u2013 Jessicos Shy \u017einut\u0117"},"content":{"rendered":"<p>Sekmadienio pavakar\u0119 po penktadien\u012f ir \u0161e\u0161tadien\u012f surengt\u0173 koncert\u0173 Vingio parke socialiniuose tinkluose Jessica Shy pasidalijo trumpais vaizdo \u012fra\u0161ais.\u00a0<\/p>\n<p>\u201eA\u010di\u016b jums ir iki kit\u0173 kart\u0173. A\u010di\u016b, kad esate su mumis\u201c, \u2013 instagrame pavie\u0161intame vaizdo \u012fra\u0161e, kuriame matyti ant scenos nusilenkianti komanda, sak\u0117 Jessica Shy.\u00a0<\/p>\n<p>Minia tuo metu o\u0161\u0117.<\/p>\n<p>\u201eA\u010cI\u016a. Nesuvokiu\u201c, \u2013 trumpai prie vaizdo \u012fra\u0161o ra\u0161\u0117 ji.<\/p>\n<p>V\u0117liau ji emocijomis pasidalijo ir feisbuke.<\/p>\n<p>\u201eAtrodo, jog rytoj, kaip \u012fprasta, t\u0119sime pasiruo\u0161im\u0105 Vingio koncertams. N\u0117 viena savo k\u016bno dalimi nesuvokiu, jog tai baig\u0117si. Reik\u0117s sukramtyti po truput\u012f. Ne\u017emoni\u0161kas A\u010cI\u016a jums ir komandai. Ne\u012fsileisiu n\u0117 vienos kand\u017eios replikos, pyk\u010dio ar pavydo. Mes did\u017eiuojam\u0117s tuo, k\u0105 suk\u016br\u0117me. Ir nekeis\u010diau nieko. Tikiu, jog daug \u017emoni\u0173 savo buvimu patik\u0117jo, kad visgi nesame tokie susiprie\u0161in\u0119 ir svetimi vienas kitam. \u00a0Pavyko d\u017eiaugtis gyvenimu akimirkoje \u2013 kartu, su tokia j\u016bra \u017emoni\u0173. Tai kol kas tauriausias jausmas, patirtas \u0161ioje kelion\u0117je. Nepamir\u0161tama. A\u010cI\u016a u\u017e istorij\u0105\u201c, \u2013 ra\u0161\u0117 Jessica Shy.<\/p>\n<p><a href=\"https:\/\/kauno.diena.lt\/naujienos\/laisvalaikis-ir-kultura\/zvaigzdes-ir-pramogos\/jessiconomy-kaip-si-reiskini-sukele-viena-atlikeja-1772408?source_id=1\" rel=\"nofollow noopener\" target=\"_blank\">\u0160ios daininink\u0117s koncertai Vingio parke, pana\u0161u, taps istoriniais.<\/a><\/p>\n<p>Anot organizatori\u0173, per du vakarus atlik\u0117jos pasirodymus i\u0161vydo daugiau nei 100 t\u016bkst. \u017emoni\u0173.<\/p>\n","protected":false},"excerpt":{"rendered":"Sekmadienio pavakar\u0119 po penktadien\u012f ir \u0161e\u0161tadien\u012f surengt\u0173 koncert\u0173 Vingio parke socialiniuose tinkluose Jessica Shy pasidalijo trumpais vaizdo \u012fra\u0161ais.\u00a0&hellip;\n","protected":false},"author":2,"featured_media":270409,"comment_status":"","ping_status":"","sticky":false,"template":"","format":"standard","meta":{"footnotes":"","_share_on_mastodon":"0"},"categories":[21],"tags":[113,37,39,36,38,40,114],"class_list":["post-270408","post","type-post","status-publish","format-standard","has-post-thumbnail","category-pramogos","tag-entertainment","tag-lietuva","tag-lietuviu","tag-lithuania","tag-lithuanian","tag-lt","tag-pramogos"],"share_on_mastodon":{"url":"https:\/\/pubeurope.com\/@lt\/117224233211987251","error":""},"_links":{"self":[{"href":"https:\/\/www.europesays.com\/lt\/wp-json\/wp\/v2\/posts\/270408","targetHints":{"allow":["GET"]}}],"collection":[{"href":"https:\/\/www.europesays.com\/lt\/wp-json\/wp\/v2\/posts"}],"about":[{"href":"https:\/\/www.europesays.com\/lt\/wp-json\/wp\/v2\/types\/post"}],"author":[{"embeddable":true,"href":"https:\/\/www.europesays.com\/lt\/wp-json\/wp\/v2\/users\/2"}],"replies":[{"embeddable":true,"href":"https:\/\/www.europesays.com\/lt\/wp-json\/wp\/v2\/comments?post=270408"}],"version-history":[{"count":0,"href":"https:\/\/www.europesays.com\/lt\/wp-json\/wp\/v2\/posts\/270408\/revisions"}],"wp:featuredmedia":[{"embeddable":true,"href":"https:\/\/www.europesays.com\/lt\/wp-json\/wp\/v2\/media\/270409"}],"wp:attachment":[{"href":"https:\/\/www.europesays.com\/lt\/wp-json\/wp\/v2\/media?parent=270408"}],"wp:term":[{"taxonomy":"category","embeddable":true,"href":"https:\/\/www.europesays.com\/lt\/wp-json\/wp\/v2\/categories?post=270408"},{"taxonomy":"post_tag","embeddable":true,"href":"https:\/\/www.europesays.com\/lt\/wp-json\/wp\/v2\/tags?post=270408"}],"curies":[{"name":"wp","href":"https:\/\/api.w.org\/{rel}","templated":true}]}}