{"id":270426,"date":"2026-09-06T13:35:10","date_gmt":"2026-09-06T13:35:10","guid":{"rendered":"https:\/\/www.europesays.com\/lt\/270426\/"},"modified":"2026-09-06T13:35:10","modified_gmt":"2026-09-06T13:35:10","slug":"ypatinga-diena-kristina-ivanova-atvere-sirdi-tai-viena-didziausiu-siu-metu-dovanu-vardai","status":"publish","type":"post","link":"https:\/\/www.europesays.com\/lt\/270426\/","title":{"rendered":"Ypating\u0105 dien\u0105 Kristina Ivanova atv\u0117r\u0117 \u0161ird\u012f: \u201eTai viena did\u017eiausi\u0173 \u0161i\u0173 met\u0173 dovan\u0173\u201c | Vardai"},"content":{"rendered":"<p>Socialiniame tinkle \u201eFacebook\u201c K.Ivanova prabilo apie savo gimtadien\u012f. Ji teig\u0117, kad per \u0161iuos metus i\u0161moko daugyb\u0119 gyvenime svarbi\u0173 dalyk\u0173 ir i\u0161skyr\u0117 vien\u0105 svarbiausi\u0105.<\/p>\n<p>\u017dinoma moteris taip pat atskleid\u0117 ir koki\u0105 did\u017eiausi\u0105 gyvenimo dovan\u0105 ji gavo pra\u0117jusiais metais.<\/p>\n<p>\u201e\u0160iandien prabudau ir man 39<\/p>\n<p>\u0160ie metai mane i\u0161mok\u0117 nebijoti paleisti. Ne\u012frodin\u0117ti. Nebesilaikyti \u012fsikibus to, kas jau seniai nebe mano.<\/p>\n<p>I\u0161mokau dar labiau rinktis save, savo \u017emones, savo keli\u0105 ir savo ramyb\u0119.<\/p>\n<p>Ir svarbiausia \u2013 gyventi \u010dia ir dabar. Neatid\u0117lioti gyvenimo v\u0117lesniam laikui. Nelaukti tinkamesn\u0117s dienos, tinkamesnio momento ar tinkamesni\u0173 aplinkybi\u0173.<\/p>\n<p>Eiti pirmyn pilna koja. Jausti daugiau. Patirti daugiau. Myl\u0117ti daugiau. Ir tiesiog gyventi.<\/p>\n<p>\u012e naujus 39 \u2013 tuosius metus einu su daug ma\u017eiau \u017emoni\u0173 aplink save, bet su daug daugiau ramyb\u0117s viduje.<\/p>\n<p>Ir turb\u016bt tai yra viena did\u017eiausi\u0173 \u0161i\u0173 met\u0173 dovan\u0173.<\/p>\n<p>Myliu\u201c, \u2013 ra\u0161\u0117 K.Ivanova.<\/p>\n<p>Po \u012fra\u0161u pasipyl\u0117 ne tik daugyb\u0117 reakcij\u0173, bet ir sveikinim\u0173 K.Ivanovai. J\u0105 nuo\u0161ird\u017eiai sveikino bi\u010diuliai, kolegos ir gerb\u0117jai link\u0117dami laim\u0117s ir gra\u017ei\u0173 ateinan\u010di\u0173 met\u0173.<\/p>\n<p>\u201eSu Gimimo diena, mieloji Kristina\u201c, \u2013 ra\u0161\u0117 aktor\u0117 Gra\u017eina Baik\u0161tyt\u0117.<\/p>\n<p>\u201eSveikinimai, \u0161irdele, kuo geriausi\u0173 met\u0173!\u201c, \u2013 link\u0117jo modelis Solveiga Mykolaityt\u0117.<\/p>\n<p>\u201eSu gimtadieniu\u201c, \u2013 pasveikino ir atlik\u0117jas Rytis Cicinas.<\/p>\n","protected":false},"excerpt":{"rendered":"Socialiniame tinkle \u201eFacebook\u201c K.Ivanova prabilo apie savo gimtadien\u012f. Ji teig\u0117, kad per \u0161iuos metus i\u0161moko daugyb\u0119 gyvenime svarbi\u0173&hellip;\n","protected":false},"author":2,"featured_media":270427,"comment_status":"","ping_status":"","sticky":false,"template":"","format":"standard","meta":{"footnotes":"","_share_on_mastodon":"0"},"categories":[21],"tags":[113,37,39,36,38,40,114],"class_list":["post-270426","post","type-post","status-publish","format-standard","has-post-thumbnail","category-pramogos","tag-entertainment","tag-lietuva","tag-lietuviu","tag-lithuania","tag-lithuanian","tag-lt","tag-pramogos"],"share_on_mastodon":{"url":"https:\/\/pubeurope.com\/@lt\/117224363024693553","error":""},"_links":{"self":[{"href":"https:\/\/www.europesays.com\/lt\/wp-json\/wp\/v2\/posts\/270426","targetHints":{"allow":["GET"]}}],"collection":[{"href":"https:\/\/www.europesays.com\/lt\/wp-json\/wp\/v2\/posts"}],"about":[{"href":"https:\/\/www.europesays.com\/lt\/wp-json\/wp\/v2\/types\/post"}],"author":[{"embeddable":true,"href":"https:\/\/www.europesays.com\/lt\/wp-json\/wp\/v2\/users\/2"}],"replies":[{"embeddable":true,"href":"https:\/\/www.europesays.com\/lt\/wp-json\/wp\/v2\/comments?post=270426"}],"version-history":[{"count":0,"href":"https:\/\/www.europesays.com\/lt\/wp-json\/wp\/v2\/posts\/270426\/revisions"}],"wp:featuredmedia":[{"embeddable":true,"href":"https:\/\/www.europesays.com\/lt\/wp-json\/wp\/v2\/media\/270427"}],"wp:attachment":[{"href":"https:\/\/www.europesays.com\/lt\/wp-json\/wp\/v2\/media?parent=270426"}],"wp:term":[{"taxonomy":"category","embeddable":true,"href":"https:\/\/www.europesays.com\/lt\/wp-json\/wp\/v2\/categories?post=270426"},{"taxonomy":"post_tag","embeddable":true,"href":"https:\/\/www.europesays.com\/lt\/wp-json\/wp\/v2\/tags?post=270426"}],"curies":[{"name":"wp","href":"https:\/\/api.w.org\/{rel}","templated":true}]}}