{"id":270474,"date":"2026-09-06T15:16:12","date_gmt":"2026-09-06T15:16:12","guid":{"rendered":"https:\/\/www.europesays.com\/lt\/270474\/"},"modified":"2026-09-06T15:16:12","modified_gmt":"2026-09-06T15:16:12","slug":"pamaciusi-dominyko-dirkscio-pasiulyma-18-mete-ieva-kreipesi-i-jo-mama-tai-gal","status":"publish","type":"post","link":"https:\/\/www.europesays.com\/lt\/270474\/","title":{"rendered":"Pama\u010diusi Dominyko Dirks\u010dio pasi\u016blym\u0105, 18-met\u0117 Ieva kreip\u0117si \u012f jo mam\u0105: \u201eTai gal&#8230;\u201c"},"content":{"rendered":"\n<p>Taip pat vie\u0161os simpatij\u0173 deklaracijos \u201eInstagram\u201c istorijose ir Ievos parodytas \u017eiedas su D raide bei m\u012fslinga u\u017euomina\u00a0tik dar labiau pakurst\u0117 kalbas apie galimus jausmus.<\/p>\n<p>      Sureagavo mama <\/p>\n<p>Netrukus D. Dirkstys savo paskyroje pasidalijo susira\u0161in\u0117jimo ekrano nuotrauka, kurioje matyti jo mamos Ievos Dirkstien\u0117s reakcija \u012f merginos pademonstruot\u0105 \u017eied\u0105.<\/p>\n<p>Reaguodama \u012f I. \u0160ad\u017ei\u016bt\u0117s publikuot\u0105 \u017eiedo nuotrauk\u0105 ir priera\u0161\u0105 \u201eGal kada&#8230;\u201c, \u012f kur\u012f D. Dirkstys atsak\u0117 \u201eGal ryt?\u201c, D. Dirks\u010dio mama persiunt\u0117 \u0161\u012f vaizd\u0105 s\u016bnui ir atsiunt\u0117 susim\u0105s\u010dius\u012f jaustuk\u0105.<\/p>\n<p>Pats Dominykas \u012f motinos \u017einutes atsak\u0117 i\u0161si\u0173sdamas \u017eiedo emocij\u0105. Tai paskatino I. Dirkstien\u0119 priminti s\u016bnui apie taisykles:<\/p>\n<p>\u201eTai gal pirma su mama supa\u017eindink\u201c, \u2013 ra\u0161\u0117 ji.<\/p>\n<p>D. Dirkstys \u012f tai atsak\u0117 su humoru: \u201ePer vestuves gal?\u201c.<\/p>\n<p>\u0160is s\u016bnaus juokas mamos nei\u0161g\u0105sdino \u2013 ji pateik\u0117 dar vien\u0105 pasteb\u0117jim\u0105 apie galim\u0105 b\u016bsim\u0105 mar\u010di\u0105:<\/p>\n<p>\u201eGal anks\u010diau, taigi bendravard\u0117s\u201c, \u2013 pasteb\u0117jo Ieva Dirkstien\u0117.<\/p>\n<p>     <a href=\"https:\/\/www.tv3.lt\/Uploads\/UGallery\/photos\/f1\/fd\/b6\/92\/f1fdb692d5edaac2fe88b64a070f0892.jpg\" data-fancybox=\"photos-embed\" data-caption=\"Dominyko Dirks\u010dio mamos reakcija (nuotr. instagram)\" target=\"_self\" rel=\"nofollow noopener\"> <img decoding=\"async\" class=\"photo-inside-article\" align=\"center\" alt=\"Dominyko Dirks\u010dio mamos reakcija (nuotr. instagram)\" title=\"Dominyko Dirks\u010dio mamos reakcija (nuotr. instagram)\" src=\"https:\/\/www.europesays.com\/lt\/wp-content\/uploads\/2026\/09\/f1fdb692d5edaac2fe88b64a070f0892.jpg\" width=\"684\" height=\"654\" loading=\"lazy\" \/> <\/a><br \/>\n Dominyko Dirks\u010dio mamos reakcija (nuotr. instagram) Netik\u0117tas Dominyko pasi\u016blymas <\/p>\n<p>\u0160e\u0161tadien\u012f su D. Dirks\u010diu poruojama Ieva pasidalijo netik\u0117ta Dominyko \u017einute, kurioje teigiama:<\/p>\n<p>\u201ePaskambink \u0161iandien mano mamai, jei nori ryt tuoktis.\u201c<\/p>\n<p>     <a href=\"https:\/\/www.tv3.lt\/Uploads\/UGallery\/photos\/95\/6b\/41\/77\/956b4177134a44161ebfd4751a3b35ed.jpg\" data-fancybox=\"photos-embed\" data-caption=\"Ieva \u0160ad\u017ei\u016bt\u0117 kreip\u0117si \u012f Dominyko Dirks\u010dio mam\u0105 (nuotr. instagram story)\" target=\"_self\" rel=\"nofollow noopener\"> <img decoding=\"async\" class=\"photo-inside-article\" align=\"center\" alt=\"Ieva \u0160ad\u017ei\u016bt\u0117 kreip\u0117si \u012f Dominyko Dirks\u010dio mam\u0105 (nuotr. instagram story)\" title=\"Ieva \u0160ad\u017ei\u016bt\u0117 kreip\u0117si \u012f Dominyko Dirks\u010dio mam\u0105 (nuotr. instagram story)\" src=\"https:\/\/www.europesays.com\/lt\/wp-content\/uploads\/2026\/09\/956b4177134a44161ebfd4751a3b35ed.jpg\" width=\"684\" height=\"654\" loading=\"lazy\" \/> <\/a>       <\/p>\n<p>Pasidalinusi \u0161ia \u017einute <a href=\"https:\/\/www.tv3.lt\/gaires\/instagram\" target=\"_blank\" class=\"phrase\" rel=\"nofollow noopener\">instagrame<\/a>, I. \u0160ad\u017ei\u016bt\u0117 kreip\u0117si \u012f kovotojo mam\u0105, ra\u0161ydama:<\/p>\n<p>\u201eTai gal \u0161iandien vakare pasiskambinam?\u201c<\/p>\n<p>     <a href=\"https:\/\/www.tv3.lt\/Uploads\/UGallery\/photos\/1e\/37\/73\/d3\/1e3773d31b56d38ed7dba066ba2d656a.jpg\" data-fancybox=\"photos-embed\" data-caption=\"Dominykas Dirkstys, Ieva \u0160ad\u017ei\u016bt\u0117 (nuotr. instagram, BNS, stop kadras)\" target=\"_self\" rel=\"nofollow noopener\"> <img decoding=\"async\" class=\"photo-inside-article\" align=\"center\" alt=\"Dominykas Dirkstys, Ieva \u0160ad\u017ei\u016bt\u0117 (nuotr. instagram, BNS, stop kadras)\" title=\"Dominykas Dirkstys, Ieva \u0160ad\u017ei\u016bt\u0117 (nuotr. instagram, BNS, stop kadras)\" src=\"https:\/\/www.europesays.com\/lt\/wp-content\/uploads\/2026\/09\/1e3773d31b56d38ed7dba066ba2d656a.jpg\" width=\"684\" height=\"654\" loading=\"lazy\" \/> <\/a>        <\/p>\n<p>\n                                        \u0160altinis:<br \/>\n                                                                                    tv3.lt\n                                                                                <\/p>\n<p>Kvie\u010diame atrasti nauj\u0105 tv3.lt turin\u012f! Nuo \u0161iol portale j\u016bs\u0173 laukia ne tik <a href=\"https:\/\/www.tv3.lt\/testai\" rel=\"nofollow noopener\" target=\"_blank\">kasdien nauji testai<\/a>, bet ir <a href=\"https:\/\/www.tv3.lt\/kryziazodziai\" rel=\"nofollow noopener\" target=\"_blank\">kry\u017eia\u017eod\u017eiai <\/a>\u2013 i\u0161bandykite savo \u017einias, spr\u0119skite ir smagiai praleiskite laik\u0105. <\/p>\n","protected":false},"excerpt":{"rendered":"Taip pat vie\u0161os simpatij\u0173 deklaracijos \u201eInstagram\u201c istorijose ir Ievos parodytas \u017eiedas su D raide bei m\u012fslinga u\u017euomina\u00a0tik dar&hellip;\n","protected":false},"author":2,"featured_media":270475,"comment_status":"","ping_status":"","sticky":false,"template":"","format":"standard","meta":{"footnotes":"","_share_on_mastodon":"0"},"categories":[21],"tags":[39016,57,43,113,55,48,54,51,49,50,37,39,36,38,40,45,23,44,114,53,42,56,47,41,46,58,52],"class_list":["post-270474","post","type-post","status-publish","format-standard","has-post-thumbnail","category-pramogos","tag-2026-09-06-133500","tag-daiktai","tag-dienos-kronika","tag-entertainment","tag-gatves-tekstai","tag-gyvenimas","tag-interneto-pievos","tag-keliones","tag-kultura","tag-laisvalaikis","tag-lietuva","tag-lietuviu","tag-lithuania","tag-lithuanian","tag-lt","tag-mokslas-ir-it","tag-naujienos","tag-pasaulis","tag-pramogos","tag-projektai","tag-rinktiniai-tekstai","tag-simtmecio-portalas","tag-sportas","tag-tv3-lt","tag-verslas","tag-video","tag-zaidimai"],"share_on_mastodon":{"url":"https:\/\/pubeurope.com\/@lt\/117224760209855797","error":""},"_links":{"self":[{"href":"https:\/\/www.europesays.com\/lt\/wp-json\/wp\/v2\/posts\/270474","targetHints":{"allow":["GET"]}}],"collection":[{"href":"https:\/\/www.europesays.com\/lt\/wp-json\/wp\/v2\/posts"}],"about":[{"href":"https:\/\/www.europesays.com\/lt\/wp-json\/wp\/v2\/types\/post"}],"author":[{"embeddable":true,"href":"https:\/\/www.europesays.com\/lt\/wp-json\/wp\/v2\/users\/2"}],"replies":[{"embeddable":true,"href":"https:\/\/www.europesays.com\/lt\/wp-json\/wp\/v2\/comments?post=270474"}],"version-history":[{"count":0,"href":"https:\/\/www.europesays.com\/lt\/wp-json\/wp\/v2\/posts\/270474\/revisions"}],"wp:featuredmedia":[{"embeddable":true,"href":"https:\/\/www.europesays.com\/lt\/wp-json\/wp\/v2\/media\/270475"}],"wp:attachment":[{"href":"https:\/\/www.europesays.com\/lt\/wp-json\/wp\/v2\/media?parent=270474"}],"wp:term":[{"taxonomy":"category","embeddable":true,"href":"https:\/\/www.europesays.com\/lt\/wp-json\/wp\/v2\/categories?post=270474"},{"taxonomy":"post_tag","embeddable":true,"href":"https:\/\/www.europesays.com\/lt\/wp-json\/wp\/v2\/tags?post=270474"}],"curies":[{"name":"wp","href":"https:\/\/api.w.org\/{rel}","templated":true}]}}