{"id":270478,"date":"2026-09-06T15:27:12","date_gmt":"2026-09-06T15:27:12","guid":{"rendered":"https:\/\/www.europesays.com\/lt\/270478\/"},"modified":"2026-09-06T15:27:12","modified_gmt":"2026-09-06T15:27:12","slug":"keturi-kinu-horoskopo-zenklai-atsidure-ant-permainu-slenkscio-ka-jie-paliks-praeityje","status":"publish","type":"post","link":"https:\/\/www.europesays.com\/lt\/270478\/","title":{"rendered":"Keturi Kin\u0173 horoskopo \u017eenklai atsid\u016br\u0117 ant permain\u0173 slenks\u010dio: k\u0105 jie paliks praeityje"},"content":{"rendered":"<p>Remiantis kin\u0173 astrologijos prognoze, po sekmadienio, 2026 m. rugs\u0117jo 6 d., keturiems Zodiako \u017eenklams gali prasid\u0117ti kur kas ramesnis periodas. Jie gal\u0117s palikti praeityje situacijas, kurios at\u0117m\u0117 j\u0117gas, ir atsikratyti nereikalingos emocin\u0117s \u012ftampos.<\/p>\n<p>Astrologai \u0161iuos poky\u010dius sieja su Vandens O\u017ekos dienos energija. O\u017eka kin\u0173 astrologijoje siejama su geranori\u0161kumu, o vadinamoji U\u017edarymo diena laikoma palankia u\u017ebaigti tai, kas jau nebenaudinga.<\/p>\n<p>O\u017eka<\/p>\n<p>O\u017ekai rugs\u0117jo 6-oji gali tapti ilgai laukto palengv\u0117jimo diena. Stresin\u0117 situacija, kuriai \u0161io \u017eenklo atstovai eikvojo per daug emocini\u0173 j\u0117g\u0173, pagaliau ims prarasti savo reik\u0161m\u0119.<\/p>\n<p>O\u017ekos gal\u0117s atsiriboti nuo kit\u0173 \u017emoni\u0173 problem\u0173 ir nustos bandyti paveikti aplinkini\u0173 elges\u012f. Net ir nedidelis pokytis duos pastebim\u0105 rezultat\u0105: mintys taps ai\u0161kesn\u0117s, o aplinkini\u0173 nuomon\u0117 jaudins kur kas ma\u017eiau.<\/p>\n<p>Triu\u0161is<\/p>\n<p>Triu\u0161iai gal\u0117s pad\u0117ti ta\u0161k\u0105 situacijoje, kuri ilg\u0105 laik\u0105 gadino santykius ir trukd\u0117 susitelkti \u012f darb\u0105. Vietoj neapibr\u0117\u017etumo jie pasirinks s\u0105\u017einingum\u0105 ir labiau pasitik\u0117s sava intuicija.<\/p>\n<p>Kartu pasirengimas kompromisams nerei\u0161kia asmenini\u0173 rib\u0173 atsisakymo. Pats sprendimas nepalaikyti to, kas jiems nebetinka, pad\u0117s gyvenim\u0105 padaryti lengvesn\u012f.<\/p>\n<p>Kiaul\u0117<\/p>\n<p>Kiaul\u0117ms palengv\u0117jimas pirmiausia bus susij\u0119s su po\u017ei\u016brio \u012f problemas pasikeitimu. \u0160io \u017eenklo atstovai re\u010diau priims sprendimus paveikti nerimo ir daugiau d\u0117mesio skirs vidinei ramybei.<\/p>\n<p>Emoci\u0161kai sekinantis periodas gali pasibaigti po atviro pokalbio, kuris pad\u0117s i\u0161siai\u0161kinti situacij\u0105. Kiaul\u0117s taip pat supras, kad neprivalo kiekvienos problemos spr\u0119sti vienos.<\/p>\n<p>Arklys<\/p>\n<p>Arkliai pastaruoju metu gal\u0117jo b\u016bti varginami sud\u0117tingos situacijos, reikalaujan\u010dios nuolatinio sprendim\u0173 paie\u0161kos. Ta\u010diau rugs\u0117jo 6 d. jiems patariama susilpninti kontrol\u0119 ir leisti \u012fvykiams klostytis nat\u016braliau.<\/p>\n<p>Kai tik \u0161io \u017eenklo atstovai nustos prisiimti vis\u0105 atsakomyb\u0119, prie problemos sprendimo gal\u0117s prisid\u0117ti kiti. Tai suma\u017eins spaudim\u0105 ir leis pagaliau pajusti, kad gyvenimas tampa lengvesnis.<\/p>\n","protected":false},"excerpt":{"rendered":"Remiantis kin\u0173 astrologijos prognoze, po sekmadienio, 2026 m. rugs\u0117jo 6 d., keturiems Zodiako \u017eenklams gali prasid\u0117ti kur kas&hellip;\n","protected":false},"author":2,"featured_media":270479,"comment_status":"","ping_status":"","sticky":false,"template":"","format":"standard","meta":{"footnotes":"","_share_on_mastodon":"0"},"categories":[21],"tags":[113,37,39,36,38,40,114],"class_list":["post-270478","post","type-post","status-publish","format-standard","has-post-thumbnail","category-pramogos","tag-entertainment","tag-lietuva","tag-lietuviu","tag-lithuania","tag-lithuanian","tag-lt","tag-pramogos"],"share_on_mastodon":{"url":"https:\/\/pubeurope.com\/@lt\/117224803296024703","error":""},"_links":{"self":[{"href":"https:\/\/www.europesays.com\/lt\/wp-json\/wp\/v2\/posts\/270478","targetHints":{"allow":["GET"]}}],"collection":[{"href":"https:\/\/www.europesays.com\/lt\/wp-json\/wp\/v2\/posts"}],"about":[{"href":"https:\/\/www.europesays.com\/lt\/wp-json\/wp\/v2\/types\/post"}],"author":[{"embeddable":true,"href":"https:\/\/www.europesays.com\/lt\/wp-json\/wp\/v2\/users\/2"}],"replies":[{"embeddable":true,"href":"https:\/\/www.europesays.com\/lt\/wp-json\/wp\/v2\/comments?post=270478"}],"version-history":[{"count":0,"href":"https:\/\/www.europesays.com\/lt\/wp-json\/wp\/v2\/posts\/270478\/revisions"}],"wp:featuredmedia":[{"embeddable":true,"href":"https:\/\/www.europesays.com\/lt\/wp-json\/wp\/v2\/media\/270479"}],"wp:attachment":[{"href":"https:\/\/www.europesays.com\/lt\/wp-json\/wp\/v2\/media?parent=270478"}],"wp:term":[{"taxonomy":"category","embeddable":true,"href":"https:\/\/www.europesays.com\/lt\/wp-json\/wp\/v2\/categories?post=270478"},{"taxonomy":"post_tag","embeddable":true,"href":"https:\/\/www.europesays.com\/lt\/wp-json\/wp\/v2\/tags?post=270478"}],"curies":[{"name":"wp","href":"https:\/\/api.w.org\/{rel}","templated":true}]}}