{"id":270486,"date":"2026-09-06T15:34:13","date_gmt":"2026-09-06T15:34:13","guid":{"rendered":"https:\/\/www.europesays.com\/lt\/270486\/"},"modified":"2026-09-06T15:34:13","modified_gmt":"2026-09-06T15:34:13","slug":"i-jaunimo-teatro-administratorius-prasimuses-bronislovas-apie-saugumiecius-saleje-konjaka-kysiams-ir-grumtynes-su-bajoru-kultura","status":"publish","type":"post","link":"https:\/\/www.europesays.com\/lt\/270486\/","title":{"rendered":"\u012e Jaunimo teatro administratorius \u201eprasimu\u0161\u0119s\u201c Bronislovas \u2013 apie saugumie\u010dius sal\u0117je, konjak\u0105 ky\u0161iams ir grumtynes su Bajoru | Kult\u016bra"},"content":{"rendered":"<p style=\"text-align:left\">\u010cia jis dirbo 1967\u20131973 met\u0173 laikotarpiu (su priverstine dvej\u0173 met\u0173 pertrauka armijoje), savo karjer\u0105 prad\u0117j\u0119s nuo dekoracij\u0173 montuotojo. V\u0117liau, kaip pats \u0161ypsodamasis sako, pama\u017eu kilo karjeros laiptai, buvo scenos ma\u0161inistu, elektriku ap\u0161viet\u0117ju, o galiausiai \u2013 net vyr. administratoriumi.<\/p>\n<p style=\"text-align:left\">\u201eTikriausiai b\u016b\u010diau dar ilgai dirb\u0119s. Jau greitai tur\u0117jau gauti but\u0105 Vilniuje, bet i\u0161\u0117jau i\u0161 teatro d\u0117l gripo komplikacijos ir ilgalaik\u0117s ligos. Dabar galiu pasakyti, kad pasielgiau teisingai\u201c, \u2013 prisimena B.Kerys.<\/p>\n<p style=\"text-align:left\">Su 15min skaitytojais jis mielai sutiko pasidalinti savo paties u\u017era\u0161ytais atsiminimais i\u0161 darbo tuometiniame Jaunimo teatre daugiau nei prie\u0161 \u0161e\u0161is de\u0161imtme\u010dius. \u0160iame pasakojime netr\u016bksta daugeliui pamir\u0161t\u0173, o gal net i\u0161 viso ne\u017einom\u0173 dalyk\u0173, juoking\u0173 ir keist\u0173 istorij\u0173, to laikme\u010dio teatro kasdienyb\u0117s, i\u0161kili\u0173 praeities aktori\u0173 bei re\u017eisieri\u0173 atvaizd\u0173, gastroli\u0173 bei nuotyki\u0173.<\/p>\n<p style=\"text-align:left\">Pirmoji teksto dalis <a href=\"https:\/\/www.15min.lt\/kultura\/naujiena\/asmenybe\/sovietmeciu-jaunimo-teatre-scenos-darbininku-dirbes-bronislovas-atlyginimai-buvo-labai-mazi-darbas-keistas-ir-nenormuotas-285-2746994\" target=\"_blank\" rel=\"nofollow noopener\">Sovietme\u010diu Jaunimo teatre scenos darbininku dirb\u0119s Bronislovas: \u201eAtlyginimai buvo labai ma\u017ei, darbas keistas ir nenormuotas\u201c<\/a><\/p>\n<p style=\"text-align:left\">Antroji teksto dalis <a href=\"https:\/\/www.15min.lt\/kultura\/naujiena\/teatras\/isbales-jusu-veidas-kaip-scenos-darbininkas-bronislovas-nustebino-aktoriu-surna-283-2751572\" rel=\"nofollow noopener\" target=\"_blank\">\u201eI\u0161bal\u0119s j\u016bs\u0173 veidas\u201c: kaip scenos darbininkas Bronislovas nustebino legendin\u012f aktori\u0173 \u0160urn\u0105<\/a><\/p>\n<p style=\"text-align:left\">***<\/p>\n<p style=\"text-align:left\">Sugr\u012f\u017e\u0119s i\u0161 armijos, nuo 1972 met\u0173 gegu\u017e\u0117s 16 dienos v\u0117l dirbau Jaunimo teatre. Laisvas buvo tik elektriko ap\u0161viet\u0117jo etatas, tai ir tapau elektriku. Su spektakliu \u201eUgnis u\u017eantyje\u201c (1972) ir kitais spektakliais va\u017ein\u0117jau \u012f gastroles. Dar lyg ir buvo gastrol\u0117se ir eksperimentinis spektaklis \u201eEzopas\u201c (1971), kuriame Melita buvo aktor\u0117 Janina Matekonyt\u0117.<\/p>\n<p> <a href=\"https:\/\/s1.15min.lt\/images\/photos\/2026\/09\/01\/original\/kita-004-vvu-1968-noveles-apie-meile-rez-ciunis-6a967990709e3.jpg\" rel=\"content-image nofollow noopener\" title=\"Bronislovo Kerio asmeninio archyvo nuotr.\/VU student\u0173 spektaklyje \u201eNovel\u0117s apie meil\u0119\u201c 1968\" target=\"_blank\"><img decoding=\"async\" alt=\"Bronislovo Kerio asmeninio archyvo nuotr.\/VU student\u0173 spektaklyje \u201eNovel\u0117s apie meil\u0119\u201c 1968\" rel=\"content-image\" src=\"https:\/\/www.europesays.com\/lt\/wp-content\/uploads\/2026\/09\/kita-004-vvu-1968-noveles-apie-meile-rez-ciunis-6a967990709e3.jpg\" style=\"width: auto; height: auto;\"\/><\/a> <\/p>\n<p>Bronislovo Kerio asmeninio archyvo nuotr.\/VU student\u0173 spektaklyje \u201eNovel\u0117s apie meil\u0119\u201c 1968<\/p>\n<p style=\"text-align:left\">Teatro elektrikas \u012f gastroles ve\u017edavosi didel\u0119 d\u0117\u017e\u0119 su pro\u017eektoriais, kabeliais ir kitokiais reikalingais dalykais. Sakykim, \u201eSkapeno klastose\u201c reik\u0117davo padaryti sprogim\u0105. Tam reik\u0117jo ve\u017etis parako, elektros spiral\u0119, kabel\u012f su jungikliu. Ma\u017eose sal\u0117se scenos ap\u0161vietimui u\u017etekdavo keli\u0173 atsive\u017et\u0173 pro\u017eektori\u0173, bet didesn\u0117se scenose jau b\u016bdavo ir \u0161ioki\u0173 toki\u0173 vietini\u0173 ap\u0161vietimo prietais\u0173. Kai kur scenose b\u016bdavo transformatoriai, o keliose scenose aptikau ir vadinam\u0173j\u0173 \u201e\u0161telverk\u0173\u201c \u2014 scenos ap\u0161vietimo transformatori\u0173 valdymo agregat\u0173. Tekdavo vietin\u0119 aparat\u016br\u0105 derinti su teatro atsive\u017eta. Atva\u017eiav\u0119s vienintelis teatro elektrikas tur\u0117davo visk\u0105 su\u017einoti, visk\u0105 mok\u0117ti, laiku susp\u0117ti visk\u0105 teisingai sujungin\u0117ti ir i\u0161bandyti. Kartais tokie eksperimentai b\u016bdavo visai \u012fdom\u016bs.<\/p>\n<p> *** <\/p>\n<p style=\"text-align:left\">1972 metais teatro direktoriumi buvo aktorius Algimantas Ma\u017euolis, o vyriausiasis administratorius jau kiek laiko buvo ding\u0119s. Direktorius prad\u0117jo \u012fkalbin\u0117ti mane b\u016bti teatro vyriausiuoju administratoriumi. I\u0161 karto kategori\u0161kai atsisakiau. Pagal temperament\u0105 a\u0161 melancholikas ir negaliu dirbti tokio darbo, kuriame reikia bendrauti su \u017emon\u0117mis, reikia b\u016bti apsukriam, kur reikia i\u0161gerti kavut\u0117s, kur reikia i\u0161gerti konjako ar dar ko nors. Reikia organizuoti, kad visuomet b\u016bt\u0173 daug \u017ei\u016brov\u0173, tartis d\u0117l popieriaus gavimo, reklam\u0173 ir kitoki\u0173 spaudini\u0173 spausdinimo, organizuoti gastroles. Visur kavut\u0117s ir kitokie g\u0117rimai, pa\u017eintys. Ne, ne.<\/p>\n<p style=\"text-align:left\">Bet direktorius nenustojo \u012fkalbin\u0117ti. Darbas elektriku be perspektyvos, o administratoriumi ir presti\u017eas, ir atlyginimas didesnis, ir but\u0105 grei\u010diau gau\u010diau. Supratau, kad darau klaid\u0105, bet sutikau. \u0160i klaida ir nul\u0117m\u0117 vis\u0105 tolimesn\u012f mano gyvenim\u0105. Tai buvo pati did\u017eiausia mano klaida.<\/p>\n<p style=\"text-align:left\">Mano gyvenimas tuo metu buvo sunkus ir labai sunkus. Nuo gr\u012f\u017eimo i\u0161 armijos, nuo \u012fsidarbinimo teatre 1972 met\u0173 gegu\u017e\u0117s 16 dien\u0105 Vilniuje gyvenau nelegaliai, gyventi netur\u0117jau kur. Nuo pat pirmos dienos nakvodavau teatro elektrik\u0173 kambaryje sand\u0117lyje, kuriame sudedamoji lovel\u0117 vos \u012ftilpdavo. Dabar sunku net \u012fsivaizduoti, kaip tada i\u0161gyvenau.<\/p>\n<p> <a href=\"https:\/\/s1.15min.lt\/images\/photos\/2026\/09\/01\/original\/kita-011-bronislovas-kazkur-gastolese-scenoje-6a96798cbcb07.jpg\" rel=\"content-image nofollow noopener\" title=\"Bronislovo Kerio asmeninio archyvo nuotr.\/Bronislovas Kerys gastrol\u0117se\" target=\"_blank\"><img decoding=\"async\" alt=\"Bronislovo Kerio asmeninio archyvo nuotr.\/Bronislovas Kerys gastrol\u0117se\" rel=\"content-image\" src=\"https:\/\/www.europesays.com\/lt\/wp-content\/uploads\/2026\/09\/kita-011-bronislovas-kazkur-gastolese-scenoje-6a96798cbcb07.jpg\" style=\"width: auto; height: auto;\"\/><\/a> <\/p>\n<p>Bronislovo Kerio asmeninio archyvo nuotr.\/Bronislovas Kerys gastrol\u0117se<\/p>\n<p style=\"text-align:left\">Tap\u0119s administratoriumi tur\u0117jau i\u0161 elektrik\u0173 kambario i\u0161sikraustyti. Persik\u0117liau \u012f vyriausiojo re\u017eisieriaus kabinet\u0105. Dien\u0105 kabinetas kaip kabinetas, o nakt\u012f i\u0161 sienin\u0117s spintos i\u0161siimdavau patalyn\u0119 ir pasiklodavau ant sofos. Ne\u017einau, ar Vytautas \u010cibiras \u017einojo, kad a\u0161 nakvoju jo kabinete. Tikriausiai \u017einojo, bet nei\u0161sidav\u0117, n\u0117 karto man nepasak\u0117 n\u0117 \u017eodelio.<\/p>\n<blockquote class=\"leftside\">\n<p>Tap\u0119s administratoriumi tur\u0117jau i\u0161 elektrik\u0173 kambario i\u0161sikraustyti. Persik\u0117liau \u012f vyriausiojo re\u017eisieriaus kabinet\u0105.<\/p>\n<\/blockquote>\n<p style=\"text-align:left\">I\u0161 Jaunimo teatro ir mano pus\u0117s buvo sutvarkyti visi dokumentai, kad gal\u0117\u010diau gyventi tame bendrabutyje, kuriame seniau gyveno daugelis Jaunimo teatro aktori\u0173. Kambarys, kuriame gal\u0117\u010diau gyventi, buvo tu\u0161\u010dias. Bet bendrabu\u010dio komendantas u\u017esispyr\u0117 ir parei\u0161k\u0117, kad man\u0119s nepriims tol, kol i\u0161 bendrabu\u010dio nei\u0161siregistruos ten seniau gyven\u0119 Vilhelmas Vai\u010dekauskas ir Antanas Nara\u0161kevi\u010dius.<\/p>\n<p style=\"text-align:left\">Vilius i\u0161 Jaunimo teatro buvo ding\u0119s. Vis\u0173, kurie susitikdavo Vili\u0173, pra\u0161iau papra\u0161yti, kad jis i\u0161siregistruot\u0173. Sak\u0117si perdav\u0119 mano pra\u0161ym\u0105, bet niekas nesikeit\u0117. Tik dabar i\u0161 interneto \u017einau, kad V. Vai\u010dekauskui tuomet irgi buvo sunk\u016bs laikai. A.Nara\u0161kevi\u010diaus nepa\u017einojau ir net ne\u017einojau, kur ie\u0161koti. Bet bendrabu\u010dio komendantas sak\u0117, kad abu buvo daug kart\u0173 pra\u0161yti i\u0161siregistruoti. Dabar i\u0161 interneto \u017einau, kad abu buvo talentingi, gab\u016bs, draugams palik\u0119 gerus atsiminimus. Ir abu tada past\u016bm\u0117 mane \u017eemyn. Gyvenau teatre ir laukiau, kol jie i\u0161siregistruos.<\/p>\n<p>  *** <\/p>\n<p style=\"text-align:left\">Pirmus tris m\u0117nesius administratoriaus darbas man buvo naujas ir d\u0117l to kartais gana \u012fdomus. Kai buvau scenos vyriausiuoju ma\u0161inistu, mano nuotrauka kabodavo greta aktori\u0173 nuotrauk\u0173 prie \u017ei\u016brov\u0173 sal\u0117s. Dabar mano nuotrauka buvo surasta ir v\u0117l pakabinta prie kit\u0173 nuotrauk\u0173. Teatro siuv\u0117jai pasiuvo ger\u0105 kostium\u0105 ir spektakli\u0173 metu valdydavau vis\u0105 teatr\u0105. Kasininkes, biliet\u0173 kontrolieres prie dur\u0173, r\u016bbin\u0119 ir r\u016bbininkes. Tardavausi su spektaklio ved\u0117ja d\u0117l spektaklio prad\u017eios, pertrauk\u0173. Sprend\u017eiau \u017ei\u016brov\u0173 ir \u017ei\u016brov\u0173 viet\u0173 problemas, jei toki\u0173 b\u016bdavo.<\/p>\n<p> <a href=\"https:\/\/s1.15min.lt\/images\/photos\/2026\/09\/01\/original\/kita-010-jaunimo-teatro-gastrolese-istrigee-6a967993bd092.jpg\" rel=\"content-image nofollow noopener\" title=\"Bronislovo Kerio asmeninio archyvo nuotr.\/\u012estrig\u0119. Jaunimo teatro gastrol\u0117se\" target=\"_blank\"><img decoding=\"async\" alt=\"Bronislovo Kerio asmeninio archyvo nuotr.\/\u012estrig\u0119. Jaunimo teatro gastrol\u0117se\" rel=\"content-image\" src=\"https:\/\/www.europesays.com\/lt\/wp-content\/uploads\/2026\/09\/kita-010-jaunimo-teatro-gastrolese-istrigee-6a967993bd092.jpg\" style=\"width: auto; height: auto;\"\/><\/a> <\/p>\n<p>Bronislovo Kerio asmeninio archyvo nuotr.\/\u012estrig\u0119. Jaunimo teatro gastrol\u0117se<\/p>\n<p style=\"text-align:left\">Kart\u0105 paskambino i\u0161 Ministr\u0173 tarybos, kad spektakl\u012f \u017ei\u016br\u0117sianti Ministr\u0173 tarybos pirmininko pavaduotoja, gal dar ir u\u017esienio reikal\u0173 ministr\u0117 Leokadija Dir\u017einskait\u0117. Palikau jai kiek pra\u0161\u0117 viet\u0173 \u0161e\u0161toje eil\u0117je. Pa\u017eym\u0117jau tas vietas sal\u0117s plane. Kasinink\u0117 nepa\u017ei\u016br\u0117jo ir \u012f tas vietas pardav\u0117 bilietus. Tai t\u0105 vienintel\u012f kart\u0105 pakliuvau \u012f nemaloni\u0105 situacij\u0105. Leokadija Dir\u017einskait\u0117 eina s\u0117stis, o vietos u\u017eimtos. Ten s\u0117dinti moteris supyksta, pradeda ie\u0161koti lygyb\u0117s. Vos vos nuraminau, pasodinau \u012f saugumie\u010diams skirtas vietas.<\/p>\n<blockquote class=\"leftside\">\n<p>\u017di\u016brov\u0173 sal\u0117je devinta eil\u0117 buvo skirta kviestiems \u017ei\u016brovams. Ten b\u016bdavo paliktos keturios vietos ir saugumie\u010diams.<\/p>\n<\/blockquote>\n<p style=\"text-align:left\">\u017di\u016brov\u0173 sal\u0117je devinta eil\u0117 buvo skirta kviestiems \u017ei\u016brovams. Ten b\u016bdavo paliktos keturios vietos ir saugumie\u010diams. Prie\u0161 spektakl\u012f teatro direktorius pristat\u0117 man saugumiet\u012f, atsaking\u0105 u\u017e Jaunimo teatr\u0105. Nusijuokiau, kai pristat\u0117 man pa\u017e\u012fstam\u0105 lituanist\u0105, prad\u0117jus\u012f studijuoti por\u0105 met\u0173 anks\u010diau u\u017e mane. Buvom kartu va\u017eiav\u0119 \u012f ekskursij\u0105 po ra\u0161ytoj\u0173 t\u0117vi\u0161kes.<\/p>\n<p style=\"text-align:left\">Tr\u016bkdavo biliet\u0173 kontrolieri\u0173, o j\u0173 reik\u0117davo trij\u0173. Kart\u0105 vietoj kontrolier\u0117s atsistojo barzdotas vienos aktor\u0117s draugas. Kai jam prireik\u0117 ka\u017ekur nueiti, kelias minutes pastov\u0117jau a\u0161. Ir kaip tik tuo metu pri\u0117jo pora \u017emoni\u0173, prisistat\u0117 esantys i\u0161 ministerijos. Pakalb\u0117jom ir juos \u012fleidau \u012f sal\u0119 be biliet\u0173. Bet jie suman\u0117 man atsilyginti ir \u012fki\u0161o \u012f vir\u0161utin\u0119 ki\u0161en\u0117l\u0119 ka\u017ekiek pinig\u0173. Tai pamat\u0117 gr\u012f\u017etantis aktor\u0117s draugas ir labai pasipiktino. Ne\u017ei\u016br\u0117damas, kiek ten t\u0173 pinig\u0173, i\u0161traukiau ir atidaviau jam. Jis nul\u0117k\u0117 prie t\u0173 \u017emoni\u0173 ir pinigus gr\u0105\u017eino, negird\u0117jau su kokiu tekstu, nes man reik\u0117jo aptarnauti einan\u010dius \u017ei\u016brovus.<\/p>\n<p>  *** <\/p>\n<p style=\"text-align:left\">Kompozitorius Feliksas Bajoras, k\u016br\u0119s ger\u0105 muzik\u0105 daugeliui Jaunimo teatro spektakli\u0173, prie\u0161 spektakl\u012f nerimaudavo, vaik\u0161\u010diodavo tai \u012f sal\u0119, tai \u012f scen\u0105 pas aktorius, garso operatori\u0173. Spektaklio ar dalies prad\u017eioje, kai sal\u0117je i\u0161jungiama \u0161viesa, akimirk\u0105, kai sal\u0117je ir scenoje b\u016bna tamsa ir aktoriai tamsoje atsistoja savo vietose, da\u017eniausiai groja muzika, jokiu b\u016bdu negalima atidaryti \u017ei\u016brov\u0173 sal\u0117s dur\u0173, nes foj\u0117 \u0161viesu ir per duris b\u016bt\u0173 ap\u0161viesta dalis sal\u0117s ir scenos, b\u016bt\u0173 sugadinta spektaklio ar dalies prad\u017eia.<\/p>\n<p> <a href=\"https:\/\/s1.15min.lt\/images\/photos\/2026\/09\/01\/original\/002a-gaudeamus-03-rez-ciunis-desineje-6a967996eaa52.jpg\" rel=\"content-image nofollow noopener\" title=\"Bronislovo Kerio asmeninio archyvo nuotr.\/Bronislovas Kerys su kolegomis teatralais\" target=\"_blank\"><img decoding=\"async\" alt=\"Bronislovo Kerio asmeninio archyvo nuotr.\/Bronislovas Kerys su kolegomis teatralais\" rel=\"content-image\" src=\"https:\/\/www.europesays.com\/lt\/wp-content\/uploads\/2026\/09\/002a-gaudeamus-03-rez-ciunis-desineje-6a967996eaa52.jpg\" style=\"width: auto; height: auto;\"\/><\/a> <\/p>\n<p>Bronislovo Kerio asmeninio archyvo nuotr.\/Bronislovas Kerys su kolegomis teatralais<\/p>\n<p style=\"text-align:left\">Kart\u0105 stoviu \u017ei\u016brov\u0173 sal\u0117je prie dur\u0173. G\u0119sta \u0161viesos, u\u017edarau duris, pro dur\u0173 tarpel\u012f sp\u0117ju pamatyti, kad i\u0161 aktori\u0173 kambariuko i\u0161l\u0117k\u0117 F. Bajoras ir pasuko link sal\u0117s dur\u0173. O sal\u0117je jau tamsu. \u010ciumpu u\u017e dur\u0173 rankenos, pakeliu \u012f vir\u0161\u0173 ir laikau, kad niekas neatidaryt\u0173. Jau kit\u0105 akimirk\u0105 juntu kaip F. Bajoras lenkia ranken\u0105 \u017eemyn. A\u0161 laikau i\u0161 vis\u0173 j\u0117g\u0173 ir nepasiduodu. Taip ir galyn\u0117jam\u0117s \u2014 F. Bajoras vienoje dur\u0173 pus\u0117je, a\u0161 kitoje. Taisykl\u0117s visiems vienodos.<\/p>\n<blockquote class=\"leftside\">\n<p>Kompozitorius Feliksas Bajoras, k\u016br\u0119s ger\u0105 muzik\u0105 daugeliui Jaunimo teatro spektakli\u0173, prie\u0161 spektakl\u012f nerimaudavo, vaik\u0161\u010diodavo tai \u012f sal\u0119, tai \u012f scen\u0105 pas aktorius.<\/p>\n<\/blockquote>\n<p style=\"text-align:left\">F.Bajoras paleido ranken\u0105 pirmas, matyt, suprato, kad tas momentas, kur\u012f nor\u0117jo pamatyti ar i\u0161girsti, pra\u0117jo. Veiksmas scenoje jau prasid\u0117jo. A\u0161 irgi paleidau ranken\u0105 ir pa\u0117jau toliau nuo dur\u0173. F.Bajoras \u012f\u0117jo, atsis\u0117do ir man nieko nebesak\u0117. O buvo ir kitos durys sal\u0117s gale, tamsesn\u0117je vietoje, j\u0173 niekas nelaik\u0117, per jas buvo galima vaik\u0161tin\u0117ti ir spektaklio metu.<\/p>\n<p> *** <\/p>\n<p style=\"text-align:left\">Literat\u016brin\u0117s dalies ved\u0117ja tuo metu buvo Au\u0161ra Sluckait\u0117. Ji tur\u0117davo parengti ir spektakli\u0173 program\u0117les. Ne\u017einojau, kur jos ie\u0161koti ir neie\u0161kojau. Tuo metu reik\u0161ming\u0173 premjerini\u0173 program\u0117li\u0173 nereik\u0117jo, o paprastas program\u0117les parengdavau a\u0161 pats. A\u0161 pasira\u0161ydavau, direktorius u\u017ed\u0117davo apval\u0173 teatro antspaud\u0105 ir ne\u0161davau \u012f \u201eglavlit\u0105\u201c \u2014 cenz\u016bros organizacij\u0105. Ten toks pagyven\u0119s vyri\u0161kis ilgai skaitydavo ir u\u017ed\u0117davo savo antspaud\u0105. Tada, nusipirk\u0119s konjako, ne\u0161davau \u012f spaustuv\u0119.<\/p>\n<p style=\"text-align:left\">Kai dirbau administratoriumi, buvo tik dvi sud\u0117tingos spektakli\u0173 programos. Spektaklio \u201eGele\u017ein\u0117s princes\u0117s diena\u201c dailinink\u0117 V.Mykolaityt\u0117 pareng\u0117 tris vieno spektaklio programas. Gelton\u0105, oran\u017ein\u0119 ir m\u0117lyn\u0105. Geltonosios programos maketas ir visos trys programos dabar pas mane ant stalo. Visos para\u0161ytos tokiu \u0161riftu, kur\u012f a\u0161 ir dabar sunkiai perskaitau. O to teksto ir pie\u0161ini\u0173 kiekvienoje programoje po \u0161e\u0161is puslapius.<\/p>\n<p> <a href=\"https:\/\/s1.15min.lt\/images\/photos\/2026\/09\/01\/original\/_5f05645d-7b4f-47ea-98b7-a90fdb3be13f-6a967a0d5b2fa.jpg\" rel=\"content-image nofollow noopener\" title=\"Bronislovo Kerio asmeninio archyvo nuotr.\/Bronislovas Kerys Vilniaus universiteto student\u0173 spektaklyje\" target=\"_blank\"><img decoding=\"async\" alt=\"Bronislovo Kerio asmeninio archyvo nuotr.\/Bronislovas Kerys Vilniaus universiteto student\u0173 spektaklyje\" rel=\"content-image\" src=\"https:\/\/www.europesays.com\/lt\/wp-content\/uploads\/2026\/09\/_5f05645d-7b4f-47ea-98b7-a90fdb3be13f-6a967a0d5b2fa.jpg\" style=\"width: auto; height: auto;\"\/><\/a> <\/p>\n<p>Bronislovo Kerio asmeninio archyvo nuotr.\/Bronislovas Kerys Vilniaus universiteto student\u0173 spektaklyje<\/p>\n<p style=\"text-align:left\">Spektaklio \u201eVakarien\u0117 penkiems\u201c program\u0105 prakeik\u0117 biliet\u0173 kontrolier\u0117s. Prie\u0161 parduodant, kiekvien\u0105 program\u0105 reik\u0117jo sud\u0117tingai sulankstyti. Dailininkas K.A.Piumanas paliko man \u0161ios programos maket\u0105 ir i\u0161va\u017eiavo namo \u012f Estij\u0105. Makete viena ant kitos buvo suklijuotos aktori\u0173 nuotraukos. Buvau truput\u012f fotografas ir i\u0161 karto pasteb\u0117jau, kad viena nuotrauka pa\u017eeid\u017eia kompozicij\u0105. Tikriausiai R. Karvelio nuotrauka buvo per daug arti prie V. Bagdono nuotraukos. Maniau es\u0105s labai protingas ir perklijavau nuotrauk\u0105. Nuotraukos buvo priklijuotos prastais klijais ir lengvai atsiklijavo, tai viskas man pavyko. Dabar \u017ei\u016briu \u012f \u0161i\u0105 program\u0105 ir jau nebeatsimenu, k\u0105 a\u0161 joje pakei\u010diau.<\/p>\n<blockquote class=\"leftside\">\n<p>I\u0161 spaustuv\u0117s afi\u0161as ve\u017edavau \u012f toki\u0105 \u012fstaig\u0105, kuri vadovavo afi\u0161\u0173 klijavimui mieste. Visur reik\u0117jo pra\u0161yti, tartis, kaip nors papirkin\u0117ti.<\/p>\n<\/blockquote>\n<p style=\"text-align:left\">Blogiau buvo su afi\u0161omis. Pirma reik\u0117davo va\u017eiuoti \u012f kuri\u0105 nors viet\u0105 gauti reikalingo popieriaus. Tai buvo nelengva. Lengviausia b\u016bdavo gauti laikra\u0161tinio popieriaus rulon\u0105, bet spaustuvininkai nenor\u0117jo ant tokio spausdinti, reik\u0117davo gerai papra\u0161yti.<\/p>\n<p style=\"text-align:left\">Afi\u0161os tekst\u0105 irgi pats para\u0161ydavau. Teatro emblem\u0105 tur\u0117jo spaustuvininkai, reik\u0117jo tik nurodyti, kur \u012fd\u0117ti. I\u0161 spaustuv\u0117s afi\u0161as ve\u017edavau \u012f toki\u0105 \u012fstaig\u0105, kuri vadovavo afi\u0161\u0173 klijavimui mieste. Visur reik\u0117jo pra\u0161yti, tartis, kaip nors papirkin\u0117ti. Man tai labai nepatiko.<\/p>\n<p>  *** <\/p>\n<p style=\"text-align:left\">Kai spektaklyje \u017ei\u016brov\u0173 daug \u2014 administratorius geras, kai \u017ei\u016brov\u0173 ma\u017eai \u2014 administratorius blogas. Buvo tai laikai, kai Jaunimo teatras nebuvo kuo nors labai i\u0161siskiriantis, ir \u017ei\u016brov\u0173 da\u017eniausiai neb\u016bdavo daug. Kadangi mes man\u0117me, kad Jaunimo teatro visi spektakliai geri, tai d\u0117l \u017ei\u016brov\u0173 nebuvimo b\u016bdavo kaltas administratorius. Reik\u0117jo b\u016bti gerai atrodan\u010diu reik\u0161mingu ponu, tur\u0117ti daug \u012ftaking\u0173 draug\u0173, bendrauti su Vilniaus \u012fmoni\u0173, \u012fstaig\u0173 ir kitoki\u0173 darini\u0173 direktoriais, vir\u0161ininkais, j\u0173 pavaduotojais vien d\u0117l to, kad jie \u201enupirkt\u0173\u201c kur\u012f nors spektakl\u012f ar tam tikr\u0105 kiek\u012f spektakli\u0173 biliet\u0173. Reik\u0117jo mok\u0117ti visiems \u012fsiteikti kokiu nors \u201eky\u0161iu\u201c, su visais i\u0161gerti po buteliuk\u0105 kokio brangaus g\u0117rimo.<\/p>\n<blockquote class=\"leftside\">\n<p>Reik\u0117jo mok\u0117ti visiems \u012fsiteikti kokiu nors \u201eky\u0161iu\u201c, su visais i\u0161gerti po buteliuk\u0105 kokio brangaus g\u0117rimo.<\/p>\n<\/blockquote>\n<p style=\"text-align:left\">Dar reik\u0117jo r\u016bpintis spektakli\u0173 nuotraukomis, j\u0173 eksponavimu keliuose stenduose mieste ir prie teatro. Apie spektaklius informuoti laikra\u0161\u010dius. Reklamuoti teatr\u0105 ir spektaklius visokiais \u012fmanomais b\u016bdais. Buvau prad\u0117j\u0119s ir pats ra\u0161in\u0117ti \u012f laikra\u0161\u010dius. Reik\u0117jo daryti visk\u0105, kad spektakliuose visuomet b\u016bt\u0173 daug \u017ei\u016brov\u0173. Bet man nesisek\u0117. D\u0117l to, kad negal\u0117jau b\u016bti tokiu, kokiu reik\u0117jo b\u016bti.<\/p>\n<p> <a href=\"https:\/\/s1.15min.lt\/images\/photos\/2026\/09\/01\/original\/kita-005-vvu-teatralai-vyksta-i-gastroles-ciunis-3-kaireje-6a96797d174b3.jpg\" rel=\"content-image nofollow noopener\" title=\"Bronislovo Kerio asmeninio archyvo nuotr.\/VU teatralai vyksta \u012f gastroles. Kair\u0117je \u2013 re\u017eisirius Leonas Ciunis\" target=\"_blank\"><img decoding=\"async\" alt=\"Bronislovo Kerio asmeninio archyvo nuotr.\/VU teatralai vyksta \u012f gastroles. Kair\u0117je \u2013 re\u017eisirius Leonas Ciunis\" rel=\"content-image\" src=\"https:\/\/www.europesays.com\/lt\/wp-content\/uploads\/2026\/09\/kita-005-vvu-teatralai-vyksta-i-gastroles-ciunis-3-kaireje-6a96797d174b3.jpg\" style=\"width: auto; height: auto;\"\/><\/a> <\/p>\n<p>Bronislovo Kerio asmeninio archyvo nuotr.\/VU teatralai vyksta \u012f gastroles. Kair\u0117je \u2013 re\u017eisirius Leonas Ciunis<\/p>\n<p style=\"text-align:left\">Ir dar buvau visi\u0161kas blaivininkas. Vis da\u017eniau apimdavo neviltis ir depresija. I\u0161eidavau \u012f netoliese esant\u012f skveriuk\u0105 ir s\u0117d\u0117davau nematydamas jokios i\u0161eities. Ne vienas iki man\u0119s buv\u0119s administratorius, atsid\u016br\u0119s tokioje pat pad\u0117tyje, parsine\u0161davo butel\u012f skanaus g\u0117rimo. A\u0161 negal\u0117jau&#8230;<\/p>\n<p> *** <\/p>\n<p style=\"text-align:left\">Viskas pasibaig\u0117 staiga. 1973 met\u0173 sausio prad\u017eioje susirgau gripu. Negul\u0117jau, nes nebuvo kur gul\u0117ti. Re\u017eisieriaus kabinete tik nakvodavau. Po keli\u0173 dien\u0173, pamiegoj\u0119s re\u017eisieriaus kabinete ant sofos, gird\u017eiu, kad jau at\u0117jo teatro budin\u010dioji. M\u0117ginu keltis ir staigiai prasideda \u0161irdies priepuolis. \u0160iaip taip prieinu iki dur\u0173: \u201eGreit\u0105j\u0105&#8230;\u201c Budin\u010dioji suprato i\u0161 vieno \u017eod\u017eio ir mano i\u0161vaizdos.<\/p>\n<p style=\"text-align:left\">Jau nebesik\u0117liau, gul\u0117jau re\u017eisieriaus kabinete ir dienomis. Po tre\u010dio priepuolio i\u0161ve\u017e\u0117 \u012f ligonin\u0119. Po ligonin\u0117s sveikata nepager\u0117jo, gal dar ir pablog\u0117jo. Netur\u0117damas kur d\u0117tis, dar gulin\u0117jau re\u017eisieriaus kabinete. Gal\u0117jau tik gul\u0117ti, atsis\u0117dus art\u0117davo priepuolis.<\/p>\n<blockquote class=\"leftside\">\n<p>Vis da\u017eniau apimdavo neviltis ir depresija. I\u0161eidavau \u012f netoliese esant\u012f skveriuk\u0105 ir s\u0117d\u0117davau nematydamas jokios i\u0161eities.<\/p>\n<\/blockquote>\n<p style=\"text-align:left\">Po kiek laiko pagyvenau pas aktorius Nijol\u0119 Gel\u017einyt\u0119, Sauli\u0173 Sipait\u012f, paskui dar pas aktori\u0173 Leon\u0105 Ciun\u012f. Atrod\u0117, kad tuoj pasveiksiu, bet nepasveikdavau ir atsirasdavo prie\u017eastis i\u0161eiti gyventi kitur. Kovo m\u0117nes\u012f para\u0161iau atsistatydinimo parei\u0161kim\u0105. Atva\u017eiavo sesuo ir i\u0161sive\u017e\u0117 mane \u012f Viek\u0161nius. Dauguma mano daikt\u0173 gal dar pusei met\u0173 liko teatre, u\u017erakinti spintose koridoriuje.<\/p>\n<p style=\"text-align:left\">Re\u017eisierius Vytautas \u010cibiras gal ir buvo nepatenkintas, kad buvau u\u017e\u0117m\u0119s jo kabinet\u0105, bet man nieko nesak\u0117. Kai dar dirbau scenos darbininku, ma\u0161inistu, mes, scenos darbininkai, be murm\u0117jimo vykdydavome re\u017eisieriaus reikalavimus. \u012edomu b\u016bdavo jo klausytis per repeticijas. Mums jis buvo autoritetas.<\/p>\n<p> *** <\/p>\n<p style=\"text-align:left\">Po daug met\u0173, mokydamasis Vilniuje bibliotekinink\u0173 tobulinimosi institute, sumaniau nueiti \u012f Jaunimo teatro spektakl\u012f. Seniai seniai toje vietoje, kur dabar Jaunimo teatras, buvo vadinamasis \u201eArkli\u0173 klubas\u201c. Kai buvo nutarta toje vietoje padaryti Jaunimo teatr\u0105, teatro direktorius A.Ma\u017euolis, a\u0161 ir dar keletas \u017emoni\u0173, gal architekt\u0173, nuva\u017eiavome ap\u017ei\u016br\u0117ti tos vietos. Viskas buvo jau apgriauta. Atsimenu tik daug laipt\u0173 liekan\u0173 ir griuv\u0117sius. Nebuvo \u012f k\u0105 ir \u017ei\u016br\u0117ti.<\/p>\n<p style=\"text-align:left\">Naujajame Jaunimo teatre dar nebuvau buv\u0119s. Pasi\u0117miau sen\u0105 Jaunimo teatro darbuotojo pa\u017eym\u0117jim\u0105 ir nu\u0117jau pas administratori\u0173. To pa\u017eym\u0117jimo rodyti nereik\u0117jo. Pasisakiau, kas esu, ir administratorius nieko neklausin\u0117damas para\u0161\u0117 pakvietim\u0105 \u012f spektakl\u012f. Nor\u0117jau daugiau k\u0105 nors pamatyti, bet nedr\u012fsau kur nors land\u017eioti, likau eiliniu \u017ei\u016brovu.<\/p>\n<p style=\"text-align:left\">Bevaik\u0161\u010diojant\u012f foj\u0117 pamat\u0117 mane re\u017eisier\u0117 Dalia Tamulevi\u010di\u016bt\u0117. Nors buvo pra\u0117j\u0119 daug met\u0173, pa\u017eino mane, pri\u0117jo, pasikalb\u0117jome. Prisiminiau, kad kai dirbau scenos darbininku, scenos ma\u0161inistu, labiausiai bijojome teatro vyriausiosios re\u017eisier\u0117s Aurelijos Ragauskait\u0117s. Jei kas nepatiko, gal\u0117jai ir i\u0161 darbo i\u0161l\u0117kti. Dirbome nemurm\u0117dami.<\/p>\n<blockquote class=\"leftside\">\n<p>Naujajame Jaunimo teatre dar nebuvau buv\u0119s. Pasi\u0117miau sen\u0105 Jaunimo teatro darbuotojo pa\u017eym\u0117jim\u0105 ir nu\u0117jau pas administratori\u0173. To pa\u017eym\u0117jimo rodyti nereik\u0117jo.<\/p>\n<\/blockquote>\n<p style=\"text-align:left\">Re\u017eisieriaus Vytauto \u010cibiro irgi klaus\u0117m\u0117s nemurm\u0117dami. O kai dirbdavo re\u017eisier\u0117 Dalia Tamulevi\u010di\u016bt\u0117, mes i\u0161dr\u012fsdavom ir pamurm\u0117ti. Gal tod\u0117l, kad ji da\u017eniausiai b\u016bdavo linksma ir geranor\u0117. Su ja buvo galima susitarti k\u0105 ir kaip padaryti.<\/p>\n<p style=\"text-align:left\">Ir visai nekokie darbininkai mes b\u016bdavome, kai dirbdavo re\u017eisier\u0117 Irena Bu\u010dien\u0117. Ji daug k\u0105 bandydavo vietoje ir mums kartais atrodydavo, kad ji pati ne\u017eino, ko nori. Tai ir mes dar lindom su pasi\u016blymais \u201emes negalim taip, mes negalim anaip\u201c. Da\u017eniau matydavau j\u0105 susikrimtusi\u0105, negu linksm\u0105. Kartais nor\u0117davau j\u0105 paguosti, bet nedr\u012fsau.<\/p>\n<p style=\"text-align:left\">T\u0105 dien\u0105 paskutin\u012f kart\u0105 atsisveikinau su re\u017eisiere Dalia Tamulevi\u010di\u016bte ir nu\u0117jau \u012f sal\u0119 \u017ei\u016br\u0117ti jos re\u017eisuoto spektaklio.<\/p>\n","protected":false},"excerpt":{"rendered":"\u010cia jis dirbo 1967\u20131973 met\u0173 laikotarpiu (su priverstine dvej\u0173 met\u0173 pertrauka armijoje), savo karjer\u0105 prad\u0117j\u0119s nuo dekoracij\u0173 montuotojo.&hellip;\n","protected":false},"author":2,"featured_media":270487,"comment_status":"","ping_status":"","sticky":false,"template":"","format":"standard","meta":{"footnotes":"","_share_on_mastodon":"0"},"categories":[21],"tags":[113,37,39,36,38,40,114],"class_list":["post-270486","post","type-post","status-publish","format-standard","has-post-thumbnail","category-pramogos","tag-entertainment","tag-lietuva","tag-lietuviu","tag-lithuania","tag-lithuanian","tag-lt","tag-pramogos"],"share_on_mastodon":{"url":"https:\/\/pubeurope.com\/@lt\/117224831453791992","error":""},"_links":{"self":[{"href":"https:\/\/www.europesays.com\/lt\/wp-json\/wp\/v2\/posts\/270486","targetHints":{"allow":["GET"]}}],"collection":[{"href":"https:\/\/www.europesays.com\/lt\/wp-json\/wp\/v2\/posts"}],"about":[{"href":"https:\/\/www.europesays.com\/lt\/wp-json\/wp\/v2\/types\/post"}],"author":[{"embeddable":true,"href":"https:\/\/www.europesays.com\/lt\/wp-json\/wp\/v2\/users\/2"}],"replies":[{"embeddable":true,"href":"https:\/\/www.europesays.com\/lt\/wp-json\/wp\/v2\/comments?post=270486"}],"version-history":[{"count":0,"href":"https:\/\/www.europesays.com\/lt\/wp-json\/wp\/v2\/posts\/270486\/revisions"}],"wp:featuredmedia":[{"embeddable":true,"href":"https:\/\/www.europesays.com\/lt\/wp-json\/wp\/v2\/media\/270487"}],"wp:attachment":[{"href":"https:\/\/www.europesays.com\/lt\/wp-json\/wp\/v2\/media?parent=270486"}],"wp:term":[{"taxonomy":"category","embeddable":true,"href":"https:\/\/www.europesays.com\/lt\/wp-json\/wp\/v2\/categories?post=270486"},{"taxonomy":"post_tag","embeddable":true,"href":"https:\/\/www.europesays.com\/lt\/wp-json\/wp\/v2\/tags?post=270486"}],"curies":[{"name":"wp","href":"https:\/\/api.w.org\/{rel}","templated":true}]}}