{"id":270514,"date":"2026-09-06T16:20:36","date_gmt":"2026-09-06T16:20:36","guid":{"rendered":"https:\/\/www.europesays.com\/lt\/270514\/"},"modified":"2026-09-06T16:20:36","modified_gmt":"2026-09-06T16:20:36","slug":"nauja-apklausa-nuliudins-trumpa-zemesnio-reitingo-dar-nera-buve","status":"publish","type":"post","link":"https:\/\/www.europesays.com\/lt\/270514\/","title":{"rendered":"Nauja apklausa nuli\u016bdins Trump\u0105: \u017eemesnio reitingo dar n\u0117ra buv\u0119"},"content":{"rendered":"<p>Nacionalin\u0117 tyrim\u0173 bendrov\u0117s \u201eFocaldata\u201c apklausa, \u201eFinancial Times\u201c u\u017esakymu atlikta rugpj\u016b\u010dio 28\u2013rugs\u0117jo 1 dienomis, parod\u0117, kad D.Trumpo darb\u0105 prezidento poste teigiamai vertina 33 proc. registruot\u0173 rink\u0117j\u0173. Tai trimis procentiniais punktais ma\u017eiau nei pra\u0117jus\u012f m\u0117nes\u012f ir pras\u010diausias rezultatas nuo gegu\u017e\u0117s, kai \u201eFinancial Times\u201c prad\u0117jo rengti \u0161i\u0105 apklaus\u0105.<\/p>\n<p>Tyrime dalyvavo 1 914 registruot\u0173 rink\u0117j\u0173, apklausos paklaida siekia 2,6 procentinio punkto.<\/p>\n<p>\u201eFinancial Times\u201c publikacij\u0105 skaitykite <a href=\"https:\/\/www.ft.com\/content\/9bcce1fa-997e-49f2-9530-f1255e4cb28b?segmentId=2c1df321-36a4-1206-2c08-112c059dd69d\" rel=\"nofollow noopener\" target=\"_blank\">\u010dia<\/a>.<\/p>\n<p>Apklausos rezultatai rodo, kad rink\u0117j\u0173 po\u017ei\u016br\u012f \u012f prezident\u0105 vis labiau lemia ekonomin\u0117 pad\u0117tis. Beveik du tre\u010ddaliai respondent\u0173 mano, kad JAV ekonomika juda netinkama kryptimi.<\/p>\n<p>Net tarp Respublikon\u0173 partijos rink\u0117j\u0173 ma\u017e\u0117ja pasitenkinimas prezidento vykdoma ekonomine politika. Tik 53 proc. j\u0173 teigiamai vertina D.Trumpo darb\u0105 sprend\u017eiant u\u017eimtumo ir ekonomikos klausimus.<\/p>\n<p>D.Trumpas vis dar i\u0161laiko tvirt\u0105 Respublikon\u0173 partijos rink\u0117j\u0173 palaikym\u0105, ta\u010diau ir \u010dia matyti poky\u010di\u0173.<\/p>\n<p>Tarp Respublikon\u0173 partijos rink\u0117j\u0173 D. Trumpas vis dar turi daug didesn\u012f palaikym\u0105 nei tarp vis\u0173 rink\u0117j\u0173 \u2013 jo darb\u0105 teigiamai vertina 72 proc.<\/p>\n<p>Ta\u010diau tai \u017eemiausias rodiklis nuo \u201eFinancial Times\u201c apklaus\u0173 prad\u017eios.<\/p>\n<p>Per m\u0117nes\u012f D. Trumpo palaikymas tarp respublikon\u0173 suma\u017e\u0117jo daugiau nei 2 procentiniais punktais.<\/p>\n<p>Naujausia apklausa rodo, kad prast\u0117jantis prezidento vertinimas gali tur\u0117ti \u012ftakos jo partijai art\u0117jant lapkrit\u012f vyksiantiems JAV Kongreso rinkimams.<\/p>\n<p>\u0160iuose rinkimuose bus sprend\u017eiama, kas kontroliuos Atstov\u0173 R\u016bmus ir Senat\u0105. Nors D. Trumpas pats rinkimuose nekandidatuos, jie vertinami ir kaip jo prezidentavimo bei Respublikon\u0173 partijos politikos \u012fvertinimas.<\/p>\n<p>46 proc. rink\u0117j\u0173 mano, kad D.Trumpas apsunkina Respublikon\u0173 partijos kandidat\u0173 galimybes laim\u0117ti lapkrit\u012f. Taip mano daugiau nei pus\u0117 apklaust\u0173 rink\u0117j\u0173.<\/p>\n<p>Be to, 47 proc. apklaust\u0173j\u0173 teig\u0117, kad D.Trumpo parama kandidatui juos paskatint\u0173 tokio kandidato nepalaikyti.<\/p>\n","protected":false},"excerpt":{"rendered":"Nacionalin\u0117 tyrim\u0173 bendrov\u0117s \u201eFocaldata\u201c apklausa, \u201eFinancial Times\u201c u\u017esakymu atlikta rugpj\u016b\u010dio 28\u2013rugs\u0117jo 1 dienomis, parod\u0117, kad D.Trumpo darb\u0105 prezidento&hellip;\n","protected":false},"author":2,"featured_media":270515,"comment_status":"","ping_status":"","sticky":false,"template":"","format":"standard","meta":{"footnotes":"","_share_on_mastodon":"0"},"categories":[15],"tags":[25,30,31,34,35,24,32,33,37,39,36,38,40,23,22,44,28,29,26,27,74,75,76],"class_list":["post-270514","post","type-post","status-publish","format-standard","has-post-thumbnail","category-pasaulis","tag-antrastes","tag-breaking-news","tag-breakingnews","tag-featured-news","tag-featurednews","tag-headlines","tag-latest-news","tag-latestnews","tag-lietuva","tag-lietuviu","tag-lithuania","tag-lithuanian","tag-lt","tag-naujienos","tag-news","tag-pasaulis","tag-populiariausios-naujienos","tag-populiariausiosnaujienos","tag-top-stories","tag-topstories","tag-world","tag-world-news","tag-worldnews"],"share_on_mastodon":{"url":"https:\/\/pubeurope.com\/@lt\/117225011439224030","error":""},"_links":{"self":[{"href":"https:\/\/www.europesays.com\/lt\/wp-json\/wp\/v2\/posts\/270514","targetHints":{"allow":["GET"]}}],"collection":[{"href":"https:\/\/www.europesays.com\/lt\/wp-json\/wp\/v2\/posts"}],"about":[{"href":"https:\/\/www.europesays.com\/lt\/wp-json\/wp\/v2\/types\/post"}],"author":[{"embeddable":true,"href":"https:\/\/www.europesays.com\/lt\/wp-json\/wp\/v2\/users\/2"}],"replies":[{"embeddable":true,"href":"https:\/\/www.europesays.com\/lt\/wp-json\/wp\/v2\/comments?post=270514"}],"version-history":[{"count":0,"href":"https:\/\/www.europesays.com\/lt\/wp-json\/wp\/v2\/posts\/270514\/revisions"}],"wp:featuredmedia":[{"embeddable":true,"href":"https:\/\/www.europesays.com\/lt\/wp-json\/wp\/v2\/media\/270515"}],"wp:attachment":[{"href":"https:\/\/www.europesays.com\/lt\/wp-json\/wp\/v2\/media?parent=270514"}],"wp:term":[{"taxonomy":"category","embeddable":true,"href":"https:\/\/www.europesays.com\/lt\/wp-json\/wp\/v2\/categories?post=270514"},{"taxonomy":"post_tag","embeddable":true,"href":"https:\/\/www.europesays.com\/lt\/wp-json\/wp\/v2\/tags?post=270514"}],"curies":[{"name":"wp","href":"https:\/\/api.w.org\/{rel}","templated":true}]}}