{"id":27251,"date":"2025-10-28T14:08:10","date_gmt":"2025-10-28T14:08:10","guid":{"rendered":"https:\/\/www.europesays.com\/lt\/27251\/"},"modified":"2025-10-28T14:08:10","modified_gmt":"2025-10-28T14:08:10","slug":"is-v-orbano-kritika-del-jav-sankciju-rusijos-naftai","status":"publish","type":"post","link":"https:\/\/www.europesays.com\/lt\/27251\/","title":{"rendered":"i\u0161 V. Orbano \u2013 kritika d\u0117l JAV sankcij\u0173 Rusijos naftai"},"content":{"rendered":"<p>Atsakydamas \u012f \u017eurnalist\u0173 klausim\u0105, ar jis mano, kad D. Trumpas \u201eper\u017eeng\u0117 rib\u0105\u201c Maskvos at\u017evilgiu, V. Orbanas atsak\u0117: \u201eVengrijos po\u017ei\u016briu \u2013 taip. Mes ie\u0161kosime i\u0161eities i\u0161 \u0161ios situacijos, vis\u0173 pirma Vengrijai\u201c.<\/p>\n<p>Vengrija, kaip ir Slovakija, lieka viena did\u017eiausi\u0173 Rusijos energijos importuotoj\u0173, ra\u0161o \u201eThe Telegraph\u201c.<\/p>\n<p>V. Orbanas, kuris ruo\u0161iasi vizitui \u012f Va\u0161ington\u0105, stengiasi palaikyti gerus santykius tiek su D. Trumpu, tiek su Kremliaus vadu Vladimiru Putinu.<\/p>\n<p>Rusijos nafta Vengrijoje<\/p>\n<p>Nuo tada, kai Rusija prad\u0117jo plataus masto invazij\u0105, V. Orbanas padidino Vengrijos priklausomyb\u0119 nuo Rusijos naftos nuo 61 proc. iki 86 proc., o \u0161alis kasmet suvartoja apie 8 mlrd. kubini\u0173 metr\u0173 duj\u0173.<\/p>\n<p>Vengrijos ministrai teigia, kad kaip valstyb\u0117 be prieigos prie j\u016bros ir be reali\u0173 alternatyvi\u0173 kuro \u0161altini\u0173, Vengrija negali atsisakyti pirkim\u0173 i\u0161 Rusijos.<\/p>\n<p>Vengrijos u\u017esienio reikal\u0173 ministras Peteris Szijjarto prane\u0161\u0117, kad JAV sankcijos, kurios \u012fsigalios tik lapkri\u010dio pabaigoje, kol kas nesukelia problem\u0173 ir neturi \u012ftakos naftos importo i\u0161 Rusijos apim\u010diai.<\/p>\n<p>Ruo\u0161damasis 2026 m. rinkimams, V. Orbanas aktyviai ie\u0161ko b\u016bd\u0173, kaip apeiti galimas JAV sankcij\u0173 pasekmes, ypa\u010d tas, kurios susijusios su \u201eLukoil\u201c ir \u201eRosneft\u201c.<\/p>\n<p>Parengta pagal \u201eUnian\u201c inf.<\/p>\n","protected":false},"excerpt":{"rendered":"Atsakydamas \u012f \u017eurnalist\u0173 klausim\u0105, ar jis mano, kad D. Trumpas \u201eper\u017eeng\u0117 rib\u0105\u201c Maskvos at\u017evilgiu, V. Orbanas atsak\u0117: \u201eVengrijos&hellip;\n","protected":false},"author":2,"featured_media":27252,"comment_status":"","ping_status":"","sticky":false,"template":"","format":"standard","meta":{"footnotes":""},"categories":[15],"tags":[25,30,31,34,35,24,32,33,37,39,36,38,40,23,22,44,28,29,26,27,74,75,76],"class_list":{"0":"post-27251","1":"post","2":"type-post","3":"status-publish","4":"format-standard","5":"has-post-thumbnail","7":"category-pasaulis","8":"tag-antrastes","9":"tag-breaking-news","10":"tag-breakingnews","11":"tag-featured-news","12":"tag-featurednews","13":"tag-headlines","14":"tag-latest-news","15":"tag-latestnews","16":"tag-lietuva","17":"tag-lietuviu","18":"tag-lithuania","19":"tag-lithuanian","20":"tag-lt","21":"tag-naujienos","22":"tag-news","23":"tag-pasaulis","24":"tag-populiariausios-naujienos","25":"tag-populiariausiosnaujienos","26":"tag-top-stories","27":"tag-topstories","28":"tag-world","29":"tag-world-news","30":"tag-worldnews"},"share_on_mastodon":{"url":"https:\/\/pubeurope.com\/@lt\/115452189297250402","error":""},"_links":{"self":[{"href":"https:\/\/www.europesays.com\/lt\/wp-json\/wp\/v2\/posts\/27251","targetHints":{"allow":["GET"]}}],"collection":[{"href":"https:\/\/www.europesays.com\/lt\/wp-json\/wp\/v2\/posts"}],"about":[{"href":"https:\/\/www.europesays.com\/lt\/wp-json\/wp\/v2\/types\/post"}],"author":[{"embeddable":true,"href":"https:\/\/www.europesays.com\/lt\/wp-json\/wp\/v2\/users\/2"}],"replies":[{"embeddable":true,"href":"https:\/\/www.europesays.com\/lt\/wp-json\/wp\/v2\/comments?post=27251"}],"version-history":[{"count":0,"href":"https:\/\/www.europesays.com\/lt\/wp-json\/wp\/v2\/posts\/27251\/revisions"}],"wp:featuredmedia":[{"embeddable":true,"href":"https:\/\/www.europesays.com\/lt\/wp-json\/wp\/v2\/media\/27252"}],"wp:attachment":[{"href":"https:\/\/www.europesays.com\/lt\/wp-json\/wp\/v2\/media?parent=27251"}],"wp:term":[{"taxonomy":"category","embeddable":true,"href":"https:\/\/www.europesays.com\/lt\/wp-json\/wp\/v2\/categories?post=27251"},{"taxonomy":"post_tag","embeddable":true,"href":"https:\/\/www.europesays.com\/lt\/wp-json\/wp\/v2\/tags?post=27251"}],"curies":[{"name":"wp","href":"https:\/\/api.w.org\/{rel}","templated":true}]}}