{"id":27510,"date":"2025-10-28T20:22:08","date_gmt":"2025-10-28T20:22:08","guid":{"rendered":"https:\/\/www.europesays.com\/lt\/27510\/"},"modified":"2025-10-28T20:22:08","modified_gmt":"2025-10-28T20:22:08","slug":"registratoriaus-irase-nesumeluota-tiesa","status":"publish","type":"post","link":"https:\/\/www.europesays.com\/lt\/27510\/","title":{"rendered":"registratoriaus \u012fra\u0161e \u2013 nesumeluota tiesa"},"content":{"rendered":"<p>Vaizdo registratoriaus \u012fra\u0161e matyti, kaip dideliu grei\u010diu lekiantis \u201eLexus\u201c automobilis aplenkia kitas transporto priemones vingiuotame kelyje ir netrukus nesuvaldytas trenkiasi \u012f pakel\u0117s med\u012f bei apvirsta. \u0160itokia vaizdo med\u017eiaga buvo pasidalyta socialinio tinklo \u201eFacebook\u201c grup\u0117je. Netrukus \u010dia kilo a\u0161tri\u0173 komentar\u0173 lakst\u016bnui negailinti internaut\u0173 diskusija.<\/p>\n<p>\u201eGerai, kad nieko neu\u017emu\u0161\u0117\u201c, \u2013 ra\u0161\u0117 vienas komentatorius. \u201eSmegenys i\u0161tirpo. Kas benutikt\u0173, net jeigu ka\u017ekas mir\u0161ta, reikia situacij\u0105 \u012fvertinti. Visk\u0105 galima daryti tik, jei kitam pavojus nekyla. O dabar ka\u017ekoks nemokantis vairuoti pervertina galimybes, sukelia mirtin\u0105 pavoj\u0173. Ir kiek priskub\u0117jo?\u201c \u2013 retori\u0161kai klaus\u0117 kitas.<\/p>\n<p>\u201eAtsirad\u0119s \u012fra\u0161as tikrai visk\u0105 i\u0161ai\u0161kina, o kiek toki\u0173 ver\u010diasi be \u012fra\u0161\u0173 pavie\u0161inimo&#8230;Toje vietoje tankiau med\u017eius reikia pasodinti \u2013 ma\u017eai dar \u201epilotai\u201c laksto, pasirodo. Tokiam atim\u010diau teis\u0119 vairuoti visam gyvenimui, tegul vaik\u0161to p\u0117s\u010diomis. Jau tai, kad kirto i\u0161tisin\u0119 linij\u0105 tokioje vietoje ir gal\u0117jo b\u016bti kaktomu\u0161a, rodo, kad proto nerasta. Ir dar matyti, kad va\u017eiuoti nemoka. Juk situacija buvo lengvai suvaldoma\u201c, \u2013 kritikos str\u0117les leido ir daugiau internaut\u0173.<\/p>\n<p>\u201eO gal tiesiog \u017emogui ka\u017ekas nutiko ir manevravo i\u0161 paskutini\u0173j\u0173, kad \u012f kitas ma\u0161inas neatsitrenkt\u0173, kad i\u0161vengt\u0173 blogesni\u0173 pasekmi\u0173? Niekada nesusimastote, kod\u0117l taip nutiko\u201c, \u2013 \u012f lakst\u016bno pus\u0119 stojo vienas vyras.<\/p>\n<p>Ta\u010diau netrukus sulauk\u0117 atsako: \u201eNard\u0117\u201c kaip ir visi begalviai \u201epacukai\u201c, tik nesuprato, jog va\u017eiuoja \u0161lapia danga. Greitis \u2013 didelis ir inercinis pos\u016bkis.<a href=\"http:\/\/posukis.va\/?fbclid=IwZXh0bgNhZW0CMTAAYnJpZBEwb0NZd3NnajFPMGxkbll5ZAEeb6pdD89pzu5x6DgknOSpxq78U3PYR97PRhoDrzlP3U_oifVzFTrnzMiouCU_aem_hm92_Dhu1Q7DeFaOJe3Jbg\" attributionsrc=\"\/privacy_sandbox\/comet\/register\/source\/?xt=AZW1br8o02WlqL0mySVv0NEwi7n-kSNF9CfwKCmES36Xx-nBxRS5S04EpD0gk0ssUC6tpj82xLai7gYew-C9PmxGpCIlNKXiTLTwlOoiKZ1GaaMqgETUEhw68xMoB8kfXbLy2au6xieoGgAGjSfBj5rW8lguGPiyRQgByGXTPl31ihgoTkskyQQUict9rQt7ELsrnuryKYFKUR_DToErLGgBKjHPOSGVizSosKBG7E51n4785QhwcaWbCxyErta6-mc2Cb1j2TzW8ua9zOfGy_21Ezxtzu_29awzPndzQfHa6wC9IzKhGQc1u_uqS333qqlZZZnf2DsGEpZNuJTqzf1eNBe5oxAD-ffWJxZS03r945AAapA4D05mXVpEWgpv0BH-hcRoNpnhgYah4LEeJPjkPTsRRT7Mw9BT6z4KMvRvFl9isM0gJH9LY4faGG6jDCBvYexldA_-zDvDvov_oEPwoRUqfL2ZEep_-Q49hgI1bk3Mwxi26qvyYaUXuLuQioNo8vVRoiwm1ynzAt9e8T2PrAqgSnN9iO4hg9cmqABrj9VssVuKIjJx5lV2CJfx8kM3P82WonDWtSvT_AeBldkvRzd7g00oiQ_cbuopMV6MvKx0uvq1KI1xu165004vASwekx5BPWf5QRjFXndo1Xw93Ws6jXbV_I31fvDPFRBOaq4EjEw4FZMBNlak1zT0CU7D8hMDJgrPxquRxL05Z5jtvniFO9DGUKdkKxSCsyvE4tJ1GeP61Tao4VzwA1CwVEbEVIht9HqpNdzA0UOIMgNxuznxzZgeV1zCbrDtvnS_H2h7RJyFTAom83sbWjhrrEbVx3pK6910mEM1QZcgR4UOEtkJFTV2m5zww84tUTrovzgSdkhSX2v3pjzeanqdP9dhFYwCIjlMv7Lu6lm3uMzOMwKmBv8PvemXLzJ19HGUXveG7FZI3mtKimHSpjgeHew\" rel=\"nofollow noreferrer noopener\" role=\"link\" tabindex=\"0\" target=\"_blank\"> <\/a>Va, ir pasekm\u0117s. K\u0105 tu \u010dia dar bandai teisinti?\u201c, \u2013 r\u0117\u017e\u0117 komentatorius. \u201eVidurius paleido? Ten greitis 40 km\/val. Gerai, kad \u012f med\u012f, o ne \u012f automobil\u012f, kuriame \u2013 vaikai\u201c, \u2013 akcentavo kitas vyras. \u201eNa, m\u0105styti reikia. Smagu pral\u0117kti, bet protingai, o ne lietui liejant. Galvojo, kad l\u0117ktuvu skrenda\u201c, \u2013 pabr\u0117\u017e\u0117 dar vienas.<\/p>\n<blockquote>\n<p>K\u0105 tu \u010dia dar bandai teisinti?<\/p>\n<\/blockquote>\n<p>Prane\u0161im\u0105 apie \u0161\u012f eismo \u012fvyk\u012f sostin\u0117s Verki\u0173 gatv\u0117je Vilniaus apskrities policijos pareig\u016bnai gavo spalio 27 d. 15.28 val. Kaip teigta, prie Verki\u0173 dvaro automobilis \u201eLexus\u201c nuva\u017eiavo nuo kelio ir atsitrenk\u0117 \u012f med\u012f.\u00a0<\/p>\n<p>\u012e i\u0161kvietim\u0105 l\u0117k\u0117 ne tik policijos ekipa\u017eas, bet ir medik\u0173 brigada. Po pirmin\u0117s ap\u017ei\u016bros, blaivus, 2004 metais gim\u0119s \u201eLexus\u201c vairuotojas policijos pareig\u016bnams ai\u0161kino, kad va\u017eiavo nuo \u017dali\u0173j\u0173 e\u017eer\u0173 pus\u0117s ir \u012fsuk\u0119s \u012f Verki\u0173 gatv\u0119 \u017dirm\u016bn\u0173 kryptimi, ties vingiuota dalimi, automobiliu nuslydo nuo kelio.\u00a0<\/p>\n<p>D\u0117l \u0161ios prie\u017easties, es\u0105 transporto priemon\u0117 ir atsitrenk\u0117 \u012f med\u012f bei apsivert\u0117. Vairuotojas savo kalt\u0119 pripa\u017eino. Medikai j\u012f i\u0161ve\u017e\u0117 \u012f ligonin\u0119 detalesnei ap\u017ei\u016brai. O \u201eLexus\u201c perduotas 1977 metais gimusiai moteriai.\u00a0<\/p>\n<p>Jaunam vairuotojui policijos pareig\u016bnai sura\u0161\u0117 administracinio nusi\u017eengimo protokol\u0105. Ta\u010diau, tik\u0117tina, kad pavie\u0161inus vaizdo registratoriaus \u012fra\u0161\u0105 socialiniame tinkle, lakst\u016bno atvejis bus per\u017ei\u016br\u0117tas, nes jo paties policijai pateikta eismo \u012fvykio versija skiriasi nuo to, kas nufilmuota.<\/p>\n","protected":false},"excerpt":{"rendered":"Vaizdo registratoriaus \u012fra\u0161e matyti, kaip dideliu grei\u010diu lekiantis \u201eLexus\u201c automobilis aplenkia kitas transporto priemones vingiuotame kelyje ir netrukus&hellip;\n","protected":false},"author":2,"featured_media":27511,"comment_status":"","ping_status":"","sticky":false,"template":"","format":"standard","meta":{"footnotes":""},"categories":[13],"tags":[25,30,31,34,35,24,32,33,37,39,36,38,40,23,22,28,29,26,27],"class_list":{"0":"post-27510","1":"post","2":"type-post","3":"status-publish","4":"format-standard","5":"has-post-thumbnail","7":"category-lietuva","8":"tag-antrastes","9":"tag-breaking-news","10":"tag-breakingnews","11":"tag-featured-news","12":"tag-featurednews","13":"tag-headlines","14":"tag-latest-news","15":"tag-latestnews","16":"tag-lietuva","17":"tag-lietuviu","18":"tag-lithuania","19":"tag-lithuanian","20":"tag-lt","21":"tag-naujienos","22":"tag-news","23":"tag-populiariausios-naujienos","24":"tag-populiariausiosnaujienos","25":"tag-top-stories","26":"tag-topstories"},"share_on_mastodon":{"url":"https:\/\/pubeurope.com\/@lt\/115453659896256006","error":""},"_links":{"self":[{"href":"https:\/\/www.europesays.com\/lt\/wp-json\/wp\/v2\/posts\/27510","targetHints":{"allow":["GET"]}}],"collection":[{"href":"https:\/\/www.europesays.com\/lt\/wp-json\/wp\/v2\/posts"}],"about":[{"href":"https:\/\/www.europesays.com\/lt\/wp-json\/wp\/v2\/types\/post"}],"author":[{"embeddable":true,"href":"https:\/\/www.europesays.com\/lt\/wp-json\/wp\/v2\/users\/2"}],"replies":[{"embeddable":true,"href":"https:\/\/www.europesays.com\/lt\/wp-json\/wp\/v2\/comments?post=27510"}],"version-history":[{"count":0,"href":"https:\/\/www.europesays.com\/lt\/wp-json\/wp\/v2\/posts\/27510\/revisions"}],"wp:featuredmedia":[{"embeddable":true,"href":"https:\/\/www.europesays.com\/lt\/wp-json\/wp\/v2\/media\/27511"}],"wp:attachment":[{"href":"https:\/\/www.europesays.com\/lt\/wp-json\/wp\/v2\/media?parent=27510"}],"wp:term":[{"taxonomy":"category","embeddable":true,"href":"https:\/\/www.europesays.com\/lt\/wp-json\/wp\/v2\/categories?post=27510"},{"taxonomy":"post_tag","embeddable":true,"href":"https:\/\/www.europesays.com\/lt\/wp-json\/wp\/v2\/tags?post=27510"}],"curies":[{"name":"wp","href":"https:\/\/api.w.org\/{rel}","templated":true}]}}