{"id":27524,"date":"2025-10-28T20:54:07","date_gmt":"2025-10-28T20:54:07","guid":{"rendered":"https:\/\/www.europesays.com\/lt\/27524\/"},"modified":"2025-10-28T20:54:07","modified_gmt":"2025-10-28T20:54:07","slug":"kino-teatre-laimingos-zvaigzdes-filmo-premjera-ant-nutiesto-raudono-kilimo-rinkosi-burys-garsenybiu","status":"publish","type":"post","link":"https:\/\/www.europesays.com\/lt\/27524\/","title":{"rendered":"Kino teatre \u2013 \u201eLaimingos \u017evaig\u017ed\u0117s\u201c filmo premjera: ant nutiesto raudono kilimo rinkosi b\u016brys garsenybi\u0173"},"content":{"rendered":"<p>Filmas \u201eLaimingos \u017evaig\u017ed\u0117s\u201c suveda du \u017emones \u2013 talenting\u0105 atsiskyr\u0117l\u012f muzikant\u0105 Robert\u0105 (Justinas Jankevi\u010dius) ir televizijos garsenyb\u0119 Mart\u0105 (Ineta Stasiulyt\u0117). Nuo pirmojo susitikimo prasideda dviej\u0173 \u017emoni\u0173 kelion\u0117 per meil\u0119, i\u0161bandymus ir nesusipratimus.<\/p>\n<p>Premjeros sve\u010diai \u2013 galerijoje:<\/p>\n<p>\u201eAr meil\u0117 paj\u0117gi nugal\u0117ti likim\u0105? Ar \u017evaig\u017ed\u0117s i\u0161 ties\u0173 laimingos, kai susitinka du \u017emon\u0117s?\u201c, \u2013 tokius klausimus \u017ei\u016brovams pateikia filmo k\u016br\u0117jai. Atsakymo \u012f \u0161\u012f klausim\u0105 filme ie\u0161ko ne tik jauni, bet ir vyresni filmo persona\u017eai \u2013 kavin\u0117s savininkas Steponas, kur\u012f vaidina Liubomiras Laucevi\u010dius, ir jo gyvenimo draug\u0117, kuri\u0105 filme suvaidino A. Vilutyt\u0117.<\/p>\n<p>\u0160ilt\u0105, jauki\u0105 ir romanti\u0161k\u0105 filmo nuotaik\u0105 filme atspindi ir garso takelis, kur\u012f suk\u016br\u0117 kompozitorius Titas Petrikis.<\/p>\n<p>J. Krisi\u016bno filmo \u201eLaimingos \u017evaig\u017ed\u0117s\u201c premjera Lietuvos kino teatruose \u2013 nuo spalio 30 dienos. Gero jausmo romantin\u0117je komedijoje vaidina J. Jankevi\u010dius, I. Stasiulyt\u0117, Larisa Kalpokait\u0117, Mindaugas Capas, L. Laucevi\u010dius, A. Vilutyt\u0117, Valentinas Krulikovskis ir kiti.<\/p>\n","protected":false},"excerpt":{"rendered":"Filmas \u201eLaimingos \u017evaig\u017ed\u0117s\u201c suveda du \u017emones \u2013 talenting\u0105 atsiskyr\u0117l\u012f muzikant\u0105 Robert\u0105 (Justinas Jankevi\u010dius) ir televizijos garsenyb\u0119 Mart\u0105 (Ineta&hellip;\n","protected":false},"author":2,"featured_media":27525,"comment_status":"","ping_status":"","sticky":false,"template":"","format":"standard","meta":{"footnotes":""},"categories":[21],"tags":[113,37,39,36,38,40,114,6367],"class_list":{"0":"post-27524","1":"post","2":"type-post","3":"status-publish","4":"format-standard","5":"has-post-thumbnail","7":"category-pramogos","8":"tag-entertainment","9":"tag-lietuva","10":"tag-lietuviu","11":"tag-lithuania","12":"tag-lithuanian","13":"tag-lt","14":"tag-pramogos","15":"tag-premjera"},"share_on_mastodon":{"url":"https:\/\/pubeurope.com\/@lt\/115453785736856091","error":""},"_links":{"self":[{"href":"https:\/\/www.europesays.com\/lt\/wp-json\/wp\/v2\/posts\/27524","targetHints":{"allow":["GET"]}}],"collection":[{"href":"https:\/\/www.europesays.com\/lt\/wp-json\/wp\/v2\/posts"}],"about":[{"href":"https:\/\/www.europesays.com\/lt\/wp-json\/wp\/v2\/types\/post"}],"author":[{"embeddable":true,"href":"https:\/\/www.europesays.com\/lt\/wp-json\/wp\/v2\/users\/2"}],"replies":[{"embeddable":true,"href":"https:\/\/www.europesays.com\/lt\/wp-json\/wp\/v2\/comments?post=27524"}],"version-history":[{"count":0,"href":"https:\/\/www.europesays.com\/lt\/wp-json\/wp\/v2\/posts\/27524\/revisions"}],"wp:featuredmedia":[{"embeddable":true,"href":"https:\/\/www.europesays.com\/lt\/wp-json\/wp\/v2\/media\/27525"}],"wp:attachment":[{"href":"https:\/\/www.europesays.com\/lt\/wp-json\/wp\/v2\/media?parent=27524"}],"wp:term":[{"taxonomy":"category","embeddable":true,"href":"https:\/\/www.europesays.com\/lt\/wp-json\/wp\/v2\/categories?post=27524"},{"taxonomy":"post_tag","embeddable":true,"href":"https:\/\/www.europesays.com\/lt\/wp-json\/wp\/v2\/tags?post=27524"}],"curies":[{"name":"wp","href":"https:\/\/api.w.org\/{rel}","templated":true}]}}