{"id":27538,"date":"2025-10-28T21:15:34","date_gmt":"2025-10-28T21:15:34","guid":{"rendered":"https:\/\/www.europesays.com\/lt\/27538\/"},"modified":"2025-10-28T21:15:34","modified_gmt":"2025-10-28T21:15:34","slug":"zelenskis-perspeja-tai-tampa-pavojingiau-uz-balistines-raketas","status":"publish","type":"post","link":"https:\/\/www.europesays.com\/lt\/27538\/","title":{"rendered":"Zelenskis persp\u0117ja: tai tampa pavojingiau u\u017e balistines raketas"},"content":{"rendered":"\n<p>\u201eShahed\u201c dronai jau tapo pavojingesni u\u017e balistines raketas. Balistines raketas mes \u00a0numu\u0161ame ten, kur turime \u201ePatriot\u201c sistemas. O kad tokiame auk\u0161tyje numu\u0161tume tok\u012f didel\u012f skai\u010di\u0173 \u201eShahed\u201c, turime naudoti visk\u0105. Dronus-per\u0117m\u0117jus, F-16, sraigtasparnius \u2013 naudojame visk\u0105. Ir daug priklauso nuo oro. Per \u0161alt\u012f matysime, kaip panaudosime sraigtasparnius. Lyjant ir t. t. \u2013 karin\u0117s oro paj\u0117gos nemato to taip ai\u0161kiai\u201c, \u2013 teig\u0117 V. Zelenskis.<\/p>\n<p>Kalb\u0117damas apie dronus-per\u0117m\u0117jus, prezidentas pasteb\u0117jo, kad j\u0173 gamyba lapkrit\u012f tur\u0117t\u0173 pasiekti 500\u2013800 vienet\u0173 per dien\u0105.\u00a0<\/p>\n<p>   Ukraina reaguos \u012f rus\u0173 atakas <\/p>\n<p>\u201eTurime apmokyti pilotus. Daug mobili\u0173 ugnies grupi\u0173 yra prie skirting\u0173 objekt\u0173. Dabar mums reikia daug pilot\u0173, kurie dirbt\u0173 su puolamaisiais dronais\u201c, \u2013 t\u0119s\u0117 V. Zelenskis.<\/p>\n<p>Jis pabr\u0117\u017e\u0117, kad Ukraina reaguos \u012f rus\u0173 atakas. Ypa\u010d planuojama stiprinti \u201eFlamingo\u201c raket\u0173 ir \u201eRuta\u201c raketini\u0173 dron\u0173 kovin\u012f panaudojim\u0105.<\/p>\n<p>  <a style=\"height: 63vw;\" itemprop=\"contentUrl\" data-size=\"0x0\" href=\"#gid=115445&amp;pid=1\" data-href=\"https:\/\/static4.inspektorius.lt\/usi\/800x600\/2\/6b\/54\/f1\/6b54f15719a6b5e2e10ec1b3f0bea77d.jpg?v=4.2.7.283&amp;t=cr&amp;s=800x600&amp;m=2&amp;f=\/Uploads\/UGallery\/photos\/66\/00\/12\/94\/66001294ef04eb7e27fa230a0a965c59.jpg\" rel=\"nofollow\" target=\"_blank\"><img decoding=\"async\" style=\"height: 63vw; object-fit: cover;\" itemprop=\"thumbnail\" class=\"newsPhoto300 landscape\" id=\"imgid-115445-2577730\" alt=\"1\" src=\"https:\/\/www.europesays.com\/lt\/wp-content\/uploads\/2025\/10\/1761686120_261_66001294ef04eb7e27fa230a0a965c59.jpg\" title=\"Karas Ukrainoje. Kyjive \u012fvykdyta brutali ataka (nuotr. SCANPIX)\" loading=\"lazy\" \/> <\/a> <\/p>\n<p>Karas Ukrainoje. Kyjive \u012fvykdyta brutali ataka (nuotr. SCANPIX)<\/p>\n<p>  <a itemprop=\"contentUrl\" data-size=\"0x0\" href=\"#gid=115445&amp;pid=2\" data-href=\"https:\/\/static4.inspektorius.lt\/usi\/800x600\/2\/66\/f0\/29\/66f0294e691cfce2876c668c32066ba7.jpg?v=4.2.7.283&amp;t=cr&amp;s=800x600&amp;m=2&amp;f=\/Uploads\/UGallery\/photos\/da\/69\/e0\/1e\/da69e01e92f440d6c22cbcb50a07a271.jpg\" rel=\"nofollow\" target=\"_blank\"><img decoding=\"async\" itemprop=\"thumbnail\" class=\"newsPhoto300 portrait\" id=\"imgid-115445-2577731\" alt=\"2\" src=\"https:\/\/www.europesays.com\/lt\/wp-content\/uploads\/2025\/10\/1761686121_744_da69e01e92f440d6c22cbcb50a07a271.jpg\" title=\"Karas Ukrainoje. Kyjive \u012fvykdyta brutali ataka (nuotr. SCANPIX)\" loading=\"lazy\" \/> <\/a> <\/p>\n<p>Karas Ukrainoje. Kyjive \u012fvykdyta brutali ataka (nuotr. SCANPIX)<\/p>\n<p>  <a itemprop=\"contentUrl\" data-size=\"0x0\" href=\"#gid=115445&amp;pid=3\" data-href=\"https:\/\/static4.inspektorius.lt\/usi\/800x600\/2\/86\/07\/56\/860756e099bb25ba86c6eea81c203ab2.jpg?v=4.2.7.283&amp;t=cr&amp;s=800x600&amp;m=2&amp;f=\/Uploads\/UGallery\/photos\/78\/d2\/9d\/86\/78d29d863b0b4be9d3bea260fc15f6ad.jpg\" rel=\"nofollow\" target=\"_blank\"><img decoding=\"async\" itemprop=\"thumbnail\" class=\"newsPhoto300 portrait\" id=\"imgid-115445-2577732\" alt=\"3\" src=\"https:\/\/www.europesays.com\/lt\/wp-content\/uploads\/2025\/10\/1761686123_645_78d29d863b0b4be9d3bea260fc15f6ad.jpg\" title=\"Karas Ukrainoje. Kyjive \u012fvykdyta brutali ataka (nuotr. SCANPIX)\" loading=\"lazy\" \/> <\/a> <\/p>\n<p>Karas Ukrainoje. Kyjive \u012fvykdyta brutali ataka (nuotr. SCANPIX)<\/p>\n<p>  <a itemprop=\"contentUrl\" data-size=\"0x0\" href=\"#gid=115445&amp;pid=4\" data-href=\"https:\/\/static4.inspektorius.lt\/usi\/800x600\/2\/38\/78\/0d\/38780dba46b960282f61149a4b53f6ff.jpg?v=4.2.7.283&amp;t=cr&amp;s=800x600&amp;m=2&amp;f=\/Uploads\/UGallery\/photos\/94\/fb\/d0\/8f\/94fbd08f371efbdb0ccffbf761f1b8ea.jpg\" rel=\"nofollow\" target=\"_blank\"><img decoding=\"async\" itemprop=\"thumbnail\" class=\"newsPhoto300 portrait\" id=\"imgid-115445-2577733\" alt=\"4\" src=\"https:\/\/www.europesays.com\/lt\/wp-content\/uploads\/2025\/10\/1761686124_393_94fbd08f371efbdb0ccffbf761f1b8ea.jpg\" title=\"Karas Ukrainoje. Kyjive \u012fvykdyta brutali ataka (nuotr. SCANPIX)\" loading=\"lazy\" \/> <\/a> <\/p>\n<p>Karas Ukrainoje. Kyjive \u012fvykdyta brutali ataka (nuotr. SCANPIX)<\/p>\n<p>  <a itemprop=\"contentUrl\" data-size=\"0x0\" href=\"#gid=115445&amp;pid=5\" data-href=\"https:\/\/static4.inspektorius.lt\/usi\/800x600\/2\/cc\/ee\/99\/ccee99043a362233e20fa0f6b348f167.jpg?v=4.2.7.283&amp;t=cr&amp;s=800x600&amp;m=2&amp;f=\/Uploads\/UGallery\/photos\/68\/bc\/18\/8b\/68bc188b58e6e78c081d683ab33bbdb0.jpg\" rel=\"nofollow\" target=\"_blank\"><img decoding=\"async\" itemprop=\"thumbnail\" class=\"newsPhoto300 portrait\" id=\"imgid-115445-2577734\" alt=\"5\" src=\"https:\/\/www.europesays.com\/lt\/wp-content\/uploads\/2025\/10\/1761686125_627_68bc188b58e6e78c081d683ab33bbdb0.jpg\" title=\"Karas Ukrainoje. Kyjive \u012fvykdyta brutali ataka (nuotr. SCANPIX)\" loading=\"lazy\" \/> <\/a> <\/p>\n<p>Karas Ukrainoje. Kyjive \u012fvykdyta brutali ataka (nuotr. SCANPIX)<\/p>\n<p>  <a itemprop=\"contentUrl\" data-size=\"0x0\" href=\"#gid=115445&amp;pid=6\" data-href=\"https:\/\/static4.inspektorius.lt\/usi\/800x600\/2\/b6\/ab\/e9\/b6abe99c198708deb77bcd482e691400.jpg?v=4.2.7.283&amp;t=cr&amp;s=800x600&amp;m=2&amp;f=\/Uploads\/UGallery\/photos\/9b\/d1\/88\/5d\/9bd1885d26a0d8cb535bfc590dde70e1.jpg\" rel=\"nofollow\" target=\"_blank\"><img decoding=\"async\" itemprop=\"thumbnail\" class=\"newsPhoto300 portrait\" id=\"imgid-115445-2577735\" alt=\"6\" src=\"https:\/\/www.europesays.com\/lt\/wp-content\/uploads\/2025\/10\/1761686126_213_9bd1885d26a0d8cb535bfc590dde70e1.jpg\" title=\"Karas Ukrainoje. Kyjive \u012fvykdyta brutali ataka (nuotr. SCANPIX)\" loading=\"lazy\" \/> <\/a> <\/p>\n<p>Karas Ukrainoje. Kyjive \u012fvykdyta brutali ataka (nuotr. SCANPIX)<\/p>\n<p>  <a itemprop=\"contentUrl\" data-size=\"0x0\" href=\"#gid=115445&amp;pid=7\" data-href=\"https:\/\/static4.inspektorius.lt\/usi\/800x600\/2\/de\/91\/68\/de91685999c118fbbb4720c67cf8d8ea.jpg?v=4.2.7.283&amp;t=cr&amp;s=800x600&amp;m=2&amp;f=\/Uploads\/UGallery\/photos\/78\/5c\/d1\/30\/785cd130c0c8ed477569b6d9e4164bef.jpg\" rel=\"nofollow\" target=\"_blank\"><img decoding=\"async\" itemprop=\"thumbnail\" class=\"newsPhoto300 portrait\" id=\"imgid-115445-2577736\" alt=\"7\" src=\"https:\/\/www.europesays.com\/lt\/wp-content\/uploads\/2025\/10\/1761686127_585_785cd130c0c8ed477569b6d9e4164bef.jpg\" title=\"Karas Ukrainoje. Kyjive \u012fvykdyta brutali ataka (nuotr. SCANPIX)\" loading=\"lazy\" \/> <\/a> <\/p>\n<p>Karas Ukrainoje. Kyjive \u012fvykdyta brutali ataka (nuotr. SCANPIX)<\/p>\n<p>  <a itemprop=\"contentUrl\" data-size=\"0x0\" href=\"#gid=115445&amp;pid=8\" data-href=\"https:\/\/static4.inspektorius.lt\/usi\/800x600\/2\/84\/9d\/03\/849d0331cd51a62c78d37363a5e173bc.jpg?v=4.2.7.283&amp;t=cr&amp;s=800x600&amp;m=2&amp;f=\/Uploads\/UGallery\/photos\/52\/df\/ce\/bf\/52dfcebfa092d3195bc7ceab8694108c.jpg\" rel=\"nofollow\" target=\"_blank\"><img decoding=\"async\" itemprop=\"thumbnail\" class=\"newsPhoto300 portrait\" id=\"imgid-115445-2577737\" alt=\"8\" src=\"https:\/\/www.europesays.com\/lt\/wp-content\/uploads\/2025\/10\/1761686128_777_52dfcebfa092d3195bc7ceab8694108c.jpg\" title=\"Karas Ukrainoje. Kyjive \u012fvykdyta brutali ataka (nuotr. SCANPIX)\" loading=\"lazy\" \/> <\/a> <\/p>\n<p>Karas Ukrainoje. Kyjive \u012fvykdyta brutali ataka (nuotr. SCANPIX)<\/p>\n<p>  <a itemprop=\"contentUrl\" data-size=\"0x0\" href=\"#gid=115445&amp;pid=9\" data-href=\"https:\/\/static4.inspektorius.lt\/usi\/800x600\/2\/75\/2f\/57\/752f57474c2e10e643e5dc7e03d43d78.jpg?v=4.2.7.283&amp;t=cr&amp;s=800x600&amp;m=2&amp;f=\/Uploads\/UGallery\/photos\/d1\/ae\/12\/21\/d1ae1221bb85104ef35a808b09969f72.jpg\" rel=\"nofollow\" target=\"_blank\"><img decoding=\"async\" itemprop=\"thumbnail\" class=\"newsPhoto300 portrait\" id=\"imgid-115445-2577738\" alt=\"9\" src=\"https:\/\/www.europesays.com\/lt\/wp-content\/uploads\/2025\/10\/1761686129_661_d1ae1221bb85104ef35a808b09969f72.jpg\" title=\"Karas Ukrainoje. Kyjive \u012fvykdyta brutali ataka (nuotr. SCANPIX)\" loading=\"lazy\" \/> <\/a> <\/p>\n<p>Karas Ukrainoje. Kyjive \u012fvykdyta brutali ataka (nuotr. SCANPIX)<\/p>\n<p>  <a itemprop=\"contentUrl\" data-size=\"0x0\" href=\"#gid=115445&amp;pid=10\" data-href=\"https:\/\/static4.inspektorius.lt\/usi\/800x600\/2\/7b\/35\/0e\/7b350e80fc92b2a65bf15aba03096ec0.jpg?v=4.2.7.283&amp;t=cr&amp;s=800x600&amp;m=2&amp;f=\/Uploads\/UGallery\/photos\/10\/7b\/ae\/31\/107bae31152391f7283db4f69619ec49.jpg\" rel=\"nofollow\" target=\"_blank\"><img decoding=\"async\" itemprop=\"thumbnail\" class=\"newsPhoto300 portrait\" id=\"imgid-115445-2577739\" alt=\"10\" src=\"https:\/\/www.europesays.com\/lt\/wp-content\/uploads\/2025\/10\/1761686130_90_107bae31152391f7283db4f69619ec49.jpg\" title=\"Karas Ukrainoje. Kyjive \u012fvykdyta brutali ataka (nuotr. SCANPIX)\" loading=\"lazy\" \/> <\/a> <\/p>\n<p>Karas Ukrainoje. Kyjive \u012fvykdyta brutali ataka (nuotr. SCANPIX)<\/p>\n<p>  <a itemprop=\"contentUrl\" data-size=\"0x0\" href=\"#gid=115445&amp;pid=11\" data-href=\"https:\/\/static4.inspektorius.lt\/usi\/800x600\/2\/c1\/b4\/c4\/c1b4c403e63371fe9e9fd0a5f3d7a27b.jpg?v=4.2.7.283&amp;t=cr&amp;s=800x600&amp;m=2&amp;f=\/Uploads\/UGallery\/photos\/32\/ec\/4f\/32\/32ec4f32e255334ca06ddb77bc43b051.jpg\" rel=\"nofollow\" target=\"_blank\"><img decoding=\"async\" itemprop=\"thumbnail\" class=\"newsPhoto300 portrait\" id=\"imgid-115445-2577740\" alt=\"11\" src=\"https:\/\/www.europesays.com\/lt\/wp-content\/uploads\/2025\/10\/1761686131_826_32ec4f32e255334ca06ddb77bc43b051.jpg\" title=\"Karas Ukrainoje. Kyjive \u012fvykdyta brutali ataka (nuotr. SCANPIX)\" loading=\"lazy\" \/> <\/a> <\/p>\n<p>Karas Ukrainoje. Kyjive \u012fvykdyta brutali ataka (nuotr. SCANPIX)<\/p>\n<p>  <a itemprop=\"contentUrl\" data-size=\"0x0\" href=\"#gid=115445&amp;pid=12\" data-href=\"https:\/\/static4.inspektorius.lt\/usi\/800x600\/2\/bd\/17\/3a\/bd173a3986e561751d6f176ffbe28513.jpg?v=4.2.7.283&amp;t=cr&amp;s=800x600&amp;m=2&amp;f=\/Uploads\/UGallery\/photos\/35\/c1\/7d\/c5\/35c17dc5b151d1d9c824c4664febc5a2.jpg\" rel=\"nofollow\" target=\"_blank\"><img decoding=\"async\" itemprop=\"thumbnail\" class=\"newsPhoto300 portrait\" id=\"imgid-115445-2577741\" alt=\"12\" src=\"https:\/\/www.europesays.com\/lt\/wp-content\/uploads\/2025\/10\/1761686133_428_35c17dc5b151d1d9c824c4664febc5a2.jpg\" title=\"Karas Ukrainoje. Kyjive \u012fvykdyta brutali ataka (nuotr. SCANPIX)\" loading=\"lazy\" \/> <\/a> <\/p>\n<p>Karas Ukrainoje. Kyjive \u012fvykdyta brutali ataka (nuotr. SCANPIX)<\/p>\n<p>  <a itemprop=\"contentUrl\" data-size=\"0x0\" href=\"#gid=115445&amp;pid=13\" data-href=\"https:\/\/static4.inspektorius.lt\/usi\/800x600\/2\/47\/24\/5c\/47245c3d30ce9cef8df9550525fabcdb.jpg?v=4.2.7.283&amp;t=cr&amp;s=800x600&amp;m=2&amp;f=\/Uploads\/UGallery\/photos\/da\/73\/4f\/47\/da734f47aeb4f72fd2cdb5e231ac6510.jpg\" rel=\"nofollow\" target=\"_blank\"><img decoding=\"async\" itemprop=\"thumbnail\" class=\"newsPhoto300 portrait\" id=\"imgid-115445-2577742\" alt=\"13\" src=\"https:\/\/www.europesays.com\/lt\/wp-content\/uploads\/2025\/10\/1761686134_202_da734f47aeb4f72fd2cdb5e231ac6510.jpg\" title=\"Karas Ukrainoje. Kyjive \u012fvykdyta brutali ataka (nuotr. SCANPIX)\" loading=\"lazy\" \/> <\/a> <\/p>\n<p>Karas Ukrainoje. Kyjive \u012fvykdyta brutali ataka (nuotr. SCANPIX)<\/p>\n<p>Sekmadien\u012f V. Zelenskis parei\u0161k\u0117, kad pra\u0117jusi\u0105 savait\u0119 <a href=\"https:\/\/www.tv3.lt\/rubrika\/naujienos\/uzsienis\/rusija\" target=\"_blank\" class=\"phrase\" rel=\"nofollow noopener\">Rusijos<\/a> Federacija prie\u0161 Ukrain\u0105 panaudojo daugiau kaip 50 raket\u0173, beveik 1 t\u016bkst. 200 puolam\u0173j\u0173 dron\u0173 ir daugiau kaip 1 t\u016bkst. 360 aviacini\u0173 bomb\u0173. Nuo metu prad\u017eios Rusija \u012f Ukrain\u0105 i\u0161 viso paleido apie 770 balistini\u0173 raket\u0173 ir daugiau kaip 50 hipergarsini\u0173 raket\u0173 \u201eKin\u017eal\u201c.<\/p>\n<p>Patiko straipsnis? <a href=\"https:\/\/www.tv3.lt\/prenumeruoti\" rel=\"nofollow noopener\" target=\"_blank\">U\u017esiprenumeruokite m\u016bs\u0173 naujienlai\u0161k\u012f ir gaukite svarbiausias dienos naujienas bei \u012fdomiausius straipsnius kiekvien\u0105 darbo dien\u0105 11 val. Tiesiai \u012f J\u016bs\u0173 el. pa\u0161t\u0105!<\/a><\/p>\n","protected":false},"excerpt":{"rendered":"\u201eShahed\u201c dronai jau tapo pavojingesni u\u017e balistines raketas. Balistines raketas mes \u00a0numu\u0161ame ten, kur turime \u201ePatriot\u201c sistemas. O&hellip;\n","protected":false},"author":2,"featured_media":27539,"comment_status":"","ping_status":"","sticky":false,"template":"","format":"standard","meta":{"footnotes":""},"categories":[15],"tags":[8175,25,30,31,57,43,34,35,55,48,24,54,51,49,50,32,33,37,39,36,38,40,45,23,22,44,28,29,53,42,56,47,26,27,41,46,58,74,75,76,52],"class_list":{"0":"post-27538","1":"post","2":"type-post","3":"status-publish","4":"format-standard","5":"has-post-thumbnail","7":"category-pasaulis","8":"tag-2025-10-28-150444","9":"tag-antrastes","10":"tag-breaking-news","11":"tag-breakingnews","12":"tag-daiktai","13":"tag-dienos-kronika","14":"tag-featured-news","15":"tag-featurednews","16":"tag-gatves-tekstai","17":"tag-gyvenimas","18":"tag-headlines","19":"tag-interneto-pievos","20":"tag-keliones","21":"tag-kultura","22":"tag-laisvalaikis","23":"tag-latest-news","24":"tag-latestnews","25":"tag-lietuva","26":"tag-lietuviu","27":"tag-lithuania","28":"tag-lithuanian","29":"tag-lt","30":"tag-mokslas-ir-it","31":"tag-naujienos","32":"tag-news","33":"tag-pasaulis","34":"tag-populiariausios-naujienos","35":"tag-populiariausiosnaujienos","36":"tag-projektai","37":"tag-rinktiniai-tekstai","38":"tag-simtmecio-portalas","39":"tag-sportas","40":"tag-top-stories","41":"tag-topstories","42":"tag-tv3-lt","43":"tag-verslas","44":"tag-video","45":"tag-world","46":"tag-world-news","47":"tag-worldnews","48":"tag-zaidimai"},"share_on_mastodon":{"url":"","error":"Validation failed: Text character limit of 500 exceeded"},"_links":{"self":[{"href":"https:\/\/www.europesays.com\/lt\/wp-json\/wp\/v2\/posts\/27538","targetHints":{"allow":["GET"]}}],"collection":[{"href":"https:\/\/www.europesays.com\/lt\/wp-json\/wp\/v2\/posts"}],"about":[{"href":"https:\/\/www.europesays.com\/lt\/wp-json\/wp\/v2\/types\/post"}],"author":[{"embeddable":true,"href":"https:\/\/www.europesays.com\/lt\/wp-json\/wp\/v2\/users\/2"}],"replies":[{"embeddable":true,"href":"https:\/\/www.europesays.com\/lt\/wp-json\/wp\/v2\/comments?post=27538"}],"version-history":[{"count":0,"href":"https:\/\/www.europesays.com\/lt\/wp-json\/wp\/v2\/posts\/27538\/revisions"}],"wp:featuredmedia":[{"embeddable":true,"href":"https:\/\/www.europesays.com\/lt\/wp-json\/wp\/v2\/media\/27539"}],"wp:attachment":[{"href":"https:\/\/www.europesays.com\/lt\/wp-json\/wp\/v2\/media?parent=27538"}],"wp:term":[{"taxonomy":"category","embeddable":true,"href":"https:\/\/www.europesays.com\/lt\/wp-json\/wp\/v2\/categories?post=27538"},{"taxonomy":"post_tag","embeddable":true,"href":"https:\/\/www.europesays.com\/lt\/wp-json\/wp\/v2\/tags?post=27538"}],"curies":[{"name":"wp","href":"https:\/\/api.w.org\/{rel}","templated":true}]}}