{"id":27551,"date":"2025-10-28T22:19:11","date_gmt":"2025-10-28T22:19:11","guid":{"rendered":"https:\/\/www.europesays.com\/lt\/27551\/"},"modified":"2025-10-28T22:19:11","modified_gmt":"2025-10-28T22:19:11","slug":"lietuviskoje-akistatoje-pergale-dziaugesi-giedraicio-klubas-delfi","status":"publish","type":"post","link":"https:\/\/www.europesays.com\/lt\/27551\/","title":{"rendered":"Lietuvi\u0161koje akistatoje pergale d\u017eiaug\u0117si Giedrai\u010dio klubas &#8211; Delfi"},"content":{"rendered":"<ol>\n<li><a href=\"https:\/\/news.google.com\/rss\/articles\/CBMirwFBVV95cUxQeGdjUnkwX0t5T3A0ZnBBeW4tUDZpcDE3WHJtRmJEVVJzS1luMGUtcUJWSlBUdXk4dDhXdDNPN0dydEU4dmhkN1djZi1Rd2NtY2I2X2tzZ1pxMG05WXZrNGFoNFdqNXZKRjJxTVhnek9sU0x1WE9YSERSNEdta0ROUVJVelJ5ajlpVjM2YXVGSVV1d3Y1bkdoRUVycGlhVUVJTGQ1UTRPRjFHUTVqck9N?oc=5\" target=\"_blank\" rel=\"nofollow noopener\">Lietuvi\u0161koje akistatoje pergale d\u017eiaug\u0117si Giedrai\u010dio klubas<\/a>&nbsp;&nbsp;Delfi<\/li>\n<li><a href=\"https:\/\/news.google.com\/rss\/articles\/CBMirgFBVV95cUxQWkRGZ0Q4cTNyZnBrYnplVHFFRUtXbEhwVWhnSXpKWU5uNk5kN1FIaTEtdkloUTJtVkNLaTZ0N2Nyenl5NUhLQ3ktNUtUSjJua3JWMUFSODJoeF9NV3pUOG5OZ0JPeThoZTNkOTRiZVFsTF9HNEZFUFB6LUxrcl9KU3VteTVvY0NZeG9POUtRMWExdDBRclRSeXg2em1lOFhuQTc5X0V0MTJvM3BLdEE?oc=5\" target=\"_blank\" rel=\"nofollow noopener\">Bla\u017eevi\u010diaus ir Giedrai\u010dio akistatoje s\u0117km\u0117 lyd\u0117jo Tenerif\u0117s klub\u0105 \/ Naujienos<\/a>&nbsp;&nbsp;BasketNews.lt<\/li>\n<li><a href=\"https:\/\/news.google.com\/rss\/articles\/CBMiqwFBVV95cUxPUjJiOVlDbTdjRDBRYlo5azA4TVF1WEQ2bE83TUY4YXJ5dmlZcTJ0UVRrbXdFOVdITGlrbkFyUldrSEhCQkZhM0NZRGpVeTdWQVpOQmJPUUN4SWhZcEs2UndERXZ6RnBpU1ZyaXN5eEhUV25KT1hHanR0ZThsOXMtaTBKdkM1T19SZjk4RWl0cWJNeDZtX1JyREFQZm9RSENwRmU2VFo3TE9YOE0?oc=5\" target=\"_blank\" rel=\"nofollow noopener\">Lietuvi\u0161koje akistatoje \u2013 Giedrai\u010dio pergal\u0117 prie\u0161 Bla\u017eevi\u010di\u0173<\/a>&nbsp;&nbsp;LRT<\/li>\n<li><a href=\"https:\/\/news.google.com\/rss\/articles\/CBMinAFBVV95cUxOajNWNERvTXVmNk92QTdZcDRQUldCUmExVkRTSWY3b0FaWHBjTmsydm5TSHdNanJtRTItdVhEQV9QX1g2b2dvSHZFWkFDdUkzeG8zcEZuOVJpUU10VUZVUXFiVXpBT3J3Q0FqSU90MXZaTm1Bc3FzcWdXV0c5REtEcWFaRXA3NTVmby1qVXZSeExGOF9fbFhnaVhPbHk?oc=5\" target=\"_blank\" rel=\"nofollow noopener\">Giedraitis nugal\u0117jo Bla\u017eevi\u010di\u0173 FIBA \u010cempion\u0173 lygoje<\/a>&nbsp;&nbsp;tv3.lt<\/li>\n<li><a href=\"https:\/\/news.google.com\/rss\/articles\/CBMigwJBVV95cUxQQlVKNEluZEl3eWpUeWRmYkFudDVDRFdMVzRBcWlteFpjaV90cW51dzczOU05dnBaRmg1UU9aUlZVcklYMlNQbDYxS3VodGNnTzRBXzd1NS00WUdVdzh0c0VwVko3S0NRZFVRZmxxcl9hR3dva1c0WjV3ckNuM2NlWlRQY3h0OWlWX3BaMGJhbHozdHZHUXlwOFEyVDU0b2ZaN3djNnZRTDVkQkdUZ0w3QlJyN0NDQ2h3VnN2OS15dGlNZUN0MUtkQWxmR0J4dHdCZVZPcGhoWDg4czZ2LUlzYXZuU3RqWkl4bTRIenlTSVd3NEZKdExpS29GWHMtWHAzbW1j?oc=5\" target=\"_blank\" rel=\"nofollow noopener\">\u010cempion\u0173 lyga: Bla\u017eevi\u010diaus klubas nusileido Giedrai\u010dio ekipai, Lekavi\u010diaus ir Kuzminsko komanda laim\u0117jo dramati\u0161kai<\/a>&nbsp;&nbsp;Eurobasket.lt<\/li>\n<\/ol>\n","protected":false},"excerpt":{"rendered":"Lietuvi\u0161koje akistatoje pergale d\u017eiaug\u0117si Giedrai\u010dio klubas&nbsp;&nbsp;Delfi Bla\u017eevi\u010diaus ir Giedrai\u010dio akistatoje s\u0117km\u0117 lyd\u0117jo Tenerif\u0117s klub\u0105 \/ Naujienos&nbsp;&nbsp;BasketNews.lt Lietuvi\u0161koje akistatoje&hellip;\n","protected":false},"author":2,"featured_media":27552,"comment_status":"","ping_status":"","sticky":false,"template":"","format":"standard","meta":{"footnotes":""},"categories":[19],"tags":[2492,152,37,39,36,38,40,2493,3737,47,104],"class_list":{"0":"post-27551","1":"post","2":"type-post","3":"status-publish","4":"format-standard","5":"has-post-thumbnail","7":"category-sportas","8":"tag-bursos-tofas","9":"tag-fiba-cempionu-lyga","10":"tag-lietuva","11":"tag-lietuviu","12":"tag-lithuania","13":"tag-lithuanian","14":"tag-lt","15":"tag-marekas-blazevicius","16":"tag-rokas-giedraitis","17":"tag-sportas","18":"tag-sports"},"share_on_mastodon":{"url":"https:\/\/pubeurope.com\/@lt\/115454119972009766","error":""},"_links":{"self":[{"href":"https:\/\/www.europesays.com\/lt\/wp-json\/wp\/v2\/posts\/27551","targetHints":{"allow":["GET"]}}],"collection":[{"href":"https:\/\/www.europesays.com\/lt\/wp-json\/wp\/v2\/posts"}],"about":[{"href":"https:\/\/www.europesays.com\/lt\/wp-json\/wp\/v2\/types\/post"}],"author":[{"embeddable":true,"href":"https:\/\/www.europesays.com\/lt\/wp-json\/wp\/v2\/users\/2"}],"replies":[{"embeddable":true,"href":"https:\/\/www.europesays.com\/lt\/wp-json\/wp\/v2\/comments?post=27551"}],"version-history":[{"count":0,"href":"https:\/\/www.europesays.com\/lt\/wp-json\/wp\/v2\/posts\/27551\/revisions"}],"wp:featuredmedia":[{"embeddable":true,"href":"https:\/\/www.europesays.com\/lt\/wp-json\/wp\/v2\/media\/27552"}],"wp:attachment":[{"href":"https:\/\/www.europesays.com\/lt\/wp-json\/wp\/v2\/media?parent=27551"}],"wp:term":[{"taxonomy":"category","embeddable":true,"href":"https:\/\/www.europesays.com\/lt\/wp-json\/wp\/v2\/categories?post=27551"},{"taxonomy":"post_tag","embeddable":true,"href":"https:\/\/www.europesays.com\/lt\/wp-json\/wp\/v2\/tags?post=27551"}],"curies":[{"name":"wp","href":"https:\/\/api.w.org\/{rel}","templated":true}]}}