{"id":27594,"date":"2025-10-29T03:34:08","date_gmt":"2025-10-29T03:34:08","guid":{"rendered":"https:\/\/www.europesays.com\/lt\/27594\/"},"modified":"2025-10-29T03:34:08","modified_gmt":"2025-10-29T03:34:08","slug":"mokslininkai-isrado-nauja-saldymo-buda-verslas","status":"publish","type":"post","link":"https:\/\/www.europesays.com\/lt\/27594\/","title":{"rendered":"Mokslininkai i\u0161rado nauj\u0105 \u0161aldymo b\u016bd\u0105 | Verslas"},"content":{"rendered":"<p>Tipin\u0117s \u0161aldymo sistemos veikia garavimo\u2013kondensacijos ciklu: \u012frenginyje esantis skystis i\u0161 aplinkos sugeria \u0161ilum\u0105, i\u0161garuoja, v\u0117liau kondensuojasi ir pavirsta dujomis, kurios per u\u017edar\u0105 vamzd\u012f transportuojamos ir v\u0117l kondensuojamos \u012f skyst\u012f. Nors \u0161is metodas veikia jau daugiau nei \u0161imtmet\u012f, daugelis naudojam\u0173 \u0161aldymo med\u017eiag\u0173 turi didel\u012f neigiam\u0105 poveik\u012f aplinkai.<\/p>\n<p>Jonokalorinis v\u0117sinimas si\u016blo kitok\u012f princip\u0105: jis i\u0161naudoja poky\u010dius, kurie vyksta, kai med\u017eiaga kei\u010dia faz\u0119. Papras\u010diausias pavyzdys \u2014 ledas, tirpdamas, sugeria \u0161ilum\u0105 i\u0161 aplinkos ir taip j\u0105 atv\u0117sina. Vietoje to, kad keltume erdv\u0117s temperat\u016br\u0105, kad ledas tiprt\u0173, mes pasitelkiame jonokalorinius ciklus, kurie kei\u010dia lydymosi temperat\u016br\u0105 jon\u0173 jud\u0117jimu \u2014 elektros srov\u0117 stumia \u012fkrautas daleles ir taip ver\u010dia med\u017eiag\u0105 keisti savo faz\u0119.<\/p>\n<p> <a href=\"https:\/\/s1.15min.lt\/images\/photos\/2012\/09\/13\/original\/ledukai-67b3c0721d064.jpg\" rel=\"content-image nofollow noopener\" title=\"Ledukai\" target=\"_blank\"><img decoding=\"async\" alt=\"Ledukai\" rel=\"content-image\" src=\"https:\/\/www.europesays.com\/lt\/wp-content\/uploads\/2025\/10\/ledukai-67b3c0721d064.jpg\" style=\"width: auto; height: auto;\"\/><\/a> <\/p>\n<p>Ledukai<\/p>\n<p>Lawrence Berkeley nacionalin\u0117s laboratorijos ir Kalifornijos universiteto Berklio mokslinink\u0173 2023 m. pristatytas modelis ir pirmieji eksperimentai parod\u0117, kad \u0161is metodas gali b\u016bti itin efektyvus. Tyr\u0117jai atliko bandymus su jodu ir natrio druska etilenkarbonato tirpiklyje \u2014 med\u017eiagoje, kuri pla\u010diai naudojama li\u010dio jon\u0173 baterijose. Eksperimente, taikant ma\u017eesne nei 1 volto \u012ftamp\u0105, u\u017efiksuotas temperat\u016bros kritimas net 25 laipsniais. Mokslinink\u0173 teigimu \u0161is rezultatas gerokai lenkia ankstesnes technologijas.<\/p>\n<p>Komandos nariai pabr\u0117\u017eia tris pagrindinius \u0161ios technologijos tikslus: ma\u017eas \u0161aldymo med\u017eiagos pasaulinio at\u0161ilimo potencialas, energijos efektyvumas ir \u012frangos savikaina. \u201eNuo pat pirm\u0173j\u0173 bandym\u0173 duomenys atrodo labai perspektyv\u016bs visais trim aspektais\u201c, \u2014 sak\u0117 mechanikos in\u017einierius Ravi Prasher i\u0161 Lawrence Berkeley laboratorijos.<\/p>\n<blockquote class=\"leftside\">\n<p>Iki komercini\u0173 sprendim\u0173 dar toli.<\/p>\n<\/blockquote>\n<p>Vis d\u0117lto mokslininkai \u012fsp\u0117ja, kad iki komercini\u0173 sprendim\u0173 dar toli: reikia perkelti technologij\u0105 i\u0161 laboratorini\u0173 prototip\u0173 \u012f didesnio masto sistemas, i\u0161spr\u0119sti in\u017einerinius i\u0161\u0161\u016bkius ir optimizuoti med\u017eiag\u0173 derinius. Vyksta eksperimentai su \u012fvairiomis druskomis \u2014 naujausi tarptautin\u0117s komandos 2025 m. rezultatai rodo, kad nitrat\u0173 pagrindu pagamintos druskos, apdorotos elektros laukais ir membranomis, suteikia ypa\u010d ger\u0173 rezultat\u0173.<\/p>\n<p>Jonokalorinis v\u0117sinimas \u017eada saugesn\u0119 ir ekologi\u0161kesn\u0119 alternatyv\u0105 tradiciniams au\u0161inimo metodams, ta\u010diau prireiks dar daugyb\u0117s papildom\u0173 bandym\u0173 ir technologini\u0173 sprendim\u0173, kol \u0161i id\u0117ja taps prieinama kiekvienam.<\/p>\n","protected":false},"excerpt":{"rendered":"Tipin\u0117s \u0161aldymo sistemos veikia garavimo\u2013kondensacijos ciklu: \u012frenginyje esantis skystis i\u0161 aplinkos sugeria \u0161ilum\u0105, i\u0161garuoja, v\u0117liau kondensuojasi ir pavirsta&hellip;\n","protected":false},"author":2,"featured_media":27595,"comment_status":"","ping_status":"","sticky":false,"template":"","format":"standard","meta":{"footnotes":""},"categories":[15],"tags":[25,30,31,34,35,24,32,33,37,39,36,38,40,23,22,44,28,29,26,27,74,75,76],"class_list":{"0":"post-27594","1":"post","2":"type-post","3":"status-publish","4":"format-standard","5":"has-post-thumbnail","7":"category-pasaulis","8":"tag-antrastes","9":"tag-breaking-news","10":"tag-breakingnews","11":"tag-featured-news","12":"tag-featurednews","13":"tag-headlines","14":"tag-latest-news","15":"tag-latestnews","16":"tag-lietuva","17":"tag-lietuviu","18":"tag-lithuania","19":"tag-lithuanian","20":"tag-lt","21":"tag-naujienos","22":"tag-news","23":"tag-pasaulis","24":"tag-populiariausios-naujienos","25":"tag-populiariausiosnaujienos","26":"tag-top-stories","27":"tag-topstories","28":"tag-world","29":"tag-world-news","30":"tag-worldnews"},"share_on_mastodon":{"url":"https:\/\/pubeurope.com\/@lt\/115455358644318291","error":""},"_links":{"self":[{"href":"https:\/\/www.europesays.com\/lt\/wp-json\/wp\/v2\/posts\/27594","targetHints":{"allow":["GET"]}}],"collection":[{"href":"https:\/\/www.europesays.com\/lt\/wp-json\/wp\/v2\/posts"}],"about":[{"href":"https:\/\/www.europesays.com\/lt\/wp-json\/wp\/v2\/types\/post"}],"author":[{"embeddable":true,"href":"https:\/\/www.europesays.com\/lt\/wp-json\/wp\/v2\/users\/2"}],"replies":[{"embeddable":true,"href":"https:\/\/www.europesays.com\/lt\/wp-json\/wp\/v2\/comments?post=27594"}],"version-history":[{"count":0,"href":"https:\/\/www.europesays.com\/lt\/wp-json\/wp\/v2\/posts\/27594\/revisions"}],"wp:featuredmedia":[{"embeddable":true,"href":"https:\/\/www.europesays.com\/lt\/wp-json\/wp\/v2\/media\/27595"}],"wp:attachment":[{"href":"https:\/\/www.europesays.com\/lt\/wp-json\/wp\/v2\/media?parent=27594"}],"wp:term":[{"taxonomy":"category","embeddable":true,"href":"https:\/\/www.europesays.com\/lt\/wp-json\/wp\/v2\/categories?post=27594"},{"taxonomy":"post_tag","embeddable":true,"href":"https:\/\/www.europesays.com\/lt\/wp-json\/wp\/v2\/tags?post=27594"}],"curies":[{"name":"wp","href":"https:\/\/api.w.org\/{rel}","templated":true}]}}