{"id":27695,"date":"2025-10-29T07:40:09","date_gmt":"2025-10-29T07:40:09","guid":{"rendered":"https:\/\/www.europesays.com\/lt\/27695\/"},"modified":"2025-10-29T07:40:09","modified_gmt":"2025-10-29T07:40:09","slug":"vyriausybe-uzdarys-siena-su-baltarusija-d-trumpas-atvyko-i-pietu-koreja-susitikti-su-kinijos-lyderiu","status":"publish","type":"post","link":"https:\/\/www.europesays.com\/lt\/27695\/","title":{"rendered":"Vyriausyb\u0117 u\u017edarys sien\u0105 su Baltarusija; D. Trumpas atvyko \u012f Piet\u0173 Kor\u0117j\u0105 susitikti su Kinijos lyderiu"},"content":{"rendered":"<p>09:36<\/p>\n<p>D. Trumpas sako, kad jam nepavyko susitarti d\u0117l susitikimo su Kim Jong Unu<\/p>\n<p class=\"content-paragraph\">JAV prezidentas Donaldas Trumpas parei\u0161k\u0117, kad jam nepavyko susitarti d\u0117l deryb\u0173 su \u0160iaur\u0117s Kor\u0117jos lyderiu Kim Jong Unu vizito Piet\u0173 Kor\u0117joje metu, taip nutraukdamas visas sp\u0117liones d\u0117l galimo j\u0173 susitikimo.<\/p>\n<p class=\"content-paragraph\">Susitik\u0119s su Piet\u0173 Kor\u0117jos prezidentu Lee Jae-myungu D. Trumpas taip pat sak\u0117, kad sieks ma\u017einti \u012ftamp\u0105 tarp Piet\u0173 Kor\u0117jos ir \u0160iaur\u0117s Kor\u0117jos.\u00a0<\/p>\n","protected":false},"excerpt":{"rendered":"09:36 D. Trumpas sako, kad jam nepavyko susitarti d\u0117l susitikimo su Kim Jong Unu JAV prezidentas Donaldas Trumpas&hellip;\n","protected":false},"author":2,"featured_media":27696,"comment_status":"","ping_status":"","sticky":false,"template":"","format":"standard","meta":{"footnotes":""},"categories":[17],"tags":[81,37,39,36,38,40,46],"class_list":{"0":"post-27695","1":"post","2":"type-post","3":"status-publish","4":"format-standard","5":"has-post-thumbnail","7":"category-verslas","8":"tag-business","9":"tag-lietuva","10":"tag-lietuviu","11":"tag-lithuania","12":"tag-lithuanian","13":"tag-lt","14":"tag-verslas"},"share_on_mastodon":{"url":"https:\/\/pubeurope.com\/@lt\/115456326170227514","error":""},"_links":{"self":[{"href":"https:\/\/www.europesays.com\/lt\/wp-json\/wp\/v2\/posts\/27695","targetHints":{"allow":["GET"]}}],"collection":[{"href":"https:\/\/www.europesays.com\/lt\/wp-json\/wp\/v2\/posts"}],"about":[{"href":"https:\/\/www.europesays.com\/lt\/wp-json\/wp\/v2\/types\/post"}],"author":[{"embeddable":true,"href":"https:\/\/www.europesays.com\/lt\/wp-json\/wp\/v2\/users\/2"}],"replies":[{"embeddable":true,"href":"https:\/\/www.europesays.com\/lt\/wp-json\/wp\/v2\/comments?post=27695"}],"version-history":[{"count":0,"href":"https:\/\/www.europesays.com\/lt\/wp-json\/wp\/v2\/posts\/27695\/revisions"}],"wp:featuredmedia":[{"embeddable":true,"href":"https:\/\/www.europesays.com\/lt\/wp-json\/wp\/v2\/media\/27696"}],"wp:attachment":[{"href":"https:\/\/www.europesays.com\/lt\/wp-json\/wp\/v2\/media?parent=27695"}],"wp:term":[{"taxonomy":"category","embeddable":true,"href":"https:\/\/www.europesays.com\/lt\/wp-json\/wp\/v2\/categories?post=27695"},{"taxonomy":"post_tag","embeddable":true,"href":"https:\/\/www.europesays.com\/lt\/wp-json\/wp\/v2\/tags?post=27695"}],"curies":[{"name":"wp","href":"https:\/\/api.w.org\/{rel}","templated":true}]}}