{"id":27758,"date":"2025-10-29T09:02:07","date_gmt":"2025-10-29T09:02:07","guid":{"rendered":"https:\/\/www.europesays.com\/lt\/27758\/"},"modified":"2025-10-29T09:02:07","modified_gmt":"2025-10-29T09:02:07","slug":"n-narmontaite-atskleide-su-kokia-garsenybe-karta-buvo-sumaisyta-eme-fotografuoti","status":"publish","type":"post","link":"https:\/\/www.europesays.com\/lt\/27758\/","title":{"rendered":"N. Narmontait\u0117 atskleid\u0117, su kokia garsenybe kart\u0105 buvo sumai\u0161yta: \u0117m\u0117 fotografuoti"},"content":{"rendered":"<p>Pirmoji vakaro pa\u0161nekov\u0117 \u2013 pianist\u0117 Ieva D\u016bdait\u0117 \u2013 \u0161iuo metu i\u0161gyvena gra\u017eiausi\u0105 laikotarp\u012f. \u017dinoma moteris laukiasi antrojo vaikelio.<\/p>\n<p>\u201eSu pirm\u0105j\u0105 dukra, neduosiu pameluoti, a\u0161 dar penktadien\u012f ved\u017eiau individuali\u0105 fortepijono pamok\u0105 ir tur\u0117jau mini pasirodym\u0105, o \u0161e\u0161tadien\u012f man nub\u0117go vandenys ir a\u0161 i\u0161va\u017eiavau \u012f ligonin\u0119. Vadinasi, galima groti iki paskutin\u0117s minut\u0117s. Manau, kad rib\u0173 ir limit\u0173 n\u0117ra \u2013 kiekviena moteris turi labai gerai jausti savo k\u016bn\u0105\u201c, \u2013laidos filmavime sak\u0117 ji.<\/p>\n<p>Tiesa, Ieva nesl\u0117p\u0117, kad kartais reikia pasisaugoti ir mok\u0117ti pasakyti \u201ene\u201c. Visgi, anot Ievos, karjer\u0105 su motinyste suderinti yra tikrai \u012fmanoma.<\/p>\n<p>Kadangi rankos \u2013 svarbiausias Ievos instrumentas, ji nesl\u0117p\u0117 \u2013 jas yra apdraudusi.<\/p>\n<p>\u201ePrisipa\u017einsiu, kad \u201eGrand Piano\u201c \u0161ou metu mes apdraud\u0117me mano rankas, o ta suma yra arti pus\u0117s milijono\u201c, \u2013 atskleid\u0117 ji.<\/p>\n<p>Laidoje su\u017einosime ir apie netik\u0117\u010diausias vietas, kuriose Ieva yra grojusi fortepijonu, o Mantas Wizard jai bus paruo\u0161\u0119s ir linksm\u0105 u\u017eduot\u012f. Kaip jai pavyks tai \u012fveikti?<\/p>\n<p>Tiesa, Ieva bus ne vienintel\u0117 \u0161io vakaro vie\u0161nia. Laidoje i\u0161vysime ir aktor\u0119 Nijol\u0119 Narmontait\u0119 bei mylimiausi\u0105 2025 m. medik\u0119 Evelin\u0105 Ruibien\u0119.<\/p>\n<p>Daugybe \u012fdomi\u0173 istorij\u0173 laidos filmavime dalijosi ir N. Narmontait\u0117. \u0160tai, pavyzd\u017eiui, garsi aktor\u0117 prisimin\u0117, kaip kart\u0105 buvo supainiota su kita garsia scenos diva&#8230;<\/p>\n<p>Viskas nutiko tuomet, kai prie\u0161 vien\u0105 spektakl\u012f Klaip\u0117doje, N. Narmontait\u0117 i\u0161\u0117jo pasivaik\u0161\u010dioti.<\/p>\n<p>\u201eSaul\u0117 \u0161vie\u010dia, einu pakiliai nusiteikusi ir staiga tiesiog jau\u010diu, kad ka\u017ekas \u012f mane \u017ei\u016bri. Atsisuku, o ten vyri\u0161kis man mojuoja. A\u0161 visuomet su visais pasimojuoju ir apsikabinu, tod\u0117l pamojavau ir jam, o aplink j\u012f \u2013 dar ir vaiku\u010diai.<\/p>\n<p>Staiga jie pradeda l\u0117kti per gatv\u0119 prie man\u0119s. Visiems pasira\u0161au, jie mane i\u0161 vis\u0173 pusi\u0173 fotografuoja, o j\u0173 mokytojas \u2013 laimingas. Ta\u010diau, kai jis vaik\u0173 paklaus\u0117, ar jie \u017eino, kas prie\u0161 juos stovi, visi su\u0161uko, kad Valinskien\u0117\u2026\u201c \u2013 dabar su \u0161ypsena prisimin\u0117 N. Narmontait\u0117.<\/p>\n<p>Daugiau linksm\u0173 ir netik\u0117t\u0173 istorij\u0173 \u2013 jau \u0161io vakaro laidoje.<\/p>\n","protected":false},"excerpt":{"rendered":"Pirmoji vakaro pa\u0161nekov\u0117 \u2013 pianist\u0117 Ieva D\u016bdait\u0117 \u2013 \u0161iuo metu i\u0161gyvena gra\u017eiausi\u0105 laikotarp\u012f. \u017dinoma moteris laukiasi antrojo vaikelio.&hellip;\n","protected":false},"author":2,"featured_media":27759,"comment_status":"","ping_status":"","sticky":false,"template":"","format":"standard","meta":{"footnotes":""},"categories":[21],"tags":[113,37,39,36,38,40,114],"class_list":{"0":"post-27758","1":"post","2":"type-post","3":"status-publish","4":"format-standard","5":"has-post-thumbnail","7":"category-pramogos","8":"tag-entertainment","9":"tag-lietuva","10":"tag-lietuviu","11":"tag-lithuania","12":"tag-lithuanian","13":"tag-lt","14":"tag-pramogos"},"share_on_mastodon":{"url":"https:\/\/pubeurope.com\/@lt\/115456648300851987","error":""},"_links":{"self":[{"href":"https:\/\/www.europesays.com\/lt\/wp-json\/wp\/v2\/posts\/27758","targetHints":{"allow":["GET"]}}],"collection":[{"href":"https:\/\/www.europesays.com\/lt\/wp-json\/wp\/v2\/posts"}],"about":[{"href":"https:\/\/www.europesays.com\/lt\/wp-json\/wp\/v2\/types\/post"}],"author":[{"embeddable":true,"href":"https:\/\/www.europesays.com\/lt\/wp-json\/wp\/v2\/users\/2"}],"replies":[{"embeddable":true,"href":"https:\/\/www.europesays.com\/lt\/wp-json\/wp\/v2\/comments?post=27758"}],"version-history":[{"count":0,"href":"https:\/\/www.europesays.com\/lt\/wp-json\/wp\/v2\/posts\/27758\/revisions"}],"wp:featuredmedia":[{"embeddable":true,"href":"https:\/\/www.europesays.com\/lt\/wp-json\/wp\/v2\/media\/27759"}],"wp:attachment":[{"href":"https:\/\/www.europesays.com\/lt\/wp-json\/wp\/v2\/media?parent=27758"}],"wp:term":[{"taxonomy":"category","embeddable":true,"href":"https:\/\/www.europesays.com\/lt\/wp-json\/wp\/v2\/categories?post=27758"},{"taxonomy":"post_tag","embeddable":true,"href":"https:\/\/www.europesays.com\/lt\/wp-json\/wp\/v2\/tags?post=27758"}],"curies":[{"name":"wp","href":"https:\/\/api.w.org\/{rel}","templated":true}]}}