{"id":27815,"date":"2025-10-29T10:05:09","date_gmt":"2025-10-29T10:05:09","guid":{"rendered":"https:\/\/www.europesays.com\/lt\/27815\/"},"modified":"2025-10-29T10:05:09","modified_gmt":"2025-10-29T10:05:09","slug":"veterinarai-atskleide-netiketa-priezasti-kodel-cernobylyje-sunys-tampa-melyni-ir-tai-ne-del-radiacijos","status":"publish","type":"post","link":"https:\/\/www.europesays.com\/lt\/27815\/","title":{"rendered":"Veterinarai atskleid\u0117 netik\u0117t\u0105 prie\u017east\u012f, kod\u0117l \u010cernobylyje \u0161unys tampa m\u0117lyni \u2013 ir tai ne d\u0117l radiacijos"},"content":{"rendered":"<p>\n                Veterinarijos ekspertai teigia, kad grup\u0117 \u0161un\u0173 su ry\u0161kiai m\u0117lynu kailiu, pasteb\u0117t\u0173 klaid\u017eiojan\u010di\u0173 \u010cernobylio u\u017edraustoje zonoje, nebuvo radiacijos aukos.            <\/p>\n<p>\u0160io straipsnio \u012fgarsinimo gali klausyti tik 15min prenumeratoriai<\/p>\n<p>        <a onclick=\"$('html,body').animate({scrollTop: ($('.paid-content-text').offset().top - 150)}, 'slow'); gaTagEvent('navigation', 'nav_article', 'audio_prenumeruoti');\">Prenumeruoti<\/a><\/p>\n<p>\t\t\t\t<a href=\"https:\/\/s1.15min.lt\/images\/photos\/2025\/10\/29\/original\/kai-kurie-sunys-cernobylio-teritorijoje-nusidaze-melynai-6901d327a319e.jpg\" title=\"Facebook\/DogsofChernobyl nuotr. \/  Kai kurie \u0161unys \u010cernobylio teritorijoje nusida\u017e\u0117 m\u0117lynai\" class=\"image-link\" rel=\"nofollow noopener\" target=\"_blank\"><br \/>\n\t\t\t<img decoding=\"async\" alt=\"Kai kurie \u0161unys \u010cernobylio teritorijoje nusida\u017e\u0117 m\u0117lynai\" src=\"https:\/\/www.europesays.com\/lt\/wp-content\/uploads\/2025\/10\/kai-kurie-sunys-cernobylio-teritorijoje-nusidaze-melynai-6901d327a319e.jpg\" itemprop=\"image\" width=\"970\" height=\"580\" fetchpriority=\"high\"\/>\t\t\t\t\t<\/a><\/p>\n<p>\n        Kai kurie \u0161unys \u010cernobylio teritorijoje nusida\u017e\u0117 m\u0117lynai  \/ Facebook\/DogsofChernobyl nuotr.\t<\/p>\n","protected":false},"excerpt":{"rendered":"Veterinarijos ekspertai teigia, kad grup\u0117 \u0161un\u0173 su ry\u0161kiai m\u0117lynu kailiu, pasteb\u0117t\u0173 klaid\u017eiojan\u010di\u0173 \u010cernobylio u\u017edraustoje zonoje, nebuvo radiacijos aukos.&hellip;\n","protected":false},"author":2,"featured_media":27816,"comment_status":"","ping_status":"","sticky":false,"template":"","format":"standard","meta":{"footnotes":""},"categories":[15],"tags":[25,30,31,34,35,24,32,33,37,39,36,38,40,23,22,44,28,29,26,27,74,75,76],"class_list":{"0":"post-27815","1":"post","2":"type-post","3":"status-publish","4":"format-standard","5":"has-post-thumbnail","7":"category-pasaulis","8":"tag-antrastes","9":"tag-breaking-news","10":"tag-breakingnews","11":"tag-featured-news","12":"tag-featurednews","13":"tag-headlines","14":"tag-latest-news","15":"tag-latestnews","16":"tag-lietuva","17":"tag-lietuviu","18":"tag-lithuania","19":"tag-lithuanian","20":"tag-lt","21":"tag-naujienos","22":"tag-news","23":"tag-pasaulis","24":"tag-populiariausios-naujienos","25":"tag-populiariausiosnaujienos","26":"tag-top-stories","27":"tag-topstories","28":"tag-world","29":"tag-world-news","30":"tag-worldnews"},"share_on_mastodon":{"url":"https:\/\/pubeurope.com\/@lt\/115456896188043292","error":""},"_links":{"self":[{"href":"https:\/\/www.europesays.com\/lt\/wp-json\/wp\/v2\/posts\/27815","targetHints":{"allow":["GET"]}}],"collection":[{"href":"https:\/\/www.europesays.com\/lt\/wp-json\/wp\/v2\/posts"}],"about":[{"href":"https:\/\/www.europesays.com\/lt\/wp-json\/wp\/v2\/types\/post"}],"author":[{"embeddable":true,"href":"https:\/\/www.europesays.com\/lt\/wp-json\/wp\/v2\/users\/2"}],"replies":[{"embeddable":true,"href":"https:\/\/www.europesays.com\/lt\/wp-json\/wp\/v2\/comments?post=27815"}],"version-history":[{"count":0,"href":"https:\/\/www.europesays.com\/lt\/wp-json\/wp\/v2\/posts\/27815\/revisions"}],"wp:featuredmedia":[{"embeddable":true,"href":"https:\/\/www.europesays.com\/lt\/wp-json\/wp\/v2\/media\/27816"}],"wp:attachment":[{"href":"https:\/\/www.europesays.com\/lt\/wp-json\/wp\/v2\/media?parent=27815"}],"wp:term":[{"taxonomy":"category","embeddable":true,"href":"https:\/\/www.europesays.com\/lt\/wp-json\/wp\/v2\/categories?post=27815"},{"taxonomy":"post_tag","embeddable":true,"href":"https:\/\/www.europesays.com\/lt\/wp-json\/wp\/v2\/tags?post=27815"}],"curies":[{"name":"wp","href":"https:\/\/api.w.org\/{rel}","templated":true}]}}