{"id":27838,"date":"2025-10-29T10:23:08","date_gmt":"2025-10-29T10:23:08","guid":{"rendered":"https:\/\/www.europesays.com\/lt\/27838\/"},"modified":"2025-10-29T10:23:08","modified_gmt":"2025-10-29T10:23:08","slug":"kruizinis-laivas-atokioje-saloje-pamirso-senjore-kita-diena-ji-rasta-negyva","status":"publish","type":"post","link":"https:\/\/www.europesays.com\/lt\/27838\/","title":{"rendered":"Kruizinis laivas atokioje saloje \u201epamir\u0161o\u201c senjor\u0119: kit\u0105 dien\u0105 ji rasta negyva"},"content":{"rendered":"<p>\u0160e\u0161tadien\u012f moteris drauge su kitais kruizinio laivo \u201eCoral Adventurer\u201c keleiviais leidosi \u012f \u017eyg\u012f po Lizardo sal\u0105, esan\u010dioje u\u017e 250 km \u012f \u0161iaur\u0119 nuo Kernso miesto, ta\u010diau manoma, kad, nor\u0117dama pails\u0117ti, ji atsiskyr\u0117 nuo grup\u0117s.<\/p>\n<p>Laivas sal\u0105 paliko apie saul\u0117lyd\u012f, bet po keli\u0173 valand\u0173 gr\u012f\u017eo, kai \u012fgula suprato, kad moteris dingo. Sekmadienio ryt\u0105 per didel\u0119 paie\u0161kos operacij\u0105 moters k\u016bnas buvo rastas.<\/p>\n<p>Australijos j\u016br\u0173 saugumo tarnyba prane\u0161\u0117, kad atlieka tyrim\u0105 ir susitiks su laivo \u012fgula, kai \u0161i v\u0117liau \u0161i\u0105 savait\u0119 prisi\u0161vartuos Darvine.<\/p>\n<p> <a href=\"https:\/\/s1.15min.lt\/images\/photos\/2025\/07\/16\/original\/2388232903-6877a9b35cf19.jpg\" rel=\"content-image nofollow noopener\" title=\"Shutterstock nuotr.\/Kruizinis laivas\" target=\"_blank\"><img decoding=\"async\" alt=\"Shutterstock nuotr.\/Kruizinis laivas\" rel=\"content-image\" src=\"https:\/\/www.europesays.com\/lt\/wp-content\/uploads\/2025\/10\/2388232903-6877a9b35cf19.jpg\" style=\"width: auto; height: auto;\"\/><\/a> <\/p>\n<p>Shutterstock nuotr.\/Kruizinis laivas<\/p>\n<p>Tarnybos atstovas spaudai teig\u0117, kad pirm\u0105 kart\u0105 apie dingusi\u0105 moter\u012f \u0161e\u0161tadien\u012f apie 21 val. vietos laiku prane\u0161\u0117 laivo kapitonas.<\/p>\n<p>Nurodoma, kad institucija bendradarbiaus su kitomis atitinkamomis agent\u016bromis tiriant \u0161\u012f atvej\u012f ir pabr\u0117\u017eiama, jog ji rimtai vertina komercini\u0173 laiv\u0173 keleivi\u0173 ir \u012fgulos saugum\u0105.<\/p>\n<p>Kompanijos \u201eCoral Expeditions\u201c vykdomasis direktorius Markas Fifieldas sak\u0117, kad darbuotojai susisiek\u0117 su moters \u0161eima ir pasi\u016bl\u0117 param\u0105 d\u0117l tragi\u0161kos mirties.<\/p>\n<p>\u201eNors incidento tyrimas t\u0119siamas, labai apgailestaujame, kad tai \u012fvyko, ir si\u016blome visokeriop\u0105 param\u0105 moters \u0161eimai\u201c, \u2013 teig\u0117 jis.<\/p>\n<p>Anot naujien\u0173 portalo \u201eCourier Mail, pagyvenusi austral\u0117 prisijung\u0117 prie grup\u0117s \u017eygio \u012f auk\u0161\u010diausi\u0105 salos vir\u0161\u016bn\u0119, o paskui nusprend\u0117, kad jai reikia pails\u0117ti.<\/p>\n<p>Viena liudinink\u0117, pra\u0117jus\u012f savaitgal\u012f buriavusi netoli Lizardo salos, ABC pasakojo, kad \u0161e\u0161tadien\u012f apie vidurnakt\u012f mat\u0117, kaip sraigtasparnis pro\u017eektoriumi ie\u0161kojo p\u0117s\u010di\u0173j\u0173 tako saloje.<\/p>\n<p>Jos teigimu, ma\u017edaug 7 \u017emon\u0117s su \u017eibintuv\u0117liais i\u0161vyko \u012f sal\u0105 ie\u0161koti senjor\u0117s, ta\u010diau apie 3 val. vietos laiku paie\u0161ka buvo nutraukta, o sraigtasparnis gr\u012f\u017eo sekmadienio ryt\u0105, kai buvo rastas k\u016bnas.<\/p>\n<p>\u201eMes \u017einojome, kad ji negyva, nes jie i\u0161 karto at\u0161auk\u0117 visus i\u0161 paie\u0161kos\u201c, \u2013 sak\u0117 ji ABC.<\/p>\n<p>\u201eIr niekas neva\u017eiavo \u012f t\u0105 viet\u0105, vir\u0161 kurios buvo pakib\u0119s sraigtasparnis, iki pat v\u0117lesn\u0117s dienos, kai atvyko policija\u201c, \u2013 prid\u016br\u0117 moteris.<\/p>\n<p>Kaip ra\u0161o BBC, senjor\u0117 buvo tik prad\u0117jusi savo kruiz\u0105 aplink Australij\u0105, kuris tur\u0117jo trukti 60 dien\u0173.<\/p>\n<p>Pasak bendrov\u0117s interneto svetain\u0117s, \u201eCoral Adventurer\u201c gali priimti iki 120 sve\u010di\u0173 ir 46 \u012fgulos narius. Jis buvo specialiai pastatytas tam, kad b\u016bt\u0173 galima pasiekti atokias Australijos pakrant\u0117s vietoves, ir jame \u012frengti \u201etendrai\u201c \u2013 ma\u017ei laiveliai, kuriais keleiviai plaukia \u012f dienos ekskursijas.<\/p>\n","protected":false},"excerpt":{"rendered":"\u0160e\u0161tadien\u012f moteris drauge su kitais kruizinio laivo \u201eCoral Adventurer\u201c keleiviais leidosi \u012f \u017eyg\u012f po Lizardo sal\u0105, esan\u010dioje u\u017e&hellip;\n","protected":false},"author":2,"featured_media":27839,"comment_status":"","ping_status":"","sticky":false,"template":"","format":"standard","meta":{"footnotes":""},"categories":[15],"tags":[25,30,31,34,35,24,32,33,37,39,36,38,40,23,22,44,28,29,26,27,74,75,76],"class_list":{"0":"post-27838","1":"post","2":"type-post","3":"status-publish","4":"format-standard","5":"has-post-thumbnail","7":"category-pasaulis","8":"tag-antrastes","9":"tag-breaking-news","10":"tag-breakingnews","11":"tag-featured-news","12":"tag-featurednews","13":"tag-headlines","14":"tag-latest-news","15":"tag-latestnews","16":"tag-lietuva","17":"tag-lietuviu","18":"tag-lithuania","19":"tag-lithuanian","20":"tag-lt","21":"tag-naujienos","22":"tag-news","23":"tag-pasaulis","24":"tag-populiariausios-naujienos","25":"tag-populiariausiosnaujienos","26":"tag-top-stories","27":"tag-topstories","28":"tag-world","29":"tag-world-news","30":"tag-worldnews"},"share_on_mastodon":{"url":"https:\/\/pubeurope.com\/@lt\/115456967102068212","error":""},"_links":{"self":[{"href":"https:\/\/www.europesays.com\/lt\/wp-json\/wp\/v2\/posts\/27838","targetHints":{"allow":["GET"]}}],"collection":[{"href":"https:\/\/www.europesays.com\/lt\/wp-json\/wp\/v2\/posts"}],"about":[{"href":"https:\/\/www.europesays.com\/lt\/wp-json\/wp\/v2\/types\/post"}],"author":[{"embeddable":true,"href":"https:\/\/www.europesays.com\/lt\/wp-json\/wp\/v2\/users\/2"}],"replies":[{"embeddable":true,"href":"https:\/\/www.europesays.com\/lt\/wp-json\/wp\/v2\/comments?post=27838"}],"version-history":[{"count":0,"href":"https:\/\/www.europesays.com\/lt\/wp-json\/wp\/v2\/posts\/27838\/revisions"}],"wp:featuredmedia":[{"embeddable":true,"href":"https:\/\/www.europesays.com\/lt\/wp-json\/wp\/v2\/media\/27839"}],"wp:attachment":[{"href":"https:\/\/www.europesays.com\/lt\/wp-json\/wp\/v2\/media?parent=27838"}],"wp:term":[{"taxonomy":"category","embeddable":true,"href":"https:\/\/www.europesays.com\/lt\/wp-json\/wp\/v2\/categories?post=27838"},{"taxonomy":"post_tag","embeddable":true,"href":"https:\/\/www.europesays.com\/lt\/wp-json\/wp\/v2\/tags?post=27838"}],"curies":[{"name":"wp","href":"https:\/\/api.w.org\/{rel}","templated":true}]}}