{"id":27850,"date":"2025-10-29T10:41:07","date_gmt":"2025-10-29T10:41:07","guid":{"rendered":"https:\/\/www.europesays.com\/lt\/27850\/"},"modified":"2025-10-29T10:41:07","modified_gmt":"2025-10-29T10:41:07","slug":"trumpas-pries-susitikima-su-xi-jinpingu-uzsimine-apie-galimybe-sumazinti-muitus","status":"publish","type":"post","link":"https:\/\/www.europesays.com\/lt\/27850\/","title":{"rendered":"Trumpas prie\u0161 susitikim\u0105 su Xi Jinpingu u\u017esimin\u0117 apie galimyb\u0119 suma\u017einti muitus"},"content":{"rendered":"<p>\u201eTikiuosi juos suma\u017einti, nes manau, kad jie pad\u0117s mums i\u0161spr\u0119sti fentanilio situacij\u0105\u201c, \u2013 parei\u0161k\u0117 JAV vadovas, \u017eurnalist\u0173 paklaustas, ar jis b\u016bt\u0173 pasireng\u0119s suma\u017einti \u201esu fentaniliu susijusius muitus\u201c prek\u0117ms i\u0161 Kinijos. D. Trumpas daugiau detali\u0173 nepateik\u0117.<\/p>\n<p>Kiek anks\u010diau leidinys \u201eThe Wall Street Journal\u201c, remdamasis su \u0161iuo klausimu susipa\u017einusiais asmenimis, prane\u0161\u0117, kad Kinija mainais u\u017e su fentaniliu susijusi\u0173 JAV muit\u0173 kini\u0161koms prek\u0117ms suma\u017einim\u0105 tur\u0117t\u0173 \u012fsipareigoti grie\u017e\u010diau kontroliuoti \u0161io narkotiko gamybai naudojam\u0173 chemini\u0173 med\u017eiag\u0173 eksport\u0105.<\/p>\n<p>D. Trumpas yra ne kart\u0105 apkaltin\u0119s Kinij\u0105, kad jai i\u0161 dalies tenka atsakomyb\u0117 u\u017e fentanilio kriz\u0119 JAV. Fentanilis \u2013 stipri\u0105 priklausomyb\u0119 sukeliantis sintetinis opioidas \u2013 yra iki 50 kart\u0173 stipresnis u\u017e heroin\u0105. Pasak JAV vald\u017eios institucij\u0173, vos keli miligramai gali b\u016bti mirtini.<\/p>\n<p>JAV narkotik\u0173 kontrol\u0117s institucijos jau seniai laiko Kinij\u0105 chemini\u0173 med\u017eiag\u0173, reikaling\u0173 \u0161io narkotiko gamybai, gamybos centru. Pernai JAV Teisingumo departamentas apkaltino Kinijoje \u012fsik\u016brusias \u012fmones ir j\u0173 darbuotojus nusikaltimais, susijusiais su fentanilio gamyba. <\/p>\n<p>Vasario m\u0117nes\u012f D. Trumpo administracija \u012fved\u0117 papildomus importo muitus kini\u0161koms prek\u0117ms, \u0161\u012f \u017eingsn\u012f motyvuodama fentanilio krize.<\/p>\n<p>D. Trumpas ir Xi Jinpingas ketvirtadien\u012f tur\u0117t\u0173 susitikti Piet\u0173 Kor\u0117joje rengiamo Azijos ir Ramiojo vandenyno ekonominio bendradarbiavimo (APEC) vir\u0161\u016bni\u0173 susitikimo kuluaruose. Abu lyderiai tur\u0117t\u0173 aptarti dabartin\u012f prekybos gin\u010d\u0105, u\u017evirus\u012f tarp dviej\u0173 did\u017eiausi\u0173 pasaulio ekonomik\u0173.<\/p>\n","protected":false},"excerpt":{"rendered":"\u201eTikiuosi juos suma\u017einti, nes manau, kad jie pad\u0117s mums i\u0161spr\u0119sti fentanilio situacij\u0105\u201c, \u2013 parei\u0161k\u0117 JAV vadovas, \u017eurnalist\u0173 paklaustas,&hellip;\n","protected":false},"author":2,"featured_media":27851,"comment_status":"","ping_status":"","sticky":false,"template":"","format":"standard","meta":{"footnotes":""},"categories":[15],"tags":[25,30,31,194,34,35,24,223,32,33,37,39,36,38,40,23,22,44,28,29,26,27,74,75,76],"class_list":{"0":"post-27850","1":"post","2":"type-post","3":"status-publish","4":"format-standard","5":"has-post-thumbnail","7":"category-pasaulis","8":"tag-antrastes","9":"tag-breaking-news","10":"tag-breakingnews","11":"tag-donaldas-trumpas","12":"tag-featured-news","13":"tag-featurednews","14":"tag-headlines","15":"tag-jav","16":"tag-latest-news","17":"tag-latestnews","18":"tag-lietuva","19":"tag-lietuviu","20":"tag-lithuania","21":"tag-lithuanian","22":"tag-lt","23":"tag-naujienos","24":"tag-news","25":"tag-pasaulis","26":"tag-populiariausios-naujienos","27":"tag-populiariausiosnaujienos","28":"tag-top-stories","29":"tag-topstories","30":"tag-world","31":"tag-world-news","32":"tag-worldnews"},"share_on_mastodon":{"url":"https:\/\/pubeurope.com\/@lt\/115457037816856275","error":""},"_links":{"self":[{"href":"https:\/\/www.europesays.com\/lt\/wp-json\/wp\/v2\/posts\/27850","targetHints":{"allow":["GET"]}}],"collection":[{"href":"https:\/\/www.europesays.com\/lt\/wp-json\/wp\/v2\/posts"}],"about":[{"href":"https:\/\/www.europesays.com\/lt\/wp-json\/wp\/v2\/types\/post"}],"author":[{"embeddable":true,"href":"https:\/\/www.europesays.com\/lt\/wp-json\/wp\/v2\/users\/2"}],"replies":[{"embeddable":true,"href":"https:\/\/www.europesays.com\/lt\/wp-json\/wp\/v2\/comments?post=27850"}],"version-history":[{"count":0,"href":"https:\/\/www.europesays.com\/lt\/wp-json\/wp\/v2\/posts\/27850\/revisions"}],"wp:featuredmedia":[{"embeddable":true,"href":"https:\/\/www.europesays.com\/lt\/wp-json\/wp\/v2\/media\/27851"}],"wp:attachment":[{"href":"https:\/\/www.europesays.com\/lt\/wp-json\/wp\/v2\/media?parent=27850"}],"wp:term":[{"taxonomy":"category","embeddable":true,"href":"https:\/\/www.europesays.com\/lt\/wp-json\/wp\/v2\/categories?post=27850"},{"taxonomy":"post_tag","embeddable":true,"href":"https:\/\/www.europesays.com\/lt\/wp-json\/wp\/v2\/tags?post=27850"}],"curies":[{"name":"wp","href":"https:\/\/api.w.org\/{rel}","templated":true}]}}