{"id":27858,"date":"2025-10-29T10:53:11","date_gmt":"2025-10-29T10:53:11","guid":{"rendered":"https:\/\/www.europesays.com\/lt\/27858\/"},"modified":"2025-10-29T10:53:11","modified_gmt":"2025-10-29T10:53:11","slug":"pamatykite-ukrainos-dronai-sunaikino-rusu-raketu-paleidimo-sistema-ir-sarvuotaji-transporteri-verslas","status":"publish","type":"post","link":"https:\/\/www.europesays.com\/lt\/27858\/","title":{"rendered":"Pamatykite: Ukrainos dronai sunaikino rus\u0173 raket\u0173 paleidimo sistem\u0105 ir \u0161arvuot\u0105j\u012f transporter\u012f | Verslas"},"content":{"rendered":"<p>Ukrainos nepilotuojam\u0173 sistem\u0173 paj\u0117g\u0173 413-ojo pulko \u201eRaid\u201c daliniai s\u0117kmingai neutralizavo kelis taikinius, \u012fskaitant \u201eBM-21 Grad\u201c daugkartinio paleidimo raket\u0173 sistem\u0105, \u201eBTR-80\u201c \u0161arvuot\u0105j\u012f personalo transporter\u012f ir kelias rus\u0173 puolimo dalini\u0173 naudojamas transporto priemones.<\/p>\n<blockquote class=\"twitter-tweet\" data-media-max-width=\"100%\">\n<p lang=\"en\" dir=\"ltr\">Operators of the Unmanned Systems Forces are destroying enemy equipment and personnel as part of the Dobropillia counteroffensive operation.<\/p>\n<p>The situation in the Dobropillia sector is marked by high-intensity combat. The enemy continues to use the tactic of small assault groups\u2026 <a href=\"https:\/\/t.co\/KnhapNF9JX\" rel=\"nofollow\">pic.twitter.com\/KnhapNF9JX<\/a><\/p>\n<p>\u2014 \ud83c\uddfa\ud83c\udde6 Unmanned Systems Forces (@usf_army) <a href=\"https:\/\/twitter.com\/usf_army\/status\/1983206743057301699?ref_src=twsrc%5Etfw\" rel=\"nofollow noopener\" target=\"_blank\">October 28, 2025<\/a><\/p><\/blockquote>\n<p>Dobropilia i\u0161lieka viena i\u0161 aktyviausi\u0173 fronto zon\u0173, kuri\u0105 \u017eymi nuolatiniai prie\u0161o puolimai ir intensyvi artilerijos ugnis.<\/p>\n<p>Ukraina i\u0161laiko tvirt\u0105 savo pozicij\u0173 kontrol\u0119, naudodama dronus \u017evalgybai ir tiksliems sm\u016bgiams.<\/p>\n<p>\u201eRaid\u201c pulko operatoriai vykdo vis\u0105 par\u0105 trunkant\u012f oro steb\u0117jim\u0105, realiuoju laiku sekdami prie\u0161o jud\u0117jimus ir smogdami prie\u0161 rus\u0173 paj\u0117goms priart\u0117jant prie Ukrainos pozicij\u0173. J\u0173 greito reagavimo geb\u0117jimai leid\u017eia jiems smogti tikslams netgi parengimo ta\u0161kuose, veiksmingai sutrikdant rus\u0173 puolimo formuotes prie\u0161 jiems pradedant veiksmus.<\/p>\n<p>                        <script async src=\"https:\/\/platform.twitter.com\/widgets.js\" charset=\"utf-8\"><\/script><\/p>\n","protected":false},"excerpt":{"rendered":"Ukrainos nepilotuojam\u0173 sistem\u0173 paj\u0117g\u0173 413-ojo pulko \u201eRaid\u201c daliniai s\u0117kmingai neutralizavo kelis taikinius, \u012fskaitant \u201eBM-21 Grad\u201c daugkartinio paleidimo raket\u0173&hellip;\n","protected":false},"author":2,"featured_media":27859,"comment_status":"","ping_status":"","sticky":false,"template":"","format":"standard","meta":{"footnotes":""},"categories":[15],"tags":[25,30,31,34,35,24,32,33,37,39,36,38,40,23,22,44,28,29,26,27,74,75,76],"class_list":{"0":"post-27858","1":"post","2":"type-post","3":"status-publish","4":"format-standard","5":"has-post-thumbnail","7":"category-pasaulis","8":"tag-antrastes","9":"tag-breaking-news","10":"tag-breakingnews","11":"tag-featured-news","12":"tag-featurednews","13":"tag-headlines","14":"tag-latest-news","15":"tag-latestnews","16":"tag-lietuva","17":"tag-lietuviu","18":"tag-lithuania","19":"tag-lithuanian","20":"tag-lt","21":"tag-naujienos","22":"tag-news","23":"tag-pasaulis","24":"tag-populiariausios-naujienos","25":"tag-populiariausiosnaujienos","26":"tag-top-stories","27":"tag-topstories","28":"tag-world","29":"tag-world-news","30":"tag-worldnews"},"share_on_mastodon":{"url":"https:\/\/pubeurope.com\/@lt\/115457084815262671","error":""},"_links":{"self":[{"href":"https:\/\/www.europesays.com\/lt\/wp-json\/wp\/v2\/posts\/27858","targetHints":{"allow":["GET"]}}],"collection":[{"href":"https:\/\/www.europesays.com\/lt\/wp-json\/wp\/v2\/posts"}],"about":[{"href":"https:\/\/www.europesays.com\/lt\/wp-json\/wp\/v2\/types\/post"}],"author":[{"embeddable":true,"href":"https:\/\/www.europesays.com\/lt\/wp-json\/wp\/v2\/users\/2"}],"replies":[{"embeddable":true,"href":"https:\/\/www.europesays.com\/lt\/wp-json\/wp\/v2\/comments?post=27858"}],"version-history":[{"count":0,"href":"https:\/\/www.europesays.com\/lt\/wp-json\/wp\/v2\/posts\/27858\/revisions"}],"wp:featuredmedia":[{"embeddable":true,"href":"https:\/\/www.europesays.com\/lt\/wp-json\/wp\/v2\/media\/27859"}],"wp:attachment":[{"href":"https:\/\/www.europesays.com\/lt\/wp-json\/wp\/v2\/media?parent=27858"}],"wp:term":[{"taxonomy":"category","embeddable":true,"href":"https:\/\/www.europesays.com\/lt\/wp-json\/wp\/v2\/categories?post=27858"},{"taxonomy":"post_tag","embeddable":true,"href":"https:\/\/www.europesays.com\/lt\/wp-json\/wp\/v2\/tags?post=27858"}],"curies":[{"name":"wp","href":"https:\/\/api.w.org\/{rel}","templated":true}]}}