{"id":27954,"date":"2025-10-29T12:35:19","date_gmt":"2025-10-29T12:35:19","guid":{"rendered":"https:\/\/www.europesays.com\/lt\/27954\/"},"modified":"2025-10-29T12:35:19","modified_gmt":"2025-10-29T12:35:19","slug":"teksasas-padave-i-teisma-vaisto-tylenol-gamintojus-respublika-lt","status":"publish","type":"post","link":"https:\/\/www.europesays.com\/lt\/27954\/","title":{"rendered":"Teksasas padav\u0117 \u012f teism\u0105 vaisto \u201eTylenol\u201c gamintojus &#8211; Respublika.lt"},"content":{"rendered":"<p><img loading=\"lazy\" decoding=\"async\" src=\"https:\/\/www.respublika.lt\/lt\/naujienos\/pasaulis\/kitos_pasaulio_naujienos\/teksasas-padave-i-teisma-vaisto-tylenol-gamintojas\/images\/ico_camera_white.gif\" class=\"camera\" width=\"22\" height=\"15\" alt=\"nuotr.\" style=\"position:relative; top:-2px; right:2px;\"\/> 1 nuotr.<\/p>\n<p>Vaistai \u201eTylenol\u201c. Wikipedia.org nuotr.<\/p>\n<p style=\"text-align: justify;\" class=\"desktop_banner\">\u00a0<\/p>\n<p style=\"text-align: left;\">\u00a0<\/p>\n<p style=\"text-align: left;\">Respublikonas Kenas Paxtonas apkaltino vaist\u0173 gamintojas \u201eJohnson &amp; Johnson\u201c (J&amp;J) ir \u201eKenvue\u201c \u201es\u0105moningu pavojaus milijonams suk\u0117limu siekiant pasipildyti savo ki\u0161enes\u201c, ra\u0161oma prane\u0161ime spaudai, paskelbtame kartu su ie\u0161kiniu, kuris buvo pateiktas Teksaso valstijos teismui.<\/p>\n<p style=\"text-align: left;\">Ie\u0161kinyje, be kit\u0173 reikalavim\u0173, pra\u0161oma u\u017edrausti tariamai klaiding\u0105 rinkodar\u0105 ir skirti pinigines baudas.<\/p>\n<p style=\"text-align: left;\">K. Paxtono prane\u0161ime spaudai taip pat minima D. Trumpo administracijos pateikta literat\u016bra, kurioje teigiama apie ry\u0161\u012f tarp paracetamolio, pagrindin\u0117s \u201eTylenol\u201c sudedamosios dalies, ir autizmo, jei moterys n\u0117\u0161tumo metu vartoja \u0161\u012f vaist\u0105.<\/p>\n<p style=\"text-align: left;\">D. Trumpas kartu su sveikatos sekretoriumi Robertu F. Kennedy jaunesniuoju rugs\u0117jo 22 d. viename renginyje tvirtino, kad \u201evartoti \u201eTylenol\u201c n\u0117ra gerai\u201c ir kad reikia \u201esmarkiai kovoti, kad jis neb\u016bt\u0173 vartojamas\u201c.<\/p>\n<p style=\"text-align: left;\">Ta\u010diau medik\u0173 organizacijos, \u012fskaitant Amerikos aku\u0161eri\u0173 ir ginekolog\u0173 koled\u017e\u0105, jau seniai nurodo paracetamol\u012f kaip vien\u0105 saugiausi\u0173 skausm\u0105 mal\u0161inan\u010di\u0173 vaist\u0173, kuriuos galima vartoti n\u0117\u0161tumo metu.<\/p>\n<p style=\"text-align: left;\">Kai kurie visuomen\u0117s sveikatos ekspertai D. Trumpo i\u0161puolius prie\u0161 \u0161\u012f vaist\u0105 pavadino nemoksliniais ir pavojingais.<\/p>\n<p style=\"text-align: left;\">K. Paxtonas apkaltino \u201eJ&amp;J\u201c \u201eneteis\u0117tai perk\u0117lus savo atsakomyb\u0119 kitai\u201c bendrovei, kai ji atskyr\u0117 \u201eTylenol\u201c, 2023 m. \u012fsteigdama plataus vartojimo preki\u0173 \u012fmon\u0119 \u201eKenvue\u201c.<\/p>\n<p style=\"text-align: left;\">J&amp;J atstovas spaudai teig\u0117, kad bendrovei vaistas \u201eTylenol\u201c nebepriklauso ir kad \u201evisos teis\u0117s ir \u012fsipareigojimai\u201c dabar priklauso \u201eKenvue\u201c.<\/p>\n<p style=\"text-align: left;\">Bendrov\u0117 \u201eKenvue\u201c teig\u0117, kad paracetamolis \u201eyra saugiausia skausm\u0105 mal\u0161inanti priemon\u0117 n\u0117\u0161\u010dioms moterims pagal poreik\u012f viso n\u0117\u0161tumo metu\u201c.<\/p>\n<p style=\"text-align: left;\">\u201eEsame labai susir\u016bpin\u0119 d\u0117l skleid\u017eiamos dezinformacijos apie paracetamolio saugum\u0105 ir d\u0117l galimo jos poveikio Amerikos moter\u0173 bei vaik\u0173 sveikatai\u201c, \u2013 sakoma \u201eKenvue\u201c prane\u0161ime.<\/p>\n","protected":false},"excerpt":{"rendered":"1 nuotr. Vaistai \u201eTylenol\u201c. Wikipedia.org nuotr. \u00a0 \u00a0 Respublikonas Kenas Paxtonas apkaltino vaist\u0173 gamintojas \u201eJohnson &amp; Johnson\u201c (J&amp;J)&hellip;\n","protected":false},"author":2,"featured_media":27955,"comment_status":"","ping_status":"","sticky":false,"template":"","format":"standard","meta":{"footnotes":""},"categories":[15],"tags":[25,1597,30,31,2832,34,35,24,223,32,33,37,39,36,38,40,23,22,1598,44,28,29,1121,255,8252,26,27,74,75,76],"class_list":{"0":"post-27954","1":"post","2":"type-post","3":"status-publish","4":"format-standard","5":"has-post-thumbnail","7":"category-pasaulis","8":"tag-antrastes","9":"tag-autizmas","10":"tag-breaking-news","11":"tag-breakingnews","12":"tag-farmacija","13":"tag-featured-news","14":"tag-featurednews","15":"tag-headlines","16":"tag-jav","17":"tag-latest-news","18":"tag-latestnews","19":"tag-lietuva","20":"tag-lietuviu","21":"tag-lithuania","22":"tag-lithuanian","23":"tag-lt","24":"tag-naujienos","25":"tag-news","26":"tag-paracetamolis","27":"tag-pasaulis","28":"tag-populiariausios-naujienos","29":"tag-populiariausiosnaujienos","30":"tag-sveikata","31":"tag-teismas","32":"tag-teksasas","33":"tag-top-stories","34":"tag-topstories","35":"tag-world","36":"tag-world-news","37":"tag-worldnews"},"share_on_mastodon":{"url":"https:\/\/pubeurope.com\/@lt\/115457485959238186","error":""},"_links":{"self":[{"href":"https:\/\/www.europesays.com\/lt\/wp-json\/wp\/v2\/posts\/27954","targetHints":{"allow":["GET"]}}],"collection":[{"href":"https:\/\/www.europesays.com\/lt\/wp-json\/wp\/v2\/posts"}],"about":[{"href":"https:\/\/www.europesays.com\/lt\/wp-json\/wp\/v2\/types\/post"}],"author":[{"embeddable":true,"href":"https:\/\/www.europesays.com\/lt\/wp-json\/wp\/v2\/users\/2"}],"replies":[{"embeddable":true,"href":"https:\/\/www.europesays.com\/lt\/wp-json\/wp\/v2\/comments?post=27954"}],"version-history":[{"count":0,"href":"https:\/\/www.europesays.com\/lt\/wp-json\/wp\/v2\/posts\/27954\/revisions"}],"wp:featuredmedia":[{"embeddable":true,"href":"https:\/\/www.europesays.com\/lt\/wp-json\/wp\/v2\/media\/27955"}],"wp:attachment":[{"href":"https:\/\/www.europesays.com\/lt\/wp-json\/wp\/v2\/media?parent=27954"}],"wp:term":[{"taxonomy":"category","embeddable":true,"href":"https:\/\/www.europesays.com\/lt\/wp-json\/wp\/v2\/categories?post=27954"},{"taxonomy":"post_tag","embeddable":true,"href":"https:\/\/www.europesays.com\/lt\/wp-json\/wp\/v2\/tags?post=27954"}],"curies":[{"name":"wp","href":"https:\/\/api.w.org\/{rel}","templated":true}]}}