{"id":28724,"date":"2025-10-30T13:36:08","date_gmt":"2025-10-30T13:36:08","guid":{"rendered":"https:\/\/www.europesays.com\/lt\/28724\/"},"modified":"2025-10-30T13:36:08","modified_gmt":"2025-10-30T13:36:08","slug":"utenoje-dingusi-moteris-rasta-nuzudyta-itariamasis-mire-ligonineje","status":"publish","type":"post","link":"https:\/\/www.europesays.com\/lt\/28724\/","title":{"rendered":"Utenoje dingusi moteris rasta nu\u017eudyta, \u012ftariamasis mir\u0117 ligonin\u0117je"},"content":{"rendered":"<p>Policijai apie i\u0161vakar\u0117se negr\u012f\u017eusi\u0105 \u012f namus i\u0161 darbo moter\u012f spalio 25 d. prane\u0161\u0117 jos sutuoktinis. Atliekant uteni\u0161k\u0117s paie\u0161k\u0105, spalio 26 d. Roki\u0161kio rajone buvo rastas tik tu\u0161\u010dias jos automobilis. Spalio 28 dien\u0105 kriminalistai sodyboje netoli Utenos aptiko pasl\u0117pt\u0105 dingusios moters k\u016bn\u0105 su smurto \u017eym\u0117mis.<\/p>\n<p>Ie\u0161kant \u012ftariamojo, 47 met\u0173 min\u0117tos sodybos savininko R. L., jis spalio 29 d. buvo rastas Roki\u0161kio rajone. Stipriai su\u0161al\u0119s, \u012f kom\u0105 panir\u0119s vyras buvo paguldytas \u012f ligonin\u0119, kurioje \u0161iandien mir\u0117.<\/p>\n<p>R. L. teis\u0117saugos pareig\u016bnams buvo \u017einomas d\u0117l anks\u010diau padarytos nusikalstamos veikos. 2024 met\u0173 saus\u012f jis Utenoje, eidamas gatve, u\u017epuol\u0117 ir kirviu su\u017ealojo savo sutuoktin\u0119. Moteriai buvo suduota ne ma\u017eiau kaip 14 sm\u016bgi\u0173, dauguma j\u0173 \u2013 \u012f galv\u0105, kakl\u0105, nugar\u0105. Nuo sunkesni\u0173 su\u017ealojim\u0173 j\u0105 i\u0161gelb\u0117jo stori r\u016bbai ir tai, kad grumtyni\u0173 metu R. L. i\u0161 rank\u0173 i\u0161spr\u016bdo kirvis, o moters pagalbos \u0161auksmus i\u0161gird\u0119 praeiviai i\u0161kviet\u0117 policij\u0105.<\/p>\n<p>2024 gruod\u017eio m\u0117nes\u012f Panev\u0117\u017eio apygardos teismas R. L. i\u0161teisino d\u0117l pasik\u0117sinimo nu\u017eudyti, jis buvo pripa\u017eintas kaltu tik d\u0117l nesunkaus sveikatos sutrikdymo. Uteni\u0161kiui teismas skyr\u0117 2 met\u0173 1 m\u0117nesio laisv\u0117s at\u0117mimo bausm\u0119, jos vykdym\u0105 atidedant 2 metams. Teismo nuosprend\u017eio lauk\u0119s suimtas, R. L. po jo paskelbimo buvo paleistas \u012f laisv\u0119.<\/p>\n<p>Spalio 23 d. Lietuvos apeliacinis teismas, i\u0161nagrin\u0117j\u0119s Panev\u0117\u017eio apygardos prokurat\u016bros skund\u0105, pakeit\u0117 \u017eemesn\u0117s instancijos teismo nuosprend\u012f ir R. L. pripa\u017eino kaltu d\u0117l pasik\u0117sinimo nu\u017eudyti savo sutuoktin\u0119 bei skyr\u0117 jam 9 met\u0173 laisv\u0117s at\u0117mimo bausm\u0119. Grie\u017eto nuosprend\u017eio i\u0161klausyti \u012f Vilni\u0173 uteni\u0161kis neatvyko. Nuosprend\u017eio vykdymui dar neprasid\u0117jus, nuteistasis, \u012ftariama, nu\u017eud\u0117 uteni\u0161k\u0119.<\/p>\n<p>Ikiteismin\u012f tyrim\u0105, kuriuo siekiama nustatyti visas \u0161io nusikaltimo aplinkybes, atlieka Utenos apskrities vyriausiojo policijos komisariato Kriminalin\u0117s policijos sunki\u0173 nusikaltim\u0173 tyrimo skyriaus pareig\u016bnai, tyrimui vadovauja Panev\u0117\u017eio apygardos prokurat\u016bros prokuroras.<\/p>\n","protected":false},"excerpt":{"rendered":"Policijai apie i\u0161vakar\u0117se negr\u012f\u017eusi\u0105 \u012f namus i\u0161 darbo moter\u012f spalio 25 d. prane\u0161\u0117 jos sutuoktinis. Atliekant uteni\u0161k\u0117s paie\u0161k\u0105,&hellip;\n","protected":false},"author":2,"featured_media":28725,"comment_status":"","ping_status":"","sticky":false,"template":"","format":"standard","meta":{"footnotes":""},"categories":[6],"tags":[25,30,31,34,35,24,32,33,37,39,36,38,40,23,22,28,29,26,27],"class_list":{"0":"post-28724","1":"post","2":"type-post","3":"status-publish","4":"format-standard","5":"has-post-thumbnail","7":"category-antrastes","8":"tag-antrastes","9":"tag-breaking-news","10":"tag-breakingnews","11":"tag-featured-news","12":"tag-featurednews","13":"tag-headlines","14":"tag-latest-news","15":"tag-latestnews","16":"tag-lietuva","17":"tag-lietuviu","18":"tag-lithuania","19":"tag-lithuanian","20":"tag-lt","21":"tag-naujienos","22":"tag-news","23":"tag-populiariausios-naujienos","24":"tag-populiariausiosnaujienos","25":"tag-top-stories","26":"tag-topstories"},"share_on_mastodon":{"url":"https:\/\/pubeurope.com\/@lt\/115463388079336912","error":""},"_links":{"self":[{"href":"https:\/\/www.europesays.com\/lt\/wp-json\/wp\/v2\/posts\/28724","targetHints":{"allow":["GET"]}}],"collection":[{"href":"https:\/\/www.europesays.com\/lt\/wp-json\/wp\/v2\/posts"}],"about":[{"href":"https:\/\/www.europesays.com\/lt\/wp-json\/wp\/v2\/types\/post"}],"author":[{"embeddable":true,"href":"https:\/\/www.europesays.com\/lt\/wp-json\/wp\/v2\/users\/2"}],"replies":[{"embeddable":true,"href":"https:\/\/www.europesays.com\/lt\/wp-json\/wp\/v2\/comments?post=28724"}],"version-history":[{"count":0,"href":"https:\/\/www.europesays.com\/lt\/wp-json\/wp\/v2\/posts\/28724\/revisions"}],"wp:featuredmedia":[{"embeddable":true,"href":"https:\/\/www.europesays.com\/lt\/wp-json\/wp\/v2\/media\/28725"}],"wp:attachment":[{"href":"https:\/\/www.europesays.com\/lt\/wp-json\/wp\/v2\/media?parent=28724"}],"wp:term":[{"taxonomy":"category","embeddable":true,"href":"https:\/\/www.europesays.com\/lt\/wp-json\/wp\/v2\/categories?post=28724"},{"taxonomy":"post_tag","embeddable":true,"href":"https:\/\/www.europesays.com\/lt\/wp-json\/wp\/v2\/tags?post=28724"}],"curies":[{"name":"wp","href":"https:\/\/api.w.org\/{rel}","templated":true}]}}