{"id":29229,"date":"2025-10-31T07:10:10","date_gmt":"2025-10-31T07:10:10","guid":{"rendered":"https:\/\/www.europesays.com\/lt\/29229\/"},"modified":"2025-10-31T07:10:10","modified_gmt":"2025-10-31T07:10:10","slug":"kelione-baigesi-tragiskai-kruizinis-laivas-paliko-moteri-atokioje-saloje-rasta-negyva-vardai","status":"publish","type":"post","link":"https:\/\/www.europesays.com\/lt\/29229\/","title":{"rendered":"Kelion\u0117 baig\u0117si tragi\u0161kai \u2013 kruizinis laivas paliko moter\u012f atokioje saloje: rasta negyva | Vardai"},"content":{"rendered":"<p>80-met\u0117 Naujajaus Piet\u0173 Velso gyventoja Suzanne Rees, mirusi \u0161e\u0161tadien\u012f Lizard saloje, buvo \u017einoma kaip aistringa keliautoja ir sodinink\u0117, ra\u0161o dailymail.co.uk.<\/p>\n<p>Viena keliautoja mir\u0117 atokioje saloje Far North Queensland, pirmojoje 60 dien\u0173 trukm\u0117s kelion\u0117s aplink Australij\u0105, kurios bilietas kainavo 80 000 doleri\u0173, stotel\u0117je.<\/p>\n<p>Kelios institucijos atliks tyrim\u0105, kaip ir kod\u0117l ponia Rees buvo palikta kruiziniame laive \u201eCoral Expeditions\u201c, priklausan\u010diame NRMA.<\/p>\n<p>Katherine Rees pasakojo, kad jos mama susirgo belipant \u012f kalnus Lizard saloje ir buvo papra\u0161yta lipto \u017eemyn be palydos.<\/p>\n<p>\u201eTada laivas i\u0161plauk\u0117, matyt, nesuskai\u010diav\u0119s keleivi\u0173. Kai kuriuo metu arba netrukus po to mama mir\u0117 viena\u201c, \u2013 ji pasakojo laikra\u0161\u010diui \u201eThe Australian\u201c.<\/p>\n<p>Ji sak\u0117, kad jos \u0161eima buvo \u201e\u0161okiruota ir nuli\u016bdusi\u201c, kad j\u0173 mo\u010diut\u0117 buvo palikta d\u0117l \u201eprie\u017ei\u016bros ir sveiko proto tr\u016bkumo\u201c.<\/p>\n<p> <a href=\"https:\/\/s1.15min.lt\/images\/photos\/2025\/10\/30\/original\/screenshot-2025-10-30-180108-690390ba7faf7.jpg\" rel=\"content-image nofollow noopener\" title=\"\u201eInstagram\u201c nuotr.\/Suzanne Rees\" target=\"_blank\"><img decoding=\"async\" alt=\"\u201eInstagram\u201c nuotr.\/Suzanne Rees\" rel=\"content-image\" src=\"https:\/\/www.europesays.com\/lt\/wp-content\/uploads\/2025\/10\/screenshot-2025-10-30-180108-690390ba7faf7.jpg\" style=\"width: auto; height: auto;\"\/><\/a> <\/p>\n<p>\u201eInstagram\u201c nuotr.\/Suzanne Rees<\/p>\n<p>Apie ponios Rees dingim\u0105 buvo prane\u0161ta tik \u0161e\u0161tadienio vakare apie 18 val., kai ji neatvyko vakarien\u0117s, pra\u0117jus penkioms valandoms po to, kai buvo palikta.<\/p>\n<p>Sekmadien\u012f jos k\u016bnas buvo rastas 50 metr\u0173 nuo p\u0117s\u010di\u0173j\u0173 tako, vedan\u010dio \u012f Lizard salos auk\u0161\u010diausi\u0105 vir\u0161\u016bn\u0119, Cook&#8217;s Look.<\/p>\n<p>Jos mirtis \u012fvyko vos dien\u0105 po to, kai penktadienio popiet\u0119 i\u0161 Kerno i\u0161plauk\u0117 laivas \u201eCoral Adventurer\u201c.<\/p>\n<p>Laivas \u0161e\u0161tadien\u012f buvo nuleid\u0119s inkar\u0105 prie Lizard salos, kur keleiviai gal\u0117jo pers\u0117sti \u012f ma\u017eesn\u012f laivel\u012f ir keliauti p\u0117s\u010diomis bei nardyti su kurortin\u0117je saloje, esan\u010dioje 90 km \u012f \u0161iaur\u0117s rytus nuo Cooktown.<\/p>\n<p> <a href=\"https:\/\/s1.15min.lt\/images\/photos\/2025\/10\/29\/original\/lizardo-sala-australijoje-6901dc6c6b167.jpg\" rel=\"content-image nofollow noopener\" title=\"\u201eWikipedia\u201c nuotr.\/Lizardo sala Australijoje\" target=\"_blank\"><img decoding=\"async\" alt=\"\u201eWikipedia\u201c nuotr.\/Lizardo sala Australijoje\" rel=\"content-image\" src=\"https:\/\/www.europesays.com\/lt\/wp-content\/uploads\/2025\/10\/1761894609_812_lizardo-sala-australijoje-6901dc6c6b167.jpg\" style=\"width: auto; height: auto;\"\/><\/a> <\/p>\n<p>\u201eWikipedia\u201c nuotr.\/Lizardo sala Australijoje<\/p>\n<p>Jachtautoja Traci Ayris ir jos partneris Matthew, kurie buvo laive \u201eSV Vellamo\u201c, nuleidusiame inkar\u0105 netoli Lizard salos, klaus\u0117si avarini\u0173 radijo prane\u0161im\u0173, siun\u010diam\u0173 i\u0161 laivo \u201eCoral Expeditions\u201c.<\/p>\n<p>\u201eJie suskai\u010diavo snorkeling\u0105 u\u017esiiman\u010dius \u017emones (k\u0105 mes gird\u0117jome), bet, atrodo, ne kitus saloje esan\u010dius sve\u010dius\u201c, \u2013 sak\u0117 T. Ayris laikra\u0161\u010diui \u201eCairns Post\u201c.<\/p>\n<p>\u201ePaskutiniai \u017emon\u0117s nusileido nuo takelio ir \u012fs\u0117do \u012f valt\u012f, o laivas netrukus po to i\u0161plauk\u0117.<\/p>\n<p>Nuo to laiko, kai paskutiniai keleiviai paliko papl\u016bdim\u012f, iki to laiko, kai laivas pak\u0117l\u0117 inkar\u0105, pra\u0117jo nedaug laiko. Mes net pasak\u0117me: \u201eOho, jie i\u0161plauk\u0117 greitai\u201c.<\/p>\n<p> <a href=\"https:\/\/s1.15min.lt\/images\/photos\/2025\/02\/05\/original\/ka-kruiziniame-laive-reiskia-zodis-bananas-67a378b268225.jpg\" rel=\"content-image nofollow noopener\" title=\"Shutterstock nuotr.\/Kruizinis laivas\" target=\"_blank\"><img decoding=\"async\" alt=\"Shutterstock nuotr.\/Kruizinis laivas\" rel=\"content-image\" src=\"https:\/\/www.europesays.com\/lt\/wp-content\/uploads\/2025\/10\/ka-kruiziniame-laive-reiskia-zodis-bananas-67a378b268225.jpg\" style=\"width: auto; height: auto;\"\/><\/a> <\/p>\n<p>Shutterstock nuotr.\/Kruizinis laivas<\/p>\n<p>\u201eVessel Finder\u201c parod\u0117, kad \u201eCoral Adventurer\u201c \u0161e\u0161tadien\u012f apie 21 val. i\u0161plauk\u0117 atgal \u012f Lizard sal\u0105 ir atvyko sekmadien\u012f apie 2 val. nakties.<\/p>\n<p>Ponia Ayris sak\u0117, kad apie vidurnakt\u012f sraigtasparnis prad\u0117jo paie\u0161k\u0105 i\u0161 oro, o septyni \u201eCoral Adventurer\u201c \u012fgulos nariai i\u0161silaipino ir iki 3 val. ryto \u017eibintuv\u0117li\u0173 \u0161viesoje vaik\u0161\u010diojo po kalnus, kol paie\u0161ka buvo atnaujinta au\u0161tant.<\/p>\n<p>\u201eSraigtasparnis atvyko au\u0161tant ir i\u0161kart nukreip\u0117 \u012f Telstra Rock (kur ji buvo matyta paskutin\u012f kart\u0105), kur jis i\u0161kart pakibo, o tada tiesiai nusileido ant kilimo tako\u201c, \u2013 sak\u0117 ji.<\/p>\n<p>\u201eMes \u017einojome, kad jis j\u0105 rado, o veiklos nebuvimas mums parod\u0117, kad ji ai\u0161kiai mirusi. Ji ten gul\u0117jo vis\u0105 dien\u0105 ir galiausiai buvo i\u0161gabenta sraigtasparniu [tik prie\u0161 16 valand\u0105]\u201c.<\/p>\n<p>Australijos j\u016br\u0173 saugumo tarnybos pareig\u016bnai susitiks su 112 keleivi\u0173 \u201eCoral Adventurer\u201c laivu, kai jis sekmadien\u012f priplauks \u012f Darvin\u0105.<\/p>\n<p>Kruizinis laivas \u0161iuo metu yra Torreso s\u0105siaurio vandenyse netoli Ketvirtadienio salos, nes kelion\u0117 t\u0119siasi.<\/p>\n<p>\u201eCoral Expeditions\u201c patvirtino \u201eDaily Mail\u201c apie ponios Rees mirt\u012f.<\/p>\n<p>\u201e\u012egula prane\u0161\u0117 vald\u017eios institucijoms, kad dingusi moteris, ir buvo prad\u0117ta paie\u0161kos ir gelb\u0117jimo operacija sausumoje ir j\u016broje\u201c, \u2013 sak\u0117 generalinis direktorius Markas Fifieldas.<\/p>\n<p>\u201ePo operacijos \u201eCoral Expeditions\u201c buvo informuota Kvinslando policijos, kad moteris rasta negyva Lizard saloje.<\/p>\n","protected":false},"excerpt":{"rendered":"80-met\u0117 Naujajaus Piet\u0173 Velso gyventoja Suzanne Rees, mirusi \u0161e\u0161tadien\u012f Lizard saloje, buvo \u017einoma kaip aistringa keliautoja ir sodinink\u0117,&hellip;\n","protected":false},"author":2,"featured_media":29230,"comment_status":"","ping_status":"","sticky":false,"template":"","format":"standard","meta":{"footnotes":""},"categories":[15],"tags":[25,30,31,34,35,24,32,33,37,39,36,38,40,23,22,44,28,29,26,27,74,75,76],"class_list":{"0":"post-29229","1":"post","2":"type-post","3":"status-publish","4":"format-standard","5":"has-post-thumbnail","7":"category-pasaulis","8":"tag-antrastes","9":"tag-breaking-news","10":"tag-breakingnews","11":"tag-featured-news","12":"tag-featurednews","13":"tag-headlines","14":"tag-latest-news","15":"tag-latestnews","16":"tag-lietuva","17":"tag-lietuviu","18":"tag-lithuania","19":"tag-lithuanian","20":"tag-lt","21":"tag-naujienos","22":"tag-news","23":"tag-pasaulis","24":"tag-populiariausios-naujienos","25":"tag-populiariausiosnaujienos","26":"tag-top-stories","27":"tag-topstories","28":"tag-world","29":"tag-world-news","30":"tag-worldnews"},"share_on_mastodon":{"url":"https:\/\/pubeurope.com\/@lt\/115467532618896480","error":""},"_links":{"self":[{"href":"https:\/\/www.europesays.com\/lt\/wp-json\/wp\/v2\/posts\/29229","targetHints":{"allow":["GET"]}}],"collection":[{"href":"https:\/\/www.europesays.com\/lt\/wp-json\/wp\/v2\/posts"}],"about":[{"href":"https:\/\/www.europesays.com\/lt\/wp-json\/wp\/v2\/types\/post"}],"author":[{"embeddable":true,"href":"https:\/\/www.europesays.com\/lt\/wp-json\/wp\/v2\/users\/2"}],"replies":[{"embeddable":true,"href":"https:\/\/www.europesays.com\/lt\/wp-json\/wp\/v2\/comments?post=29229"}],"version-history":[{"count":0,"href":"https:\/\/www.europesays.com\/lt\/wp-json\/wp\/v2\/posts\/29229\/revisions"}],"wp:featuredmedia":[{"embeddable":true,"href":"https:\/\/www.europesays.com\/lt\/wp-json\/wp\/v2\/media\/29230"}],"wp:attachment":[{"href":"https:\/\/www.europesays.com\/lt\/wp-json\/wp\/v2\/media?parent=29229"}],"wp:term":[{"taxonomy":"category","embeddable":true,"href":"https:\/\/www.europesays.com\/lt\/wp-json\/wp\/v2\/categories?post=29229"},{"taxonomy":"post_tag","embeddable":true,"href":"https:\/\/www.europesays.com\/lt\/wp-json\/wp\/v2\/tags?post=29229"}],"curies":[{"name":"wp","href":"https:\/\/api.w.org\/{rel}","templated":true}]}}