{"id":29251,"date":"2025-10-31T07:44:19","date_gmt":"2025-10-31T07:44:19","guid":{"rendered":"https:\/\/www.europesays.com\/lt\/29251\/"},"modified":"2025-10-31T07:44:19","modified_gmt":"2025-10-31T07:44:19","slug":"agentas-prabilo-apie-prasidejusias-derybas-jei-usykas-kautis-nesutiks-dirzas-is-jo-bus-atimtas","status":"publish","type":"post","link":"https:\/\/www.europesays.com\/lt\/29251\/","title":{"rendered":"Agentas prabilo apie prasid\u0117jusias derybas: \u201eJei Usykas kautis nesutiks, dir\u017eas i\u0161 jo bus atimtas\u201c"},"content":{"rendered":"<p>\u00a0Pra\u0117jus\u012f \u0161e\u0161tadien\u012f Londono \u201eO2\u201c arenoje Fabio Wardley (20-0-1, 19 nokaut\u0173) sunkiasvori\u0173 kovoje priblo\u0161k\u0117 Joseph\u0105 Parker\u012f (36-4, 24 nokautai), nokautuodamas j\u012f 11-ajame raunde bei tapdamas laikinuoju WBO \u010dempionu.<\/p>\n<p>WBO jau anks\u010diau buvo paskelbusi, kad pagrindin\u012f organizacijos dir\u017e\u0105 turintis Oleksandras Usykas prival\u0117s ginti titul\u0105 prie\u0161 min\u0117tos kovos nugal\u0117toj\u0105. Kaip ir tik\u0117tasi, pra\u0117jus vos kelioms dienoms po kovos F. Wardley atstovai prad\u0117jo derybas su O. Usyko komanda.<\/p>\n<p>\u201eWBO \u012fpareigojo Usyk\u0105 ginti dir\u017e\u0105 prie\u0161 Wardley. Derybos jau prasid\u0117jo. Jei susitarimo nepasieksime, bus skelbiamas aukcionas d\u0117l kovos organizavimo teisi\u0173. To aukciono laim\u0117tojai parinks tiek kovos dat\u0105, tiek kovos viet\u0105.<\/p>\n<p>Jei Usykas pasira\u0161ys kontrakt\u0105, tai gins dir\u017e\u0105 prie\u0161 Wardley. Jei ne, tada Fabio automati\u0161kai taps vieninteliu WBO \u010dempionu ir gins dir\u017e\u0105 prie\u0161 privalom\u0105j\u012f var\u017eov\u0105\u201c, \u2013 sak\u0117 agentas Frankas Warrenas.<\/p>\n<p>Pagal WBO taisykles, jei O. Usykas atsisakys ginti dir\u017e\u0105 prie\u0161 F. Wardley, dir\u017eas i\u0161 ukrainie\u010dio bus atimtas be kovos.<\/p>\n<p>Reikia pa\u017eym\u0117ti, kad O. Usykas yra negin\u010dijamas sunkiasvori\u0173 bokso \u010dempionas, tad turi vis\u0173 pagrindini\u0173 organizacij\u0173 dir\u017eus. Ne tik WBO, bet ir kitos organizacijos nor\u0117t\u0173, kad ukrainietis dir\u017eus gint\u0173 prie\u0161 j\u0173 paskirtus privalomuosius var\u017eovus. WBC vadovai jau parei\u0161k\u0117, kad privalom\u0105j\u012f var\u017eov\u0105 O. Usykui paskirs po laikinojo \u010dempiono Agito Kabayelio kovos.<\/p>\n<p>                                                                    <a href=\"https:\/\/www.sportas.lt\/naujiena\/529479\/mailto:info@sportas.lt\" rel=\"nofollow noopener\" target=\"_blank\">info@sportas.lt<\/a><\/p>\n<p>Naujien\u0173 portalo sportas.lt informacij\u0105 atgaminti visuomen\u0117s informavimo priemon\u0117se bei interneto tinklalapiuose be ra\u0161ti\u0161ko sutikimo draud\u017eiama.<\/p>\n","protected":false},"excerpt":{"rendered":"\u00a0Pra\u0117jus\u012f \u0161e\u0161tadien\u012f Londono \u201eO2\u201c arenoje Fabio Wardley (20-0-1, 19 nokaut\u0173) sunkiasvori\u0173 kovoje priblo\u0161k\u0117 Joseph\u0105 Parker\u012f (36-4, 24 nokautai),&hellip;\n","protected":false},"author":2,"featured_media":29252,"comment_status":"","ping_status":"","sticky":false,"template":"","format":"standard","meta":{"footnotes":""},"categories":[19],"tags":[57,43,55,48,54,51,49,50,37,39,36,38,40,45,23,44,53,42,56,47,112,104,46,58,52],"class_list":{"0":"post-29251","1":"post","2":"type-post","3":"status-publish","4":"format-standard","5":"has-post-thumbnail","7":"category-sportas","8":"tag-daiktai","9":"tag-dienos-kronika","10":"tag-gatves-tekstai","11":"tag-gyvenimas","12":"tag-interneto-pievos","13":"tag-keliones","14":"tag-kultura","15":"tag-laisvalaikis","16":"tag-lietuva","17":"tag-lietuviu","18":"tag-lithuania","19":"tag-lithuanian","20":"tag-lt","21":"tag-mokslas-ir-it","22":"tag-naujienos","23":"tag-pasaulis","24":"tag-projektai","25":"tag-rinktiniai-tekstai","26":"tag-simtmecio-portalas","27":"tag-sportas","28":"tag-sportas-lt","29":"tag-sports","30":"tag-verslas","31":"tag-video","32":"tag-zaidimai"},"share_on_mastodon":{"url":"https:\/\/pubeurope.com\/@lt\/115467666283170796","error":""},"_links":{"self":[{"href":"https:\/\/www.europesays.com\/lt\/wp-json\/wp\/v2\/posts\/29251","targetHints":{"allow":["GET"]}}],"collection":[{"href":"https:\/\/www.europesays.com\/lt\/wp-json\/wp\/v2\/posts"}],"about":[{"href":"https:\/\/www.europesays.com\/lt\/wp-json\/wp\/v2\/types\/post"}],"author":[{"embeddable":true,"href":"https:\/\/www.europesays.com\/lt\/wp-json\/wp\/v2\/users\/2"}],"replies":[{"embeddable":true,"href":"https:\/\/www.europesays.com\/lt\/wp-json\/wp\/v2\/comments?post=29251"}],"version-history":[{"count":0,"href":"https:\/\/www.europesays.com\/lt\/wp-json\/wp\/v2\/posts\/29251\/revisions"}],"wp:featuredmedia":[{"embeddable":true,"href":"https:\/\/www.europesays.com\/lt\/wp-json\/wp\/v2\/media\/29252"}],"wp:attachment":[{"href":"https:\/\/www.europesays.com\/lt\/wp-json\/wp\/v2\/media?parent=29251"}],"wp:term":[{"taxonomy":"category","embeddable":true,"href":"https:\/\/www.europesays.com\/lt\/wp-json\/wp\/v2\/categories?post=29251"},{"taxonomy":"post_tag","embeddable":true,"href":"https:\/\/www.europesays.com\/lt\/wp-json\/wp\/v2\/tags?post=29251"}],"curies":[{"name":"wp","href":"https:\/\/api.w.org\/{rel}","templated":true}]}}