{"id":29483,"date":"2025-10-31T11:54:18","date_gmt":"2025-10-31T11:54:18","guid":{"rendered":"https:\/\/www.europesays.com\/lt\/29483\/"},"modified":"2025-10-31T11:54:18","modified_gmt":"2025-10-31T11:54:18","slug":"cmilyte-nielsen-ivertino-kauno-kandidatura-i-kam-yra-vienas-akivaizdus-dalykas","status":"publish","type":"post","link":"https:\/\/www.europesays.com\/lt\/29483\/","title":{"rendered":"\u010cmilyt\u0117-Nielsen \u012fvertino Kauno kandidat\u016br\u0105 \u012f KAM: yra vienas akivaizdus dalykas"},"content":{"rendered":"<p>\u201eVienas akivaizdus dalykas yra patirties \u0161ioje konkre\u010dioje ir svarbioje srityje stoka. (\u2026) Visa kra\u0161to ministro skyrimo epop\u0117ja rodo socialdemokrat\u0173 nor\u0105 eksperimentuoti ir atsakomyb\u0117s stok\u0105 \u0161ioje labai svarbioje srityje\u201c, \u2013 \u201e\u017dini\u0173 radijui\u201c komentavo su R. Kaunu Seimo Nacionalinio saugumo ir gynybos komitete (NSGK) dirbanti V. \u010cmilyt\u0117-Nielsen. <\/p>\n<p>Anks\u010diau i\u0161 ministr\u0117s pareig\u0173 atleista <a rel=\"noopener nofollow\" target=\"_blank\" href=\"https:\/\/www.delfi.lt\/temos\/dovile-sakaliene\" tag-id=\"61590775\">Dovil\u0117 \u0160akalien\u0117<\/a> teig\u0117, kad jos darb\u0105 KAM gal\u0117t\u0173 perimti vienas i\u0161 dabartini\u0173 viceministr\u0173. <\/p>\n<p>Anot liberal\u0117s, toks socialdemokrat\u0173 sprendimas \u2013 skirti KAM vadovu kur\u012f nors viceministr\u0105 \u2013 b\u016bt\u0173 kur kas logi\u0161kesnis. <\/p>\n<p>  <img decoding=\"async\" src=\"https:\/\/g.delfi.lt\/misc\/portal-root\/images\/icon-pullout.svg\" alt=\"\"\/> <\/p>\n<p>\u201eTai b\u016bt\u0173 \u0161iek tiek subalansav\u0119, stabilizav\u0119 t\u0105 srit\u012f, kuri dabar yra vis\u0105 ko pagrindas. Mes matome biud\u017eeto svarstymo kontekste, kad yra rekordinis gynybos biud\u017eetas. Ir \u0161tai dabar socialdemokratai si\u016blo \u017emog\u0173, kuris dirbo lygiai vien\u0105 m\u0117nes\u012f NSGK, kad jis b\u016bt\u0173 atsakingas u\u017e beveik 5 mlrd. eur\u0173 biud\u017eet\u0105 gynybos sri\u010diai\u201c, \u2013 d\u0117st\u0117 liberal\u0117.<\/p>\n<p>Pareigas palikus D. \u0160akalienei, politin\u0117je komandoje liko dirbti tik vienas viceministras Tomas Godliauskas. Anot V. \u010cmilyt\u0117s-Nielsen, viceministr\u0173 atleidimas rodo socialdemokrat\u0173 nenor\u0105 \u012f \u0161ias pareigas skirti ne partinius kandidatus. <\/p>\n<p>\u201eViceministrai, kurie kuravo ir t\u0119stinius projektus ir tai, kas susij\u0119 su Vokietijos brigados pri\u0117mimu, infrastrukt\u016briniais projektais, divizijos reikalais \u2013 jie patyliukais tiesiog atleisti i\u0161 savo darb\u0173. Vadinasi, galb\u016bt i\u0161valytas kelias partiniams kandidatams, bet i\u0161 esm\u0117s, i\u0161valytas kelias visi\u0161kai naujiems \u017emon\u0117ms\u201c, \u2013 pabr\u0117\u017e\u0117 ji. <\/p>\n<p>    <img decoding=\"async\" src=\"https:\/\/www.europesays.com\/lt\/wp-content\/uploads\/2025\/10\/db124b6b-d89f-4b07-bcd9-765fe5294c5f.jpg\" loading=\"lazy\" alt=\"Robertas Kaunas\"\/>      <\/p>\n<p>Kaip skelbta, po ketvirtadien\u012f vykusiu valdybos ir prezidiumo pos\u0117d\u017ei\u0173 socialdemokratai nusprend\u0117 \u012f kra\u0161to apsaugos ministro pareigas teikti partie\u010dio Roberto Kauno kandidat\u016br\u0105. <\/p>\n<p>ELTA primena, kad Kra\u0161to apsaugos ministerijos (KAM) vadovo postas atsilaisvino po to, kai pra\u0117jusi\u0105 savait\u0119 i\u0161 pareig\u0173 buvo atleista \u012f gin\u010dus su premjere d\u0117l gynybos finansavimo \u012fsiv\u0117lusi Dovil\u0117 \u0160akalien\u0117.<\/p>\n<p>\u0160iuo metu KAM vadovo pareigas laikinai eina vidaus reikal\u0173 ministras Vladislavas Kondratovi\u010dius.<\/p>\n<p>\u010cmilyt\u0117-Nielsen: prie kult\u016bros ministro klausimo veikiausiai bus gr\u012f\u017etama patvirtinus biud\u017eet\u0105<\/p>\n<p>Prie kult\u016bros ministro klausimo socialdemokratai veikiausiai gr\u012f\u0161 tik po to, kai bus patvirtintas ateinan\u010di\u0173 met\u0173 valstyb\u0117s biud\u017eetas, sako liberal\u0173 lyder\u0117 Viktorija \u010cmilyt\u0117-Nielsen. Taip, pasak jos, Lietuvos socialdemokrat\u0173 partijos (LSDP) atstovai siekia i\u0161saugoti koalicijos partneri\u0173 \u201eNemuno au\u0161ros\u201c balsus. <\/p>\n<p>\u201eTai, matyt, yra \u017eaidimas su laiku ir su kult\u016bros bendruomen\u0117s ry\u017etu, manant, kad (jiems \u2013 ELTA) nusibos protestuoti ir pasimir\u0161. Tikiuosi, kad tai ne\u012fvyks ir tas ry\u017etas i\u0161liks\u201c, \u2013 penktadien\u012f \u201e\u017dini\u0173 radijui\u201c sak\u0117 V. \u010cmilyt\u0117-Nielsen. <\/p>\n<p>\u201eManau, kad yra planuojama gr\u012f\u017eti prie kult\u016bros ministro klausimo galutinai po biud\u017eeto patvirtinimo, tiesiog takti\u0161kai manant, kad dabar biud\u017eetui reikia  \u201eNemuno au\u0161ros\u201c bals\u0173, o tada jau bus galima kalb\u0117ti apie kult\u016bros ministro pozicij\u0105. Bet taip \u2013 tai yra dar vienas socialdemokrat\u0173 melas. Kult\u016bros ministerijos kontrol\u0119 jie pa\u0117m\u0117 \u017eod\u017eiais, bet veiksmais ta kontrole dalinasi su \u201eNemuno au\u0161ra\u201c, \u2013 akcentuoja parlamentar\u0117. <\/p>\n<p>Kaip skelbta anks\u010diau, spalio prad\u017eioje LSDP nutar\u0117 i\u0161 \u201eau\u0161rie\u010di\u0173\u201c perimti Kult\u016bros ministerij\u0105, ta\u010diau koalicijoje vis dar n\u0117ra sutarimo, kas i\u0161 tikr\u0173j\u0173 bus atsakingas u\u017e \u0161\u012f Vyriausyb\u0117s kabineto portfel\u012f. \u201eNemuno au\u0161ros\u201c lyderiui Remigijui \u017demaitai\u010diui kartojant, jog ministerija priklauso jo vadovaujamai partijai ir socialdemokratams, pastarieji kartoja, kad kult\u016bros ministro vis tiek ie\u0161kos LSDP.<\/p>\n<p>Savo ruo\u017etu LSDP pirmininkas Mindaugas Sinkevi\u010dius ketvirtadien\u012f patikino, jog socialdemokratai prisiima atsakomyb\u0119 u\u017e Kult\u016bros ministerij\u0105, ta\u010diau, kaip pa\u017eymi partijos lyderis, b\u016bsimasis ministras tur\u0117s tikti visiems koalicijos partneriams. <\/p>\n<p>M. Sinkevi\u010diaus teigimu, \u0161iuo metu yra svarstomi du kandidatai \u012f kult\u016bros ministrus. Viena i\u0161 j\u0173 \u2013 dar vasar\u0105 prezidento \u012f \u0161ias pareigas paskirta, ta\u010diau prisiekti taip ir nesp\u0117jusi Seimo \u0160vietimo ir mokslo komiteto pirminink\u0117 Vaida Aleknavi\u010dien\u0117. Tuo metu kas yra antrasis svarstomas kandidatas, M. Sinkevi\u010dius sako ne\u017einantis ir pats. <\/p>\n<p>Ragina atnaujinti partij\u0173 susitarim\u0105 d\u0117l gynybos: klaida, kad tai nebuvo padaryta<\/p>\n<p>Liberal\u0173 s\u0105j\u016bd\u017eio lyder\u0117 Viktorija \u010cmilyt\u0117-Nielsen mano, kad valdantieji pasielg\u0117 klaidingai, neatnaujindami parlamentini\u0173 partij\u0173 susitarimo d\u0117l gynybos politikos. Pasak politik\u0117s, prie \u0161io klausimo reikia gr\u012f\u017eti nedelsiant.<\/p>\n<p>\u201eKra\u0161to apsaugos srityje susitelkimas yra b\u016btinas. Tai nerei\u0161kia, kad opozicija ne\u012fvardins t\u0173 veiksm\u0173, kuriuos mes vertiname kaip klaid\u0105. T\u0105 b\u016btina daryti, tai yra vienas i\u0161 opozicijos darb\u0173. Bet mes, liberalai, tiek rinkim\u0173 kampanijos (&#8230;) metu, tiek naujosios kadencijos prad\u017eioje primygtinai raginome valdan\u010diuosius sus\u0117sti prie bendro stalo d\u0117l nacionalinio susitarimo d\u0117l gynybos atnaujinimo\u201c, \u2013 penktadien\u012f \u201e\u017dini\u0173 radijui\u201c teig\u0117 V. \u010cmilyt\u0117-Nielsen.<\/p>\n<p>\u201eTai b\u016bt\u0173 formatas kalb\u0117ti kartu apie esminius klausimus. A\u0161 iki \u0161iol manau, kad klaida, jog tai nebuvo padaryta tada. Reikia prie to gr\u012f\u017eti dabar\u201c, \u2013 sak\u0117 ji.<\/p>\n<p>Premjer\u0117 Inga Ruginien\u0117 rugs\u0117jo pabaigoje parei\u0161k\u0117 \u017eadanti inicijuoti diskusijas d\u0117l naujo parlamentini\u0173 partij\u0173 susitarimo d\u0117l gynybos.<\/p>\n<p>ELTA primena, kad parlamentin\u0117s partijos susitarim\u0105 d\u0117l gynybos pasira\u0161\u0117 2022 met\u0173 liepos m\u0117nes\u012f. Dokumente numatytos trys esmin\u0117s veiklos kryptys: Lietuvos kariuomen\u0117s bei tarptautini\u0173 saugumo ir gynybos garantij\u0173 stiprinimas, valstyb\u0117s pasirengimas ginkluotai gynybai ir atsakas \u012f hibridines atakas. Numatoma, kad susitarimas tur\u0117t\u0173 galioti iki 2030 m.<\/p>\n<p>\u0160ios kadencijos prad\u017eioje buvo diskutuota apie poreik\u012f atnaujinti gynybos susitarim\u0105, visgi galiausiai \u0161iuo klausimu nebuvo pasist\u016bm\u0117ta.<\/p>\n","protected":false},"excerpt":{"rendered":"\u201eVienas akivaizdus dalykas yra patirties \u0161ioje konkre\u010dioje ir svarbioje srityje stoka. (\u2026) Visa kra\u0161to ministro skyrimo epop\u0117ja rodo&hellip;\n","protected":false},"author":2,"featured_media":29484,"comment_status":"","ping_status":"","sticky":false,"template":"","format":"standard","meta":{"footnotes":""},"categories":[13],"tags":[25,30,31,69,34,35,24,32,33,37,39,36,38,40,23,22,28,29,8542,26,27,342],"class_list":{"0":"post-29483","1":"post","2":"type-post","3":"status-publish","4":"format-standard","5":"has-post-thumbnail","7":"category-lietuva","8":"tag-antrastes","9":"tag-breaking-news","10":"tag-breakingnews","11":"tag-dovile-sakaliene","12":"tag-featured-news","13":"tag-featurednews","14":"tag-headlines","15":"tag-latest-news","16":"tag-latestnews","17":"tag-lietuva","18":"tag-lietuviu","19":"tag-lithuania","20":"tag-lithuanian","21":"tag-lt","22":"tag-naujienos","23":"tag-news","24":"tag-populiariausios-naujienos","25":"tag-populiariausiosnaujienos","26":"tag-robertas-kaunas","27":"tag-top-stories","28":"tag-topstories","29":"tag-viktorija-cmilyte-nielsen"},"share_on_mastodon":{"url":"https:\/\/pubeurope.com\/@lt\/115468649336581324","error":""},"_links":{"self":[{"href":"https:\/\/www.europesays.com\/lt\/wp-json\/wp\/v2\/posts\/29483","targetHints":{"allow":["GET"]}}],"collection":[{"href":"https:\/\/www.europesays.com\/lt\/wp-json\/wp\/v2\/posts"}],"about":[{"href":"https:\/\/www.europesays.com\/lt\/wp-json\/wp\/v2\/types\/post"}],"author":[{"embeddable":true,"href":"https:\/\/www.europesays.com\/lt\/wp-json\/wp\/v2\/users\/2"}],"replies":[{"embeddable":true,"href":"https:\/\/www.europesays.com\/lt\/wp-json\/wp\/v2\/comments?post=29483"}],"version-history":[{"count":0,"href":"https:\/\/www.europesays.com\/lt\/wp-json\/wp\/v2\/posts\/29483\/revisions"}],"wp:featuredmedia":[{"embeddable":true,"href":"https:\/\/www.europesays.com\/lt\/wp-json\/wp\/v2\/media\/29484"}],"wp:attachment":[{"href":"https:\/\/www.europesays.com\/lt\/wp-json\/wp\/v2\/media?parent=29483"}],"wp:term":[{"taxonomy":"category","embeddable":true,"href":"https:\/\/www.europesays.com\/lt\/wp-json\/wp\/v2\/categories?post=29483"},{"taxonomy":"post_tag","embeddable":true,"href":"https:\/\/www.europesays.com\/lt\/wp-json\/wp\/v2\/tags?post=29483"}],"curies":[{"name":"wp","href":"https:\/\/api.w.org\/{rel}","templated":true}]}}