{"id":29721,"date":"2025-10-31T17:49:07","date_gmt":"2025-10-31T17:49:07","guid":{"rendered":"https:\/\/www.europesays.com\/lt\/29721\/"},"modified":"2025-10-31T17:49:07","modified_gmt":"2025-10-31T17:49:07","slug":"ukrainos-sbu-vadas-prabilo-apie-itin-slapta-operacija-smoge-oresnik-raketu-saugyklai","status":"publish","type":"post","link":"https:\/\/www.europesays.com\/lt\/29721\/","title":{"rendered":"Ukrainos SBU vadas prabilo apie itin slapt\u0105 operacij\u0105: smog\u0117 \u201eOre\u0161nik\u201c raket\u0173 saugyklai"},"content":{"rendered":"<p>Kaip prane\u0161a naujien\u0173 agent\u016bros \u201eUkrinform\u201c korespondentas, SBU vadovas apie tai paskelb\u0117 per spaudos konferencij\u0105.<\/p>\n<p>\u201eAnks\u010diau nesame to pamin\u0117j\u0119, ta\u010diau galime trumpai pasakyti, kad DIU (Ukrainos gynybos ministerijos gynybos \u017evalgybos), SBU ir FIS (u\u017esienio \u017evalgybos tarnybos) paj\u0117gos j\u0173 teritorijoje, Kapustin Jare, s\u0117kmingai sunaikino vien\u0105 i\u0161 trij\u0173 \u201eOre\u0161nik\u201c raket\u0173\u201c, \u2013 sak\u0117 V. Maliukas.<\/p>\n<p>Jis patikino, kad \u201esunaikinimas prilygo 100 proc.\u201c V. Maliukas pa\u017eym\u0117jo, kad \u0161i operacija niekaip nebuvo vie\u0161inama, o apie \u201eOre\u0161nik\u201c sunaikinim\u0105 buvo informuotas tik vyriausiasis ginkluot\u0173j\u0173 paj\u0117g\u0173 vadas \u2013 Ukrainos prezidentas.<\/p>\n<p>Be to, pasak SBU vadovo, apie tai \u017einojo keli kit\u0173 \u0161ali\u0173 prezidentai.<\/p>\n<p>\u201eTai \u012fvyko tuo metu, kai pavadinimas \u201eOre\u0161nik\u201c dar nebuvo pla\u010diai \u017einomas ar vartojamas, o rusai juo dar nek\u0117l\u0117 ypatingos gr\u0117sm\u0117s. Jei neklystu, mes \u0161i\u0105 s\u0117kming\u0105 operacij\u0105 \u012fvykd\u0117me u\u017epernai vasar\u0105 (2023 m.)\u201c, \u2013 prid\u016br\u0117 jis.<\/p>\n","protected":false},"excerpt":{"rendered":"Kaip prane\u0161a naujien\u0173 agent\u016bros \u201eUkrinform\u201c korespondentas, SBU vadovas apie tai paskelb\u0117 per spaudos konferencij\u0105. \u201eAnks\u010diau nesame to pamin\u0117j\u0119,&hellip;\n","protected":false},"author":2,"featured_media":29722,"comment_status":"","ping_status":"","sticky":false,"template":"","format":"standard","meta":{"footnotes":""},"categories":[6],"tags":[25,30,31,34,35,24,32,33,37,39,36,38,40,23,22,28,29,26,27],"class_list":{"0":"post-29721","1":"post","2":"type-post","3":"status-publish","4":"format-standard","5":"has-post-thumbnail","7":"category-antrastes","8":"tag-antrastes","9":"tag-breaking-news","10":"tag-breakingnews","11":"tag-featured-news","12":"tag-featurednews","13":"tag-headlines","14":"tag-latest-news","15":"tag-latestnews","16":"tag-lietuva","17":"tag-lietuviu","18":"tag-lithuania","19":"tag-lithuanian","20":"tag-lt","21":"tag-naujienos","22":"tag-news","23":"tag-populiariausios-naujienos","24":"tag-populiariausiosnaujienos","25":"tag-top-stories","26":"tag-topstories"},"share_on_mastodon":{"url":"https:\/\/pubeurope.com\/@lt\/115470045200548555","error":""},"_links":{"self":[{"href":"https:\/\/www.europesays.com\/lt\/wp-json\/wp\/v2\/posts\/29721","targetHints":{"allow":["GET"]}}],"collection":[{"href":"https:\/\/www.europesays.com\/lt\/wp-json\/wp\/v2\/posts"}],"about":[{"href":"https:\/\/www.europesays.com\/lt\/wp-json\/wp\/v2\/types\/post"}],"author":[{"embeddable":true,"href":"https:\/\/www.europesays.com\/lt\/wp-json\/wp\/v2\/users\/2"}],"replies":[{"embeddable":true,"href":"https:\/\/www.europesays.com\/lt\/wp-json\/wp\/v2\/comments?post=29721"}],"version-history":[{"count":0,"href":"https:\/\/www.europesays.com\/lt\/wp-json\/wp\/v2\/posts\/29721\/revisions"}],"wp:featuredmedia":[{"embeddable":true,"href":"https:\/\/www.europesays.com\/lt\/wp-json\/wp\/v2\/media\/29722"}],"wp:attachment":[{"href":"https:\/\/www.europesays.com\/lt\/wp-json\/wp\/v2\/media?parent=29721"}],"wp:term":[{"taxonomy":"category","embeddable":true,"href":"https:\/\/www.europesays.com\/lt\/wp-json\/wp\/v2\/categories?post=29721"},{"taxonomy":"post_tag","embeddable":true,"href":"https:\/\/www.europesays.com\/lt\/wp-json\/wp\/v2\/tags?post=29721"}],"curies":[{"name":"wp","href":"https:\/\/api.w.org\/{rel}","templated":true}]}}