{"id":29777,"date":"2025-10-31T20:03:16","date_gmt":"2025-10-31T20:03:16","guid":{"rendered":"https:\/\/www.europesays.com\/lt\/29777\/"},"modified":"2025-10-31T20:03:16","modified_gmt":"2025-10-31T20:03:16","slug":"prabilo-is-traukinio-lietuvoje-issokes-ir-dinges-rusas-atskleide-nuo-ko-bego","status":"publish","type":"post","link":"https:\/\/www.europesays.com\/lt\/29777\/","title":{"rendered":"Prabilo i\u0161 traukinio Lietuvoje i\u0161\u0161ok\u0119s ir ding\u0119s rusas: atskleid\u0117, nuo ko b\u0117go"},"content":{"rendered":"<p>B\u0117glio ie\u0161kojo Valstyb\u0117s sienos apsaugos tarnybos (VSAT) sraigtasparnis, gausios policijos paj\u0117gos. Tikrintos atokios sodybos ir vienkiemiai, per\u017ei\u016br\u0117ti vaizdo \u012fra\u0161ai i\u0161 vie\u0161\u0173 viet\u0173 bei degalini\u0173, ta\u010diau p\u0117dsak\u0173 aptikti nepavyko.<\/p>\n<p><a href=\"https:\/\/s1.15min.lt\/images\/photos\/2025\/09\/22\/original\/kybartu-pasienio-punktas-68d0fe775463a.jpg\" rel=\"content-image nofollow noopener\" title=\"VSAT nuotr.\/Kybart\u0173 pasienio punktas\" target=\"_blank\"><img decoding=\"async\" alt=\"VSAT nuotr.\/Kybart\u0173 pasienio punktas\" rel=\"content-image\" src=\"https:\/\/www.europesays.com\/lt\/wp-content\/uploads\/2025\/10\/kybartu-pasienio-punktas-68d0fe775463a.jpg\" style=\"width: auto; height: auto;\"\/><\/a><\/p>\n<p>VSAT nuotr.\/Kybart\u0173 pasienio punktas<\/p>\n<p>V\u0117liau paai\u0161k\u0117jo, kad tai \u2013 Rusijos pilietis Danilas Muchametovas. Rugpj\u016bt\u012f Vidaus reikal\u0173 ministerija (VRM) prane\u0161\u0117, kad jis buvo rastas, ta\u010diau i\u0161samiau aplinkybi\u0173 nedetalizavo.<\/p>\n<p>\u201eBir\u017eelio m\u0117nes\u012f i\u0161 Kaliningrado tranzitinio traukinio pab\u0117g\u0119s Rusijos pilietis buvo rastas. Jo buvimo vieta yra \u017einoma atitinkamoms tarnyboms, ta\u010diau d\u0117l vykdomo tyrimo detali\u0173 negalima atskleisti\u201c, \u2013 tokia trumpa \u017einute pasidalijo Vidaus reikal\u0173 ministerija (VRM).<\/p>\n<p>Vaikin\u0105 pavyko aptikti Rusijos opozicinio televizijos kanalo \u201eNastoja\u0161\u010deje vremia\u201c (angl. \u201eCurrent time\u201c) \u017eurnalistams. Trumpame interviu jis atskleid\u0117 pab\u0117gimo aplinkybes, o taip pat papasakojo, kur jis yra dabar.<\/p>\n","protected":false},"excerpt":{"rendered":"B\u0117glio ie\u0161kojo Valstyb\u0117s sienos apsaugos tarnybos (VSAT) sraigtasparnis, gausios policijos paj\u0117gos. Tikrintos atokios sodybos ir vienkiemiai, per\u017ei\u016br\u0117ti vaizdo&hellip;\n","protected":false},"author":2,"featured_media":29778,"comment_status":"","ping_status":"","sticky":false,"template":"","format":"standard","meta":{"footnotes":""},"categories":[6],"tags":[25,30,31,34,35,24,32,33,37,39,36,38,40,23,22,28,29,26,27],"class_list":{"0":"post-29777","1":"post","2":"type-post","3":"status-publish","4":"format-standard","5":"has-post-thumbnail","7":"category-antrastes","8":"tag-antrastes","9":"tag-breaking-news","10":"tag-breakingnews","11":"tag-featured-news","12":"tag-featurednews","13":"tag-headlines","14":"tag-latest-news","15":"tag-latestnews","16":"tag-lietuva","17":"tag-lietuviu","18":"tag-lithuania","19":"tag-lithuanian","20":"tag-lt","21":"tag-naujienos","22":"tag-news","23":"tag-populiariausios-naujienos","24":"tag-populiariausiosnaujienos","25":"tag-top-stories","26":"tag-topstories"},"share_on_mastodon":{"url":"https:\/\/pubeurope.com\/@lt\/115470572189550107","error":""},"_links":{"self":[{"href":"https:\/\/www.europesays.com\/lt\/wp-json\/wp\/v2\/posts\/29777","targetHints":{"allow":["GET"]}}],"collection":[{"href":"https:\/\/www.europesays.com\/lt\/wp-json\/wp\/v2\/posts"}],"about":[{"href":"https:\/\/www.europesays.com\/lt\/wp-json\/wp\/v2\/types\/post"}],"author":[{"embeddable":true,"href":"https:\/\/www.europesays.com\/lt\/wp-json\/wp\/v2\/users\/2"}],"replies":[{"embeddable":true,"href":"https:\/\/www.europesays.com\/lt\/wp-json\/wp\/v2\/comments?post=29777"}],"version-history":[{"count":0,"href":"https:\/\/www.europesays.com\/lt\/wp-json\/wp\/v2\/posts\/29777\/revisions"}],"wp:featuredmedia":[{"embeddable":true,"href":"https:\/\/www.europesays.com\/lt\/wp-json\/wp\/v2\/media\/29778"}],"wp:attachment":[{"href":"https:\/\/www.europesays.com\/lt\/wp-json\/wp\/v2\/media?parent=29777"}],"wp:term":[{"taxonomy":"category","embeddable":true,"href":"https:\/\/www.europesays.com\/lt\/wp-json\/wp\/v2\/categories?post=29777"},{"taxonomy":"post_tag","embeddable":true,"href":"https:\/\/www.europesays.com\/lt\/wp-json\/wp\/v2\/tags?post=29777"}],"curies":[{"name":"wp","href":"https:\/\/api.w.org\/{rel}","templated":true}]}}