{"id":30054,"date":"2025-11-01T10:19:11","date_gmt":"2025-11-01T10:19:11","guid":{"rendered":"https:\/\/www.europesays.com\/lt\/30054\/"},"modified":"2025-11-01T10:19:11","modified_gmt":"2025-11-01T10:19:11","slug":"kur-vilniuje-jau-pradejo-formuotis-veliniu-kamsciai","status":"publish","type":"post","link":"https:\/\/www.europesays.com\/lt\/30054\/","title":{"rendered":"Kur Vilniuje jau prad\u0117jo formuotis V\u0117lini\u0173 kam\u0161\u010diai?"},"content":{"rendered":"<p>\u012esijungus \u201eWaze\u201c program\u0117l\u0119, kuri fiksuoja kam\u0161\u010dius realiu laiku, matyti, kad \u017eem\u0117lapyje \u201eraudonuoja\u201c dalis gatvi\u0173 netoli Vilniaus kapini\u0173. Be to, kai kurie keliai u\u017edaryti.<\/p>\n<p>Netoli Karveli\u0161ki\u0173 kapini\u0173 apie 10 valand\u0105 30 minu\u010di\u0173 ryto buvo \u201eu\u017esikim\u0161usi\u201c dalis A.Mickevi\u010diaus gatv\u0117s, vedan\u010dios link kapini\u0173, o nuo \u0161ios gatv\u0117s atsi\u0161akojan\u010dios ir link Karveli\u0161ki\u0173 vedan\u010dios Karveli\u0161ki\u0173 ir Naujosios gatv\u0117s yra u\u017edarytos. Kim\u0161tis prad\u0117jo ir \u012f rytus nuo kapini\u0173 esanti Kriau\u010di\u016bn\u0173 gatv\u0117.<\/p>\n<p> <a href=\"https:\/\/s1.15min.lt\/images\/photos\/2025\/11\/01\/original\/kamsciai-netoli-karveliskiu-kapiniu-6905c5c998d0f.jpg\" rel=\"content-image nofollow noopener\" title=\"Program\u0117l\u0117s \u201eWaze\u201c duomenys\/Kam\u0161\u010diai netoli Karveli\u0161ki\u0173 kapini\u0173\" target=\"_blank\"><img decoding=\"async\" alt=\"Program\u0117l\u0117s \u201eWaze\u201c duomenys\/Kam\u0161\u010diai netoli Karveli\u0161ki\u0173 kapini\u0173\" rel=\"content-image\" src=\"https:\/\/www.europesays.com\/lt\/wp-content\/uploads\/2025\/11\/kamsciai-netoli-karveliskiu-kapiniu-6905c5c998d0f.jpg\" style=\"width: auto; height: auto;\"\/><\/a> <\/p>\n<p>Program\u0117l\u0117s \u201eWaze\u201c duomenys\/Kam\u0161\u010diai netoli Karveli\u0161ki\u0173 kapini\u0173<\/p>\n<p>\u201eRaudonuoja\u201c ir \u017dirni\u0173 gatv\u0117s atkarpa Vilniuje prie Liepyn\u0117s kapini\u0173 bei kelias link kapini\u0173.<\/p>\n<p> <a href=\"https:\/\/s1.15min.lt\/images\/photos\/2025\/11\/01\/original\/kamstis-netoli-liepynes-kapiniu-6905c3fa4092b.jpg\" rel=\"content-image nofollow noopener\" title=\"\u201eWaze\u201c program\u0117l\u0117s duomenys\/Kam\u0161tis netoli Liepyn\u0117s kapini\u0173\" target=\"_blank\"><img decoding=\"async\" alt=\"\u201eWaze\u201c program\u0117l\u0117s duomenys\/Kam\u0161tis netoli Liepyn\u0117s kapini\u0173\" rel=\"content-image\" src=\"https:\/\/www.europesays.com\/lt\/wp-content\/uploads\/2025\/11\/kamstis-netoli-liepynes-kapiniu-6905c3fa4092b.jpg\" style=\"width: auto; height: auto;\"\/><\/a> <\/p>\n<p>\u201eWaze\u201c program\u0117l\u0117s duomenys\/Kam\u0161tis netoli Liepyn\u0117s kapini\u0173<\/p>\n<p>Dalis Vir\u0161upio ir Rokanti\u0161ki\u0173 gatvi\u0173 netoli kapini\u0173 yra u\u017edaryta.Kim\u0161tis prad\u0117jo Pupoj\u0173 gatv\u0117 netoliese.<\/p>\n<p> <a href=\"https:\/\/s1.15min.lt\/images\/photos\/2025\/11\/01\/original\/uzdarytos-gatves-prie-rokantiskiu-kapiniu-6905c4c86427f.jpg\" rel=\"content-image nofollow noopener\" title=\"Program\u0117l\u0117s \u201eWaze\u201c duomenys\/U\u017edarytos gatv\u0117s prie Rokanti\u0161ki\u0173 kapini\u0173\" target=\"_blank\"><img decoding=\"async\" alt=\"Program\u0117l\u0117s \u201eWaze\u201c duomenys\/U\u017edarytos gatv\u0117s prie Rokanti\u0161ki\u0173 kapini\u0173\" rel=\"content-image\" src=\"https:\/\/www.europesays.com\/lt\/wp-content\/uploads\/2025\/11\/uzdarytos-gatves-prie-rokantiskiu-kapiniu-6905c4c86427f.jpg\" style=\"width: auto; height: auto;\"\/><\/a> <\/p>\n<p>Program\u0117l\u0117s \u201eWaze\u201c duomenys\/U\u017edarytos gatv\u0117s prie Rokanti\u0161ki\u0173 kapini\u0173<\/p>\n<p>U\u017edarytos arba kem\u0161asi ir Saula\u0161ari\u0173 ir Kair\u0117n\u0173 gatv\u0117s prie Kair\u0117n\u0173 kapini\u0173.<\/p>\n<p> <a href=\"https:\/\/s1.15min.lt\/images\/photos\/2025\/11\/01\/original\/situacija-prie-kairenu-kapiniu-6905c5198a3a1.jpg\" rel=\"content-image nofollow noopener\" title=\"Program\u0117l\u0117s \u201eWaze\u201c duomenys\/Situacija prie Kair\u0117n\u0173 kapini\u0173\" target=\"_blank\"><img decoding=\"async\" alt=\"Program\u0117l\u0117s \u201eWaze\u201c duomenys\/Situacija prie Kair\u0117n\u0173 kapini\u0173\" rel=\"content-image\" src=\"https:\/\/www.europesays.com\/lt\/wp-content\/uploads\/2025\/11\/situacija-prie-kairenu-kapiniu-6905c5198a3a1.jpg\" style=\"width: auto; height: auto;\"\/><\/a> <\/p>\n<p>Program\u0117l\u0117s \u201eWaze\u201c duomenys\/Situacija prie Kair\u0117n\u0173 kapini\u0173<\/p>\n<p>Prie kit\u0173 kapini\u0173, 10 val. 30 min, duomenimis, kam\u0161\u010di\u0173 kol kas n\u0117ra.<\/p>\n<p>Per pastaruosius ketverius metus lapkri\u010dio 1\u20132 dienomis Lietuvoje \u012fvyko pana\u0161us \u012fskaitini\u0173 eismo \u012fvyki\u0173 skai\u010dius (i\u0161siskiria tik 2023 metai):<\/p>\n<p>\u2022 2021 m. \u2013 8 \u012fvykiai,<br \/>\u2022 2022 m. \u2013 14 \u012fvyki\u0173,<br \/>\u2022 2023 m. \u2013 21 \u012fvykis,<br \/>\u2022 2024 m. \u2013 11 \u012fvyki\u0173.<\/p>\n","protected":false},"excerpt":{"rendered":"\u012esijungus \u201eWaze\u201c program\u0117l\u0119, kuri fiksuoja kam\u0161\u010dius realiu laiku, matyti, kad \u017eem\u0117lapyje \u201eraudonuoja\u201c dalis gatvi\u0173 netoli Vilniaus kapini\u0173. Be&hellip;\n","protected":false},"author":2,"featured_media":30055,"comment_status":"","ping_status":"","sticky":false,"template":"","format":"standard","meta":{"footnotes":""},"categories":[6],"tags":[25,30,31,34,35,24,32,33,37,39,36,38,40,23,22,28,29,26,27],"class_list":{"0":"post-30054","1":"post","2":"type-post","3":"status-publish","4":"format-standard","5":"has-post-thumbnail","7":"category-antrastes","8":"tag-antrastes","9":"tag-breaking-news","10":"tag-breakingnews","11":"tag-featured-news","12":"tag-featurednews","13":"tag-headlines","14":"tag-latest-news","15":"tag-latestnews","16":"tag-lietuva","17":"tag-lietuviu","18":"tag-lithuania","19":"tag-lithuanian","20":"tag-lt","21":"tag-naujienos","22":"tag-news","23":"tag-populiariausios-naujienos","24":"tag-populiariausiosnaujienos","25":"tag-top-stories","26":"tag-topstories"},"share_on_mastodon":{"url":"https:\/\/pubeurope.com\/@lt\/115473938142292701","error":""},"_links":{"self":[{"href":"https:\/\/www.europesays.com\/lt\/wp-json\/wp\/v2\/posts\/30054","targetHints":{"allow":["GET"]}}],"collection":[{"href":"https:\/\/www.europesays.com\/lt\/wp-json\/wp\/v2\/posts"}],"about":[{"href":"https:\/\/www.europesays.com\/lt\/wp-json\/wp\/v2\/types\/post"}],"author":[{"embeddable":true,"href":"https:\/\/www.europesays.com\/lt\/wp-json\/wp\/v2\/users\/2"}],"replies":[{"embeddable":true,"href":"https:\/\/www.europesays.com\/lt\/wp-json\/wp\/v2\/comments?post=30054"}],"version-history":[{"count":0,"href":"https:\/\/www.europesays.com\/lt\/wp-json\/wp\/v2\/posts\/30054\/revisions"}],"wp:featuredmedia":[{"embeddable":true,"href":"https:\/\/www.europesays.com\/lt\/wp-json\/wp\/v2\/media\/30055"}],"wp:attachment":[{"href":"https:\/\/www.europesays.com\/lt\/wp-json\/wp\/v2\/media?parent=30054"}],"wp:term":[{"taxonomy":"category","embeddable":true,"href":"https:\/\/www.europesays.com\/lt\/wp-json\/wp\/v2\/categories?post=30054"},{"taxonomy":"post_tag","embeddable":true,"href":"https:\/\/www.europesays.com\/lt\/wp-json\/wp\/v2\/tags?post=30054"}],"curies":[{"name":"wp","href":"https:\/\/api.w.org\/{rel}","templated":true}]}}