{"id":30313,"date":"2025-11-01T18:41:31","date_gmt":"2025-11-01T18:41:31","guid":{"rendered":"https:\/\/www.europesays.com\/lt\/30313\/"},"modified":"2025-11-01T18:41:31","modified_gmt":"2025-11-01T18:41:31","slug":"spali-metine-infliacija-euro-zonoje-mazejo-iki-21-proc","status":"publish","type":"post","link":"https:\/\/www.europesays.com\/lt\/30313\/","title":{"rendered":"Spal\u012f metin\u0117 infliacija euro zonoje ma\u017e\u0117jo iki 2,1 proc."},"content":{"rendered":"<p>Teigiama, kad pagrindinis euro zonos infliacijos komponentas yra paslaugos \u2013 metinis kain\u0173 augimo lygis \u0161iame sektoriuje spal\u012f siekia 3,4 proc. (rugs\u0117jo m\u0117n. \u2013 3,2 proc.).<\/p>\n<p>Tuo metu maisto, alkoholio ir tabako metin\u0117 infliacija spal\u012f sudaro 2,5 proc. (rugs\u0117j\u012f \u2013 3 proc.), neenergetini\u0173 pramon\u0117s preki\u0173 \u2013 0,6 proc. (0,8 proc. rugs\u0117j\u012f).<\/p>\n<p>Energetikos srityje metin\u0117s infliacijos rodiklis i\u0161lieka neigiamas \u2013 spal\u012f fiksuojama 1 proc. defliacija (rugs\u0117j\u012f \u2013 0,4 proc. defliacija).<\/p>\n","protected":false},"excerpt":{"rendered":"Teigiama, kad pagrindinis euro zonos infliacijos komponentas yra paslaugos \u2013 metinis kain\u0173 augimo lygis \u0161iame sektoriuje spal\u012f siekia&hellip;\n","protected":false},"author":2,"featured_media":30314,"comment_status":"","ping_status":"","sticky":false,"template":"","format":"standard","meta":{"footnotes":""},"categories":[17],"tags":[81,37,39,36,38,40,46],"class_list":{"0":"post-30313","1":"post","2":"type-post","3":"status-publish","4":"format-standard","5":"has-post-thumbnail","7":"category-verslas","8":"tag-business","9":"tag-lietuva","10":"tag-lietuviu","11":"tag-lithuania","12":"tag-lithuanian","13":"tag-lt","14":"tag-verslas"},"share_on_mastodon":{"url":"https:\/\/pubeurope.com\/@lt\/115475912023299084","error":""},"_links":{"self":[{"href":"https:\/\/www.europesays.com\/lt\/wp-json\/wp\/v2\/posts\/30313","targetHints":{"allow":["GET"]}}],"collection":[{"href":"https:\/\/www.europesays.com\/lt\/wp-json\/wp\/v2\/posts"}],"about":[{"href":"https:\/\/www.europesays.com\/lt\/wp-json\/wp\/v2\/types\/post"}],"author":[{"embeddable":true,"href":"https:\/\/www.europesays.com\/lt\/wp-json\/wp\/v2\/users\/2"}],"replies":[{"embeddable":true,"href":"https:\/\/www.europesays.com\/lt\/wp-json\/wp\/v2\/comments?post=30313"}],"version-history":[{"count":0,"href":"https:\/\/www.europesays.com\/lt\/wp-json\/wp\/v2\/posts\/30313\/revisions"}],"wp:featuredmedia":[{"embeddable":true,"href":"https:\/\/www.europesays.com\/lt\/wp-json\/wp\/v2\/media\/30314"}],"wp:attachment":[{"href":"https:\/\/www.europesays.com\/lt\/wp-json\/wp\/v2\/media?parent=30313"}],"wp:term":[{"taxonomy":"category","embeddable":true,"href":"https:\/\/www.europesays.com\/lt\/wp-json\/wp\/v2\/categories?post=30313"},{"taxonomy":"post_tag","embeddable":true,"href":"https:\/\/www.europesays.com\/lt\/wp-json\/wp\/v2\/tags?post=30313"}],"curies":[{"name":"wp","href":"https:\/\/api.w.org\/{rel}","templated":true}]}}