{"id":30844,"date":"2025-11-02T14:47:09","date_gmt":"2025-11-02T14:47:09","guid":{"rendered":"https:\/\/www.europesays.com\/lt\/30844\/"},"modified":"2025-11-02T14:47:09","modified_gmt":"2025-11-02T14:47:09","slug":"po-skyrybu-su-kaunieciu-kosmaru-virtes-moteru-gyvenimas-zinuciu-turinys-baugina","status":"publish","type":"post","link":"https:\/\/www.europesays.com\/lt\/30844\/","title":{"rendered":"Po skyryb\u0173 su kaunie\u010diu \u2013 ko\u0161maru virt\u0119s moter\u0173 gyvenimas: \u017einu\u010di\u0173 turinys baugina"},"content":{"rendered":"<p>Kauno apylink\u0117s teismo sal\u0117se nagrin\u0117jama byla, primenanti siu\u017eet\u0105 i\u0161 kriminalinio trilerio.<\/p>\n<p>Kaltinamasis M.Svaibodas buvusioms artimoms moterims ra\u0161ydavo bauginan\u010dias \u017einutes: grasino padegti namus, susidoroti su artimaisiais arba pasitikti su vaikinukais prie darboviet\u0117s.<\/p>\n<p>Bet pats kaltinamasis teismo proces\u0105 vadina farsu, veng\u0117 pos\u0117d\u017ei\u0173 ir slapst\u0117si, o jo advokatas \u012ftikin\u0117jo, kad M.Svaibodas nesuvokia situacijos rimtumo. Nepaisant gynybos argument\u0173, Kauno apygardos teismas paliko galioti sprendim\u0105 M.Svaibod\u0105 suimti.<\/p>\n<p>\u012enir\u0161is \u2013 po skyryb\u0173<\/p>\n<p>M.Svaibodo ir jo draug\u0117s draugyst\u0117s prad\u017eioje viskas, regis, klojosi puikiai \u2013 jauna pora po pa\u017einties netrukus persik\u0117l\u0117 pas merginos motin\u0105, o kiek v\u0117liau \u012fsik\u016br\u0117 atskirame b\u016bste.<\/p>\n<p>Bet laikui b\u0117gant santykiai at\u0161alo, kauniet\u0117 nusprend\u0117 skirtis su vaikinu ir sugr\u012f\u017eo gyventi pas savo motin\u0105.<\/p>\n<p>\u201eNuo tada vyras \u0117m\u0117 merginai grasinti ir j\u0105 persekioti\u201c, \u2013 \u201eLietuvos rytui\u201c sak\u0117 prokuror\u0117 Rita Raulynaitien\u0117, palaikanti kaltinim\u0105 Kauno apylink\u0117s teisme.<\/p>\n<p>Mergina buvo persekiojama nuo 2024 m. vasario 13-osios iki liepos 15 d. Ji M.Svaibodui ai\u0161kiai pasak\u0117, kad daugiau nenori su juo palaikyti joki\u0173 ry\u0161i\u0173, bet tai suk\u0117l\u0117 buvusio draugo \u012fnir\u0161\u012f.<\/p>\n<p>2024 m. vasario 13-osios nakt\u012f M.Svaibodas prad\u0117jo \u017einu\u010di\u0173 maraton\u0105. I\u0161 skirting\u0173 telefono numeri\u0173 ir socialini\u0173 tinkl\u0173 anket\u0173 jis siunt\u0117 grasinimus buvusiai sugyventinei ir jos seseriai.<\/p>\n<p>\u201eSudegsite gyvi. Prad\u0117siu nuo tavo mylimiausios sesut\u0117s&#8230;\u201c \u2013 ra\u0161\u0117 jis nakt\u012f ir prid\u016br\u0117, kad \u201edabar ne kr\u016bmai degs, o namai\u201c ir \u201esaliutai eis \u012f tras\u0105, o j\u016bs n\u0117 vienas i\u0161eiti negal\u0117site, nes springsite d\u016bmais\u201c.<\/p>\n<p>Ryte jis nesiliov\u0117: \u201e\u0160i\u0105 nakt\u012f pasimatysim su saliutais ir liepsnel\u0117mis\u201c, \u201epagausiu gatv\u0117j \u2013 perpisiu tave\u201c. Prokurorai teigia, kad tokiu elgesiu kaltinamasis sistemingai terorizavo moteris, vert\u0117 jas gyventi baim\u0117je, net pakeisti darb\u0105 ir gyvenam\u0105j\u0105 viet\u0105.<\/p>\n<p>Persekiojo kelis m\u0117nesius<\/p>\n<p>M.Svaibodas neapsiribojo vien grasinimais. Nuo vasario iki baland\u017eio jis nekart pasirodydavo prie buvusios draug\u0117s darboviet\u0117s, laukdavo jos, ra\u0161ydavo \u012f\u017eeid\u017eian\u010dias \u017einutes.<\/p>\n<p>Jis teig\u0117 nusipirksi\u0105s ginkl\u0173 ir su\u0161audysi\u0105s, i\u0161juok\u0117 moters i\u0161vaizd\u0105, tikino, kad \u201eji gyvens su paty\u010diom\u201c ir nieko netur\u0117s. Teis\u0117sauga \u0161iuos veiksmus kvalifikavo kaip grasinim\u0105 nu\u017eudyti ar sunkiai sutrikdyti sveikat\u0105.<\/p>\n<p>Persekiotojo \u012fbauginta mergina pasakojo, kad b\u016btent d\u0117l \u0161i\u0173 i\u0161puoli\u0173 buvo priversta keisti savo gyvenim\u0105: \u201eA\u0161 nebegal\u0117jau ramiai i\u0161eiti \u012f gatv\u0119. Kartais laukdavo prie mano darbo \u2013 jausdavausi lyg u\u017espeista \u012f kamp\u0105.\u201c<\/p>\n<p>Jos sesuo prid\u016br\u0117, kad grasinimai padegti namus j\u0105 visi\u0161kai i\u0161balansavo: \u201eVaikai verkdavo naktimis, bijojo miegoti.<\/p>\n<p>Mes tikrinome kiem\u0105, gesintuv\u0105 laik\u0117me prie dur\u0173.\u201c<\/p>\n<p>Teism\u0105 i\u0161vadino korumpuotu<\/p>\n<p>Prad\u0117jus byl\u0105 nagrin\u0117ti teisme kaltinamasis vien\u0105 po kito praleidin\u0117jo pos\u0117d\u017eius \u2013 tai d\u0117l ligos, tai d\u0117l darbo, nors \u201eSodra\u201c joki\u0173 darbini\u0173 santyki\u0173 nefiksavo.<\/p>\n<p>Policijai bandant j\u012f atvesdinti vienu adresu buvo rasta u\u017erakinta, nebenaudojama \u012fstaigos patalpa, kitu \u2013 butas su pakabinam\u0105ja spyna.<\/p>\n<p>Elektroniniuose lai\u0161kuose teismui M.Svaibodas ra\u0161\u0117: \u201e\u012e korumpuoto teismo pos\u0117d\u017eius nevaik\u0161\u010diosiu, nes a\u0161 laisvas \u017emogus esu ir darau, k\u0105 noriu, galite man\u0119s neie\u0161koti \u2013 vis tiek nerasite.\u201c<\/p>\n<p>M.Svaibodas veng\u0117 kontakto su teismu ir teis\u0117sauga.<\/p>\n<p>\u201eSusisiekus telefonu asmuo kalb\u0117jo neadekva\u010diai, prisistat\u0117 popie\u017eiumi ir nurod\u0117, kad \u012f pos\u0117d\u017eius nevyks\u201c, \u2013 sak\u0117 Kauno apskrities vyriausiojo policijos komisariato pareig\u016bnai.<\/p>\n<p>\u201eV\u0117liau pateik\u0117 kitos gyvenamosios vietos adres\u0105, ta\u010diau nuvykus paai\u0161k\u0117jo, kad ten tik trumpai lank\u0117si. Keit\u0117 adresus kaip pir\u0161tines, atsisakydavo pasakyti, kur i\u0161 ties\u0173 gyvena\u201c, \u2013 teig\u0117 policijos atstovai.<\/p>\n<p>Teis\u0117saugininkams i\u0161siai\u0161kinus, kad M.Svaibodas nusipirko but\u0105 Pasvalio rajone, jo ie\u0161koti buvo pasi\u0173sti ir Panev\u0117\u017eio apskrities policijos pareig\u016bnai.<\/p>\n<p>Bet ir jie rado u\u017erakintas duris, o kaimynai paai\u0161kino, kad naujasis buto savininkas ten buvo pasirod\u0119s tiktai vien\u0105 kart\u0105 ir tik tam, kad u\u017ekabint\u0173 didel\u0119 spyn\u0105.<\/p>\n<p>Bandant \u012fteikti procesinius dokumentus naudotas ir elektroninis pa\u0161tas, kuriuo M.Svaibodas susira\u0161in\u0117jo su teismu: \u201eJis puikiai suprato, kada turi vykti pos\u0117d\u017eiai, atsakin\u0117jo elektroniniu pa\u0161tu, bet pasirodyti veng\u0117.\u201c<\/p>\n<p>Beliko tiktai suimti<\/p>\n<p>M.Svaibodas keturis kartus neatvyko \u012f pos\u0117d\u017eius be pateisinamos prie\u017easties, pa\u017eeid\u0117 ra\u0161ytin\u012f pasi\u017ead\u0117jim\u0105 nei\u0161vykti, nurodin\u0117jo vis kitus adresus ir net atsisak\u0117 juos tikslinti.<\/p>\n<p>\u201eNeabejotina, kad kaltinamasis \u017einojo apie vykstant\u012f proces\u0105, ta\u010diau piktybi\u0161kai veng\u0117 dalyvauti, cini\u0161kai menkino teism\u0105\u201c, \u2013 pa\u017eym\u0117jo kolegija.<\/p>\n<p>Atsi\u017evelgus \u012f tai \u0161velnesn\u0117s priemon\u0117s laikytos neveiksmingomis, tod\u0117l vienintelis b\u016bdas u\u017etikrinti bylos eig\u0105 \u2013 su\u0117mimas.<\/p>\n","protected":false},"excerpt":{"rendered":"Kauno apylink\u0117s teismo sal\u0117se nagrin\u0117jama byla, primenanti siu\u017eet\u0105 i\u0161 kriminalinio trilerio. Kaltinamasis M.Svaibodas buvusioms artimoms moterims ra\u0161ydavo bauginan\u010dias&hellip;\n","protected":false},"author":2,"featured_media":30845,"comment_status":"","ping_status":"","sticky":false,"template":"","format":"standard","meta":{"footnotes":""},"categories":[13],"tags":[25,30,31,34,35,24,32,33,37,39,36,38,40,23,22,28,29,26,27],"class_list":{"0":"post-30844","1":"post","2":"type-post","3":"status-publish","4":"format-standard","5":"has-post-thumbnail","7":"category-lietuva","8":"tag-antrastes","9":"tag-breaking-news","10":"tag-breakingnews","11":"tag-featured-news","12":"tag-featurednews","13":"tag-headlines","14":"tag-latest-news","15":"tag-latestnews","16":"tag-lietuva","17":"tag-lietuviu","18":"tag-lithuania","19":"tag-lithuanian","20":"tag-lt","21":"tag-naujienos","22":"tag-news","23":"tag-populiariausios-naujienos","24":"tag-populiariausiosnaujienos","25":"tag-top-stories","26":"tag-topstories"},"share_on_mastodon":{"url":"https:\/\/pubeurope.com\/@lt\/115480654207132384","error":""},"_links":{"self":[{"href":"https:\/\/www.europesays.com\/lt\/wp-json\/wp\/v2\/posts\/30844","targetHints":{"allow":["GET"]}}],"collection":[{"href":"https:\/\/www.europesays.com\/lt\/wp-json\/wp\/v2\/posts"}],"about":[{"href":"https:\/\/www.europesays.com\/lt\/wp-json\/wp\/v2\/types\/post"}],"author":[{"embeddable":true,"href":"https:\/\/www.europesays.com\/lt\/wp-json\/wp\/v2\/users\/2"}],"replies":[{"embeddable":true,"href":"https:\/\/www.europesays.com\/lt\/wp-json\/wp\/v2\/comments?post=30844"}],"version-history":[{"count":0,"href":"https:\/\/www.europesays.com\/lt\/wp-json\/wp\/v2\/posts\/30844\/revisions"}],"wp:featuredmedia":[{"embeddable":true,"href":"https:\/\/www.europesays.com\/lt\/wp-json\/wp\/v2\/media\/30845"}],"wp:attachment":[{"href":"https:\/\/www.europesays.com\/lt\/wp-json\/wp\/v2\/media?parent=30844"}],"wp:term":[{"taxonomy":"category","embeddable":true,"href":"https:\/\/www.europesays.com\/lt\/wp-json\/wp\/v2\/categories?post=30844"},{"taxonomy":"post_tag","embeddable":true,"href":"https:\/\/www.europesays.com\/lt\/wp-json\/wp\/v2\/tags?post=30844"}],"curies":[{"name":"wp","href":"https:\/\/api.w.org\/{rel}","templated":true}]}}