{"id":31045,"date":"2025-11-02T21:30:17","date_gmt":"2025-11-02T21:30:17","guid":{"rendered":"https:\/\/www.europesays.com\/lt\/31045\/"},"modified":"2025-11-02T21:30:17","modified_gmt":"2025-11-02T21:30:17","slug":"turkija-tiesia-pagalbos-ranka-rusijos-ir-ukrainos-taikos-derybose","status":"publish","type":"post","link":"https:\/\/www.europesays.com\/lt\/31045\/","title":{"rendered":"Turkija tiesia pagalbos rank\u0105 Rusijos ir Ukrainos taikos derybose"},"content":{"rendered":"<p>Jis pa\u017eym\u0117jo, kad Ankara pasiruo\u0161usi surengti ketvirt\u0105 deryb\u0173 raund\u0105 tarp \u0161ali\u0173 delegacij\u0173 bei galim\u0105 vadov\u0173 susitikim\u0105 Stambule.<\/p>\n<p>\u201eTrys deryb\u0173 raundai tarp Rusijos ir Ukrainos delegacij\u0173 Stambule dav\u0117 ap\u010diuopiam\u0173 rezultat\u0173 \u2013 tarp j\u0173 ir apsikeitim\u0105 belaisviais bei tiesioginio dialogo atk\u016brim\u0105 tarp \u0161ali\u0173. Nuo\u0161ird\u017eiai tikime, kad diplomatija i\u0161lieka vienintelis kelias \u012f taik\u0173 kriz\u0117s Ukrainoje sprendim\u0105\u201c, \u2013 sak\u0117 Fidanas.<\/p>\n<p>Pasak diplomato, Turkija toliau rems diplomatines pastangas siekiant taikos ir yra pasirengusi suteikti savo platform\u0105 Ukrainos ir Rusijos deryboms.<\/p>\n<p>Anks\u010diau Serbijos u\u017esienio reikal\u0173 ministras Marko D\u017euri\u010dius parei\u0161k\u0117, kad jo \u0161alis pasirengusi organizuoti derybas tarp Ukrainos ir Rusijos. Jo teigimu, Serbijos prana\u0161umas tas, kad ji palaiko draugi\u0161kus santykius su visomis konflikto \u0161alimis.<\/p>\n<p>\u201eSerbija taip pat yra tarp \u0161ali\u0173, si\u016blan\u010di\u0173 savo paslaugas, atsi\u017evelgiant \u012f m\u016bs\u0173 patirt\u012f, \u012f tai, kad esame draugai su visomis susijusiomis \u0161alimis, ir gal\u0117tume, jei reik\u0117t\u0173 ar b\u016bt\u0173 susidom\u0117jimas, surengti bet kokias derybas&#8230; kaip u\u017ebaigti \u0161i\u0105 siaubing\u0105 tragedij\u0105, kuri pareikalavo tiek daug gyvybi\u0173 ir sunaikinimo\u201c, \u2013 pa\u017eym\u0117jo D\u017euri\u010dius.<\/p>\n<p>Tuo tarpu Rusijos diktatoriaus Vladimiro Putino atstovas spaudai Dmitrijus Peskovas neseniai taip pat pasisak\u0117 apie derybas d\u0117l karo Ukrainoje. Jis teig\u0117, kad derybos virto \u201epernelyg u\u017esit\u0119susia pauze\u201c.<\/p>\n<p>\u201eNe Putinas, nei Trumpas nenori susitikti vien d\u0117l susitikimo \u2013 b\u016btinas pasiruo\u0161imas, kad b\u016bt\u0173 rezultatas\u201c, \u2013 prid\u016br\u0117 Peskovas.<\/p>\n","protected":false},"excerpt":{"rendered":"Jis pa\u017eym\u0117jo, kad Ankara pasiruo\u0161usi surengti ketvirt\u0105 deryb\u0173 raund\u0105 tarp \u0161ali\u0173 delegacij\u0173 bei galim\u0105 vadov\u0173 susitikim\u0105 Stambule. \u201eTrys&hellip;\n","protected":false},"author":2,"featured_media":31046,"comment_status":"","ping_status":"","sticky":false,"template":"","format":"standard","meta":{"footnotes":""},"categories":[15],"tags":[25,30,31,34,35,24,32,33,37,39,36,38,40,23,22,44,28,29,26,27,74,75,76],"class_list":{"0":"post-31045","1":"post","2":"type-post","3":"status-publish","4":"format-standard","5":"has-post-thumbnail","7":"category-pasaulis","8":"tag-antrastes","9":"tag-breaking-news","10":"tag-breakingnews","11":"tag-featured-news","12":"tag-featurednews","13":"tag-headlines","14":"tag-latest-news","15":"tag-latestnews","16":"tag-lietuva","17":"tag-lietuviu","18":"tag-lithuania","19":"tag-lithuanian","20":"tag-lt","21":"tag-naujienos","22":"tag-news","23":"tag-pasaulis","24":"tag-populiariausios-naujienos","25":"tag-populiariausiosnaujienos","26":"tag-top-stories","27":"tag-topstories","28":"tag-world","29":"tag-world-news","30":"tag-worldnews"},"share_on_mastodon":{"url":"https:\/\/pubeurope.com\/@lt\/115482238845770189","error":""},"_links":{"self":[{"href":"https:\/\/www.europesays.com\/lt\/wp-json\/wp\/v2\/posts\/31045","targetHints":{"allow":["GET"]}}],"collection":[{"href":"https:\/\/www.europesays.com\/lt\/wp-json\/wp\/v2\/posts"}],"about":[{"href":"https:\/\/www.europesays.com\/lt\/wp-json\/wp\/v2\/types\/post"}],"author":[{"embeddable":true,"href":"https:\/\/www.europesays.com\/lt\/wp-json\/wp\/v2\/users\/2"}],"replies":[{"embeddable":true,"href":"https:\/\/www.europesays.com\/lt\/wp-json\/wp\/v2\/comments?post=31045"}],"version-history":[{"count":0,"href":"https:\/\/www.europesays.com\/lt\/wp-json\/wp\/v2\/posts\/31045\/revisions"}],"wp:featuredmedia":[{"embeddable":true,"href":"https:\/\/www.europesays.com\/lt\/wp-json\/wp\/v2\/media\/31046"}],"wp:attachment":[{"href":"https:\/\/www.europesays.com\/lt\/wp-json\/wp\/v2\/media?parent=31045"}],"wp:term":[{"taxonomy":"category","embeddable":true,"href":"https:\/\/www.europesays.com\/lt\/wp-json\/wp\/v2\/categories?post=31045"},{"taxonomy":"post_tag","embeddable":true,"href":"https:\/\/www.europesays.com\/lt\/wp-json\/wp\/v2\/tags?post=31045"}],"curies":[{"name":"wp","href":"https:\/\/api.w.org\/{rel}","templated":true}]}}