{"id":31115,"date":"2025-11-03T05:18:27","date_gmt":"2025-11-03T05:18:27","guid":{"rendered":"https:\/\/www.europesays.com\/lt\/31115\/"},"modified":"2025-11-03T05:18:27","modified_gmt":"2025-11-03T05:18:27","slug":"lietuvos-metu-automobilis-2026-dalyvis-prabanga-siekiantis-nustebinti-hyundai-ioniq-9","status":"publish","type":"post","link":"https:\/\/www.europesays.com\/lt\/31115\/","title":{"rendered":"\u201eLietuvos met\u0173 automobilis 2026\u201c dalyvis: prabanga siekiantis nustebinti \u201eHyundai IONIQ 9\u201c"},"content":{"rendered":"\n<p>\u201eIONIQ 9\u201c \u2013 tai naujas, erdvus elektrinis SUV, galintis sutalpinti iki septyni\u0173 keleivi\u0173. Naujas <a href=\"https:\/\/www.tv3.lt\/gaires\/hyundai\" target=\"_blank\" rel=\"nofollow noopener\">\u201eHyundai\u201c<\/a> modelis pasi\u017eymi erdviu salonu ir funkciniais sprendimais, skirtais tiek individualiems keleivi\u0173, tiek bendriems \u0161eimos poreikiams. \u201eIONIQ 9\u201c orientuotas \u012f vartotojus, kurie aktyviai naudojasi skaitmenin\u0117mis technologijomis, ta\u010diau kartu vertina asmenin\u0119 erdv\u0119, privatum\u0105 ir kelion\u0117s komfort\u0105.<\/p>\n<p><a href=\"https:\/\/www.tv3.lt\/rubrika\/naujienos\/automanas\/lietuvos-metu-automobilis?page=1\" rel=\"nofollow noopener\" target=\"_blank\">Daugiau naujien\u0173 apie \u201eLietuvos met\u0173 automobilis\u201c konkurs\u0105 \u2013 specialioje rubrikoje.<\/a><\/p>\n<p>\u201eLietuvos met\u0173 automobilis 2026\u201c dalyvis: prabanga siekiantis nustebinti \u201eHyundai IONIQ 9\u201c<\/p>\n<p>(11 nuotr.) <a style=\"height: 63vw;\" itemprop=\"contentUrl\" data-size=\"0x0\" href=\"#gid=115621&amp;pid=1\" data-href=\"https:\/\/static4.inspektorius.lt\/usi\/800x600\/2\/68\/78\/b2\/6878b2e5ed379b3b59ee9e1b65eecc3d.jpg?v=4.2.7.283&amp;t=cr&amp;s=800x600&amp;m=2&amp;f=\/Uploads\/UGallery\/photos\/8f\/b1\/d0\/46\/8fb1d0462b6c5e29c5b01ef413b592d5.jpg\" rel=\"nofollow\" target=\"_blank\"><img decoding=\"async\" style=\"height: 63vw; object-fit: cover;\" itemprop=\"thumbnail\" class=\"newsPhoto300 landscape\" id=\"imgid-115621-2582695\" alt=\"1\" src=\"https:\/\/www.europesays.com\/lt\/wp-content\/uploads\/2025\/11\/8fb1d0462b6c5e29c5b01ef413b592d5.jpg\" title=\"Hyundai IONIQ 9 (nuotr. gamintojo)\" loading=\"lazy\" \/> <\/a> <\/p>\n<p>Hyundai IONIQ 9 (nuotr. gamintojo)<\/p>\n<p>  <a itemprop=\"contentUrl\" data-size=\"0x0\" href=\"#gid=115621&amp;pid=2\" data-href=\"https:\/\/static4.inspektorius.lt\/usi\/800x600\/2\/f1\/42\/72\/f142721afce1aee5095019d1cf12e8d4.jpg?v=4.2.7.283&amp;t=cr&amp;s=800x600&amp;m=2&amp;f=\/Uploads\/UGallery\/photos\/c1\/f7\/02\/ed\/c1f702ede70fcdedbc84078325440f20.jpg\" rel=\"nofollow\" target=\"_blank\"><img decoding=\"async\" itemprop=\"thumbnail\" class=\"newsPhoto300 portrait\" id=\"imgid-115621-2582696\" alt=\"2\" src=\"https:\/\/www.europesays.com\/lt\/wp-content\/uploads\/2025\/11\/c1f702ede70fcdedbc84078325440f20.jpg\" title=\"Hyundai IONIQ 9 (nuotr. gamintojo)\" loading=\"lazy\" \/> <\/a> <\/p>\n<p>Hyundai IONIQ 9 (nuotr. gamintojo)<\/p>\n<p>  <a itemprop=\"contentUrl\" data-size=\"0x0\" href=\"#gid=115621&amp;pid=3\" data-href=\"https:\/\/static4.inspektorius.lt\/usi\/800x600\/2\/02\/70\/ca\/0270ca0d65374604829cd6150c4044a5.jpg?v=4.2.7.283&amp;t=cr&amp;s=800x600&amp;m=2&amp;f=\/Uploads\/UGallery\/photos\/41\/40\/3d\/3a\/41403d3a057db9386de9d665122d3ba2.jpg\" rel=\"nofollow\" target=\"_blank\"><img decoding=\"async\" itemprop=\"thumbnail\" class=\"newsPhoto300 portrait\" id=\"imgid-115621-2582697\" alt=\"3\" src=\"https:\/\/www.europesays.com\/lt\/wp-content\/uploads\/2025\/11\/41403d3a057db9386de9d665122d3ba2.jpg\" title=\"Hyundai IONIQ 9 (nuotr. gamintojo)\" loading=\"lazy\" \/> <\/a> <\/p>\n<p>Hyundai IONIQ 9 (nuotr. gamintojo)<\/p>\n<p>  <a itemprop=\"contentUrl\" data-size=\"0x0\" href=\"#gid=115621&amp;pid=4\" data-href=\"https:\/\/static4.inspektorius.lt\/usi\/800x600\/2\/ab\/f4\/38\/abf438b5fe8def6a5fe208935cafd30b.jpg?v=4.2.7.283&amp;t=cr&amp;s=800x600&amp;m=2&amp;f=\/Uploads\/UGallery\/photos\/5d\/09\/28\/0f\/5d09280f1165d08a9824e43c6e4e7df0.jpg\" rel=\"nofollow\" target=\"_blank\"><img decoding=\"async\" itemprop=\"thumbnail\" class=\"newsPhoto300 portrait\" id=\"imgid-115621-2582698\" alt=\"4\" src=\"https:\/\/www.europesays.com\/lt\/wp-content\/uploads\/2025\/11\/5d09280f1165d08a9824e43c6e4e7df0.jpg\" title=\"Hyundai IONIQ 9 (nuotr. gamintojo)\" loading=\"lazy\" \/> <\/a> <\/p>\n<p>Hyundai IONIQ 9 (nuotr. gamintojo)<\/p>\n<p>  <a itemprop=\"contentUrl\" data-size=\"0x0\" href=\"#gid=115621&amp;pid=5\" data-href=\"https:\/\/static4.inspektorius.lt\/usi\/800x600\/2\/da\/4f\/60\/da4f60d01b3b0c7ca48c50cdea9f3568.jpg?v=4.2.7.283&amp;t=cr&amp;s=800x600&amp;m=2&amp;f=\/Uploads\/UGallery\/photos\/6d\/00\/8a\/75\/6d008a751ef5646e3fd157087c794860.jpg\" rel=\"nofollow\" target=\"_blank\"><img decoding=\"async\" itemprop=\"thumbnail\" class=\"newsPhoto300 portrait\" id=\"imgid-115621-2582699\" alt=\"5\" src=\"https:\/\/www.europesays.com\/lt\/wp-content\/uploads\/2025\/11\/6d008a751ef5646e3fd157087c794860.jpg\" title=\"Hyundai IONIQ 9 (nuotr. gamintojo)\" loading=\"lazy\" \/> <\/a> <\/p>\n<p>Hyundai IONIQ 9 (nuotr. gamintojo)<\/p>\n<p>  <a itemprop=\"contentUrl\" data-size=\"0x0\" href=\"#gid=115621&amp;pid=6\" data-href=\"https:\/\/static4.inspektorius.lt\/usi\/800x600\/2\/9e\/b5\/34\/9eb5349ac0d7d01f34cf6aed9e3c07ae.jpg?v=4.2.7.283&amp;t=cr&amp;s=800x600&amp;m=2&amp;f=\/Uploads\/UGallery\/photos\/62\/c5\/44\/09\/62c544092f47636ea44b8f8b7c61aea1.jpg\" rel=\"nofollow\" target=\"_blank\"><img decoding=\"async\" itemprop=\"thumbnail\" class=\"newsPhoto300 portrait\" id=\"imgid-115621-2582700\" alt=\"6\" src=\"https:\/\/www.europesays.com\/lt\/wp-content\/uploads\/2025\/11\/62c544092f47636ea44b8f8b7c61aea1.jpg\" title=\"Hyundai IONIQ 9 (nuotr. gamintojo)\" loading=\"lazy\" \/> <\/a> <\/p>\n<p>Hyundai IONIQ 9 (nuotr. gamintojo)<\/p>\n<p>  <a itemprop=\"contentUrl\" data-size=\"0x0\" href=\"#gid=115621&amp;pid=7\" data-href=\"https:\/\/static4.inspektorius.lt\/usi\/800x600\/2\/7b\/4f\/c5\/7b4fc56a332906a98136984b07054fd4.jpg?v=4.2.7.283&amp;t=cr&amp;s=800x600&amp;m=2&amp;f=\/Uploads\/UGallery\/photos\/cd\/69\/42\/f5\/cd6942f500ed11daea831b1ab47c96f0.jpg\" rel=\"nofollow\" target=\"_blank\"><img decoding=\"async\" itemprop=\"thumbnail\" class=\"newsPhoto300 portrait\" id=\"imgid-115621-2582701\" alt=\"7\" src=\"https:\/\/www.europesays.com\/lt\/wp-content\/uploads\/2025\/11\/cd6942f500ed11daea831b1ab47c96f0.jpg\" title=\"Hyundai IONIQ 9 (nuotr. gamintojo)\" loading=\"lazy\" \/> <\/a> <\/p>\n<p>Hyundai IONIQ 9 (nuotr. gamintojo)<\/p>\n<p>  <a itemprop=\"contentUrl\" data-size=\"0x0\" href=\"#gid=115621&amp;pid=8\" data-href=\"https:\/\/static4.inspektorius.lt\/usi\/800x600\/2\/b2\/28\/93\/b228930c0353fe57f54ac02d3ae96955.jpg?v=4.2.7.283&amp;t=cr&amp;s=800x600&amp;m=2&amp;f=\/Uploads\/UGallery\/photos\/f5\/e2\/e0\/04\/f5e2e0047d0f2eeefe3ad6803a92c762.jpg\" rel=\"nofollow\" target=\"_blank\"><img decoding=\"async\" itemprop=\"thumbnail\" class=\"newsPhoto300 portrait\" id=\"imgid-115621-2582702\" alt=\"8\" src=\"https:\/\/www.europesays.com\/lt\/wp-content\/uploads\/2025\/11\/f5e2e0047d0f2eeefe3ad6803a92c762.jpg\" title=\"Hyundai IONIQ 9 (nuotr. gamintojo)\" loading=\"lazy\" \/> <\/a> <\/p>\n<p>Hyundai IONIQ 9 (nuotr. gamintojo)<\/p>\n<p>  <a itemprop=\"contentUrl\" data-size=\"0x0\" href=\"#gid=115621&amp;pid=9\" data-href=\"https:\/\/static4.inspektorius.lt\/usi\/800x600\/2\/d8\/8c\/ef\/d88cef83e68909ce6833f1f61200eaf2.jpg?v=4.2.7.283&amp;t=cr&amp;s=800x600&amp;m=2&amp;f=\/Uploads\/UGallery\/photos\/75\/6a\/75\/9f\/756a759ffd944159c8ca8212efd514a2.jpg\" rel=\"nofollow\" target=\"_blank\"><img decoding=\"async\" itemprop=\"thumbnail\" class=\"newsPhoto300 portrait\" id=\"imgid-115621-2582703\" alt=\"9\" src=\"https:\/\/www.europesays.com\/lt\/wp-content\/uploads\/2025\/11\/756a759ffd944159c8ca8212efd514a2.jpg\" title=\"Hyundai IONIQ 9 (nuotr. gamintojo)\" loading=\"lazy\" \/> <\/a> <\/p>\n<p>Hyundai IONIQ 9 (nuotr. gamintojo)<\/p>\n<p>  <a itemprop=\"contentUrl\" data-size=\"0x0\" href=\"#gid=115621&amp;pid=10\" data-href=\"https:\/\/static4.inspektorius.lt\/usi\/800x600\/2\/ea\/6c\/18\/ea6c184697befb321000c851a126587e.jpg?v=4.2.7.283&amp;t=cr&amp;s=800x600&amp;m=2&amp;f=\/Uploads\/UGallery\/photos\/4f\/72\/86\/f6\/4f7286f675af8caa894b4ddfcce77be8.jpg\" rel=\"nofollow\" target=\"_blank\"><img decoding=\"async\" itemprop=\"thumbnail\" class=\"newsPhoto300 portrait\" id=\"imgid-115621-2582704\" alt=\"10\" src=\"https:\/\/www.europesays.com\/lt\/wp-content\/uploads\/2025\/11\/4f7286f675af8caa894b4ddfcce77be8.jpg\" title=\"Hyundai IONIQ 9 (nuotr. gamintojo)\" loading=\"lazy\" \/> <\/a> <\/p>\n<p>Hyundai IONIQ 9 (nuotr. gamintojo)<\/p>\n<p>  <a itemprop=\"contentUrl\" data-size=\"0x0\" href=\"#gid=115621&amp;pid=11\" data-href=\"https:\/\/static4.inspektorius.lt\/usi\/800x600\/2\/9d\/06\/9b\/9d069b736235a84629d9be7f1a9f21ed.jpg?v=4.2.7.283&amp;t=cr&amp;s=800x600&amp;m=2&amp;f=\/Uploads\/UGallery\/photos\/cc\/ca\/b2\/52\/cccab2525a6620083c94fe21af8ba4cc.jpg\" rel=\"nofollow\" target=\"_blank\"><img decoding=\"async\" itemprop=\"thumbnail\" class=\"newsPhoto300 portrait\" id=\"imgid-115621-2582705\" alt=\"11\" src=\"https:\/\/www.europesays.com\/lt\/wp-content\/uploads\/2025\/11\/cccab2525a6620083c94fe21af8ba4cc.jpg\" title=\"Hyundai IONIQ 9 (nuotr. gamintojo)\" loading=\"lazy\" \/> <\/a> <\/p>\n<p>Hyundai IONIQ 9 (nuotr. gamintojo)<\/p>\n<p>      Sunkiai apr\u0117piama erdv\u0117 <\/p>\n<p>\u201eIONIQ 9\u201c i\u0161siskiria did\u017eiule vidine erdve, ypa\u010d antroje ir tre\u010dioje s\u0117dyni\u0173 eil\u0117se. Automobilio interjero dizaine dominuoja elips\u0117s formos elementai ir rami\u0173 atspalvi\u0173 apdaila, o erdv\u0117s poj\u016bt\u012f dar labiau sustiprina panoraminis stoglangis.<\/p>\n<p>D\u0117l visi\u0161kai plok\u0161\u010di\u0173 grind\u0173 \u201eIONIQ 9\u201c salone galima rinktis \u0161e\u0161i\u0173 arba septyni\u0173 s\u0117dim\u0173 viet\u0173 konfig\u016bracij\u0105. Tiek pirmoje, tiek antroje eil\u0117se si\u016blomos specialios \u201eRelaxation Seats\u201c, kurios gali pilnai atsilo\u0161ti ir turi atramas kojoms.<\/p>\n<p>Tai leid\u017eia patogiai ils\u0117tis, pavyzd\u017eiui, automobilio \u012fkrovimo metu. Gamintojas nurodo, kad bendras erdv\u0117s auk\u0161tis keleiviams siekia 1 899 mm, o bendra erdv\u0117 kojoms antroje ir tre\u010dioje eil\u0117se \u2013 2 050 mm.<\/p>\n<p>\u0160iose \u201eRelaxation\u201c s\u0117dyn\u0117se taip pat integruota nauja \u201eDynamic Body Care\u201c sistema su \u201eDynamic Touch Massage\u201c funkcija. Sistema naudoja sl\u0117g\u012f ir vibracij\u0105, kad stimuliuot\u0173 kraujotak\u0105 ir suma\u017eint\u0173 nuovarg\u012f ilgose kelion\u0117se.<\/p>\n<p>Be to, \u201eIONIQ 9\u201c si\u016blo dar vien\u0105 unikal\u0173 sprendim\u0105 \u2013 pasukamas antrosios eil\u0117s s\u0117dynes. J\u0173 d\u0117ka, automobiliui stovint, antros ir tre\u010dios eil\u0117s keleiviai gali atsisukti vieni \u012f kitus, taip palengvinant bendravim\u0105.<\/p>\n<p>     <a href=\"https:\/\/www.tv3.lt\/Uploads\/UGallery\/photos\/5d\/09\/28\/0f\/5d09280f1165d08a9824e43c6e4e7df0.jpg\" data-fancybox=\"photos-embed\" data-caption=\"Hyundai IONIQ 9 (nuotr. gamintojo)\" target=\"_self\" rel=\"nofollow noopener\"> <img decoding=\"async\" class=\"photo-inside-article\" align=\"center\" alt=\"Hyundai IONIQ 9 (nuotr. gamintojo)\" title=\"Hyundai IONIQ 9 (nuotr. gamintojo)\" src=\"https:\/\/www.europesays.com\/lt\/wp-content\/uploads\/2025\/11\/1762147102_303_5d09280f1165d08a9824e43c6e4e7df0.jpg\" width=\"684\" height=\"654\" loading=\"lazy\" \/> <\/a>       Galingas ir galintis nuva\u017eiuoti vir\u0161 600 km <\/p>\n<p>Pa\u017eangus \u201eHyundai\u201c elektrinis SUV komplektuojamas su NCM tipo baterija, kurios naudotina talpa siekia 110 kWh. Gamintojas teigia, kad galiniais ratais varoma versija, m\u016bv\u0117dama 19 coli\u0173 ratlankius, su viena \u012fkrova gali nuva\u017eiuoti iki 620 kilometr\u0173 siekiant\u012f\u00a0atstum\u0105.\u00a0<\/p>\n<p>Naudojant 350 kW galios \u012fkrovikl\u012f, \u201eIONIQ 9\u201c baterija patogiai \u012fkraunama nuo 10 iki 80 procent\u0173 vos per 24 minutes. Tuo tarpu automobilyje integruota \u201eVehicle-to-Load\u201c (V2L) funkcija (galimyb\u0117 energij\u0105 naudoti i\u0161oriniams prietaisams) ir 400V\/800V architekt\u016bros palaikymas\u00a0ma\u017eina elektromobili\u0173 naudojimo barjerus.<\/p>\n<p>\u201eLong-Range RWD\u201c versija turi 160 kW galios varikl\u012f. \u201eLong-Range AWD\u201c alternatyva papildomai turi 70 kW priekin\u012f varikl\u012f. Tuo tarpu \u201ePerformance AWD\u201c versija gali pasigirti 160 kW galios varikliais tiek priekin\u0117je, tiek galin\u0117je a\u0161yje.<\/p>\n<p>\u201ePerformance\u201c modelis nuo 0 iki 100 km\/val.\u00a0gali \u012fsib\u0117g\u0117ti vos per 5,2 sekund\u0117s, \u201eLong-Range AWD\u201c variantas u\u017etrunka 6,7 sekund\u0117s, o \u201eLong-Range RWD\u201c versija \u2013 9,4 sekund\u0117s.<\/p>\n<p>Kalbant apie tarpin\u012f \u012fsib\u0117g\u0117jim\u0105, pavyzd\u017eiui, lenkiant kitas transporto priemones, \u201ePerformance\u201c modelis nuo 80 iki 120 km\/val.\u00a0\u012fsib\u0117g\u0117ja per 3,4 sekund\u0117s. \u201eLong-Range AWD\u201c variantas tai atlieka per 4,8 sekund\u0117s, o \u201eLong-Range RWD\u201c versija \u2013 per 6,8 sekund\u0117s.<\/p>\n<p>         <a href=\"https:\/\/www.tv3.lt\/Uploads\/UGallery\/photos\/cd\/69\/42\/f5\/cd6942f500ed11daea831b1ab47c96f0.jpg\" data-fancybox=\"photos-embed\" data-caption=\"Hyundai IONIQ 9 (nuotr. gamintojo)\" target=\"_self\" rel=\"nofollow noopener\"> <img decoding=\"async\" class=\"photo-inside-article\" align=\"center\" alt=\"Hyundai IONIQ 9 (nuotr. gamintojo)\" title=\"Hyundai IONIQ 9 (nuotr. gamintojo)\" src=\"https:\/\/www.europesays.com\/lt\/wp-content\/uploads\/2025\/11\/1762147104_823_cd6942f500ed11daea831b1ab47c96f0.jpg\" width=\"684\" height=\"654\" loading=\"lazy\" \/> <\/a>       \u012e vairuotoj\u0105 orientuotos technologijos <\/p>\n<p>\u201eIONIQ 9\u201c elektronin\u0117\u00a0pavar\u0173 perjungimo sistema, sumontuota ant vairo kolon\u0117l\u0117s, yra integruota su u\u017evedimo mygtuku, siekiant intuityvaus valdymo ir efektyvesnio erdv\u0117s i\u0161naudojimo.\u00a0<\/p>\n<p>Visureigio va\u017eiuokl\u0117s valdymo blokas pagerina va\u017eiavimo savybes tokiomis funkcijomis kaip dinaminis sukimo momento paskirstymas, u\u017etikrinantis geresn\u012f valdym\u0105.\u00a0\u201eIONIQ 9\u201c taip pat turi \u201eTerrain Traction Control\u201c sistem\u0105, skirt\u0105 va\u017eiuoti prastais keliais, ir automatin\u012f bekel\u0117s re\u017eim\u0105, kuris naudoja dirbtin\u012f intelekt\u0105, kad atpa\u017eint\u0173 kelio pavir\u0161i\u0173 ir parinkt\u0173 optimal\u0173 va\u017eiavimo re\u017eim\u0105.<\/p>\n<p>\u201eIONIQ 9\u201c taip pat pasi\u017eymi konkurencingomis vilkimo galimyb\u0117mis. \u012ejungus priekabos re\u017eim\u0105, automobilis automati\u0161kai nustato priekabos svor\u012f ir atitinkamai pakoreguoja prognozuojam\u0105 nuva\u017eiuojam\u0105 atstum\u0105. \u0160i funkcija palaiko fiksuot\u0105 50:50 sukimo momento paskirstym\u0105 tarp priekin\u0117s ir galin\u0117s a\u0161i\u0173, kad b\u016bt\u0173 u\u017etikrintas optimalus na\u0161umas. <a href=\"https:\/\/www.tv3.lt\/rubrika\/naujienos\/uzsienis\/europa\" target=\"_blank\" class=\"phrase\" rel=\"nofollow noopener\">Europai<\/a> skirti \u201eIONIQ 9\u201c modeliai gali vilkti iki 2500 kg sverian\u010di\u0105 priekab\u0105.<\/p>\n<p>      <a href=\"https:\/\/www.tv3.lt\/Uploads\/UGallery\/photos\/41\/40\/3d\/3a\/41403d3a057db9386de9d665122d3ba2.jpg\" data-fancybox=\"photos-embed\" data-caption=\"Hyundai IONIQ 9 (nuotr. gamintojo)\" target=\"_self\" rel=\"nofollow noopener\"> <img decoding=\"async\" class=\"photo-inside-article\" align=\"center\" alt=\"Hyundai IONIQ 9 (nuotr. gamintojo)\" title=\"Hyundai IONIQ 9 (nuotr. gamintojo)\" src=\"https:\/\/www.europesays.com\/lt\/wp-content\/uploads\/2025\/11\/1762147107_580_41403d3a057db9386de9d665122d3ba2.jpg\" width=\"684\" height=\"654\" loading=\"lazy\" \/> <\/a>       Konkurse dalyvaujan\u010dio \u201eHyundai IONIQ 9\u201c vizitin\u0117 kortel\u0117 <\/p>\n<p>\u00a0<\/p>\n<ul>\n<li>K\u0117bulo tipas:\u00a0SUV<\/li>\n<li>Degal\u0173 r\u016b\u0161is: Elektra<\/li>\n<li>Variklio galia: 315 kW \/ 428 AG<\/li>\n<li>Sukimo momentas: 700 NM<\/li>\n<li>Varantieji ratai: Visi<\/li>\n<li>Baterijos talpa:\u00a0110\u00a0kWh (naudotina)<\/li>\n<li>Nuva\u017eiuojamas atstumas (WLTP): 620 km<\/li>\n<li>Svoris: 2685 kg<\/li>\n<li>Baga\u017ein\u0117s t\u016bris (litrai): 338 \/ 2419<\/li>\n<li>0-100 km\/val.: 5.2 s.<\/li>\n<li>CO2 emisija:\u00a00\u00a0g\/km<\/li>\n<li>Pradin\u0117 kaina: 76 999 \u20ac<\/li>\n<li>Konkursui pateikto automobilio kaina: 89 999 \u20ac<\/li>\n<\/ul>\n<p> Atiduokite savo bals\u0105 \u201eTautos automobilio\u201c rinkimuose! <\/p>\n<p>Kartu su oficialia \u201eLietuvos met\u0173 automobilio 2026\u201c konkurso prad\u017eia, portale <a href=\"https:\/\/www.tv3.lt\/programos\/tv3\/pilna\" target=\"_blank\" class=\"phrase\" rel=\"nofollow noopener\">tv3<\/a>.lt prasideda ir tradiciniai, did\u017eiulio skaitytoj\u0173 susidom\u0117jimo sulaukiantys \u201eTautos automobilio\u201c rinkimai. Kiekvienas automobili\u0173 entuziastas kvie\u010diamas i\u0161reik\u0161ti savo nuomon\u0119 ir atiduoti bals\u0105 u\u017e labiausiai patikus\u012f model\u012f i\u0161 gausaus \u0161i\u0173 met\u0173 konkurso dalyvi\u0173 s\u0105ra\u0161o.<\/p>\n<p>\u201eTautos automobilio\u201c rinkimai \u2013 neatsiejama \u201eLietuvos met\u0173 automobilio\u201c konkurso dalis, turinti gilias tradicijas. Jau nuo 1998-\u0173j\u0173 met\u0173, greta ekspert\u0173 komisijos vertinim\u0173, Lietuvos vairuotojams suteikiama galimyb\u0117 patiems nuspr\u0119sti, kuris automobilis vertas publikos simpatij\u0173 titulo.\u00a0<\/p>\n<p>I\u0161reik\u0161ti savo nuomon\u0119 itin paprasta. Apsilankykite specialiame <a href=\"https:\/\/www.tv3.lt\/rubrika\/naujienos\/automanas\/metu-automobilio-rinkimai\" rel=\"nofollow noopener\" target=\"_blank\">\u201eTautos automobilio\u201c polapyje<\/a> portale tv3.lt, susipa\u017einkite su visais konkurso dalyviais ir atiduokite savo bals\u0105.<\/p>\n<p>Svarbu tai, kad balsuoti galite ne tik u\u017e vien\u0105, bet ir u\u017e kelis ar net visus konkurso dalyvius, o savo simpatijas i\u0161reik\u0161ti galite kiekvien\u0105 dien\u0105!<\/p>\n<p>Balsavimas vyks iki konkurso finalo, o nugal\u0117tojas bus paskelbtas i\u0161kilmingos apdovanojim\u0173 ceremonijos metu.<\/p>\n","protected":false},"excerpt":{"rendered":"\u201eIONIQ 9\u201c \u2013 tai naujas, erdvus elektrinis SUV, galintis sutalpinti iki septyni\u0173 keleivi\u0173. Naujas \u201eHyundai\u201c modelis pasi\u017eymi erdviu&hellip;\n","protected":false},"author":2,"featured_media":31116,"comment_status":"","ping_status":"","sticky":false,"template":"","format":"standard","meta":{"footnotes":""},"categories":[17],"tags":[8921,81,57,43,55,48,54,51,49,50,37,39,36,38,40,45,23,44,53,42,56,47,41,46,58,52],"class_list":{"0":"post-31115","1":"post","2":"type-post","3":"status-publish","4":"format-standard","5":"has-post-thumbnail","7":"category-verslas","8":"tag-2025-11-03-070100","9":"tag-business","10":"tag-daiktai","11":"tag-dienos-kronika","12":"tag-gatves-tekstai","13":"tag-gyvenimas","14":"tag-interneto-pievos","15":"tag-keliones","16":"tag-kultura","17":"tag-laisvalaikis","18":"tag-lietuva","19":"tag-lietuviu","20":"tag-lithuania","21":"tag-lithuanian","22":"tag-lt","23":"tag-mokslas-ir-it","24":"tag-naujienos","25":"tag-pasaulis","26":"tag-projektai","27":"tag-rinktiniai-tekstai","28":"tag-simtmecio-portalas","29":"tag-sportas","30":"tag-tv3-lt","31":"tag-verslas","32":"tag-video","33":"tag-zaidimai"},"share_on_mastodon":{"url":"https:\/\/pubeurope.com\/@lt\/115484079181868956","error":""},"_links":{"self":[{"href":"https:\/\/www.europesays.com\/lt\/wp-json\/wp\/v2\/posts\/31115","targetHints":{"allow":["GET"]}}],"collection":[{"href":"https:\/\/www.europesays.com\/lt\/wp-json\/wp\/v2\/posts"}],"about":[{"href":"https:\/\/www.europesays.com\/lt\/wp-json\/wp\/v2\/types\/post"}],"author":[{"embeddable":true,"href":"https:\/\/www.europesays.com\/lt\/wp-json\/wp\/v2\/users\/2"}],"replies":[{"embeddable":true,"href":"https:\/\/www.europesays.com\/lt\/wp-json\/wp\/v2\/comments?post=31115"}],"version-history":[{"count":0,"href":"https:\/\/www.europesays.com\/lt\/wp-json\/wp\/v2\/posts\/31115\/revisions"}],"wp:featuredmedia":[{"embeddable":true,"href":"https:\/\/www.europesays.com\/lt\/wp-json\/wp\/v2\/media\/31116"}],"wp:attachment":[{"href":"https:\/\/www.europesays.com\/lt\/wp-json\/wp\/v2\/media?parent=31115"}],"wp:term":[{"taxonomy":"category","embeddable":true,"href":"https:\/\/www.europesays.com\/lt\/wp-json\/wp\/v2\/categories?post=31115"},{"taxonomy":"post_tag","embeddable":true,"href":"https:\/\/www.europesays.com\/lt\/wp-json\/wp\/v2\/tags?post=31115"}],"curies":[{"name":"wp","href":"https:\/\/api.w.org\/{rel}","templated":true}]}}