{"id":31521,"date":"2025-11-03T13:00:20","date_gmt":"2025-11-03T13:00:20","guid":{"rendered":"https:\/\/www.europesays.com\/lt\/31521\/"},"modified":"2025-11-03T13:00:20","modified_gmt":"2025-11-03T13:00:20","slug":"v-bottas-apie-pirmus-ispudzius-susipazinus-su-s-perezu","status":"publish","type":"post","link":"https:\/\/www.europesays.com\/lt\/31521\/","title":{"rendered":"V. Bottas \u2013 apie pirmus \u012fsp\u016bd\u017eius, susipa\u017einus su S. Perezu"},"content":{"rendered":"<p>\u201eCadillac\u201c komandos lenktynininkas <a href=\"https:\/\/www.f-1.lt\/tag\/valtteris-bottas\" rel=\"nofollow noopener\" target=\"_blank\">Valtteris Bottas<\/a> papasakojo apie pirmus \u012fsp\u016bd\u017eius susipa\u017einus su b\u016bsimu komandos draugu Sergio Perezu.<\/p>\n<p>Suomio ir meksikie\u010dio pora praleido vien\u0105 dien\u0105 kart\u0105 Niujorke. Tai \u012fvyko dar prie\u0161 oficiali\u0105 \u017eini\u0105 apie pirm\u0105j\u012f naujos \u201eFormul\u0117s-1\u201c komandos duet\u0105 2026 met\u0173 sezonui.<\/p>\n<p>\u201eRacingnews365\u201c V. Bottas sak\u0117: \u201eMes kartu su Sergio leidome laik\u0105 Niujorko, kai m\u016bs\u0173 prisijungimas prie \u201eCadillac\u201c buvo oficialiai paskelbtas. Jis atrodo kaip vyrukas, su kuriuo yra lengva dirbti.\u00a0<\/p>\n<p>Jis yra labai ramus. Jis taip pat, kaip ir a\u0161, nekantrauja v\u0117l gr\u012f\u017eti \u012f \u201eFormul\u0119-1\u201c. Ir mes kaip pora atrodo esame logi\u0161kas pasirinkimas, kadangi tikrai galime dirbti kaip komanda. Mes teiksime prioritet\u0105 komandai nei sau, tad viskas skamba gerai.\u201c<\/p>\n","protected":false},"excerpt":{"rendered":"\u201eCadillac\u201c komandos lenktynininkas Valtteris Bottas papasakojo apie pirmus \u012fsp\u016bd\u017eius susipa\u017einus su b\u016bsimu komandos draugu Sergio Perezu. Suomio ir&hellip;\n","protected":false},"author":2,"featured_media":31522,"comment_status":"","ping_status":"","sticky":false,"template":"","format":"standard","meta":{"footnotes":""},"categories":[19],"tags":[37,39,36,38,40,47,104],"class_list":{"0":"post-31521","1":"post","2":"type-post","3":"status-publish","4":"format-standard","5":"has-post-thumbnail","7":"category-sportas","8":"tag-lietuva","9":"tag-lietuviu","10":"tag-lithuania","11":"tag-lithuanian","12":"tag-lt","13":"tag-sportas","14":"tag-sports"},"share_on_mastodon":{"url":"https:\/\/pubeurope.com\/@lt\/115485895700817527","error":""},"_links":{"self":[{"href":"https:\/\/www.europesays.com\/lt\/wp-json\/wp\/v2\/posts\/31521","targetHints":{"allow":["GET"]}}],"collection":[{"href":"https:\/\/www.europesays.com\/lt\/wp-json\/wp\/v2\/posts"}],"about":[{"href":"https:\/\/www.europesays.com\/lt\/wp-json\/wp\/v2\/types\/post"}],"author":[{"embeddable":true,"href":"https:\/\/www.europesays.com\/lt\/wp-json\/wp\/v2\/users\/2"}],"replies":[{"embeddable":true,"href":"https:\/\/www.europesays.com\/lt\/wp-json\/wp\/v2\/comments?post=31521"}],"version-history":[{"count":0,"href":"https:\/\/www.europesays.com\/lt\/wp-json\/wp\/v2\/posts\/31521\/revisions"}],"wp:featuredmedia":[{"embeddable":true,"href":"https:\/\/www.europesays.com\/lt\/wp-json\/wp\/v2\/media\/31522"}],"wp:attachment":[{"href":"https:\/\/www.europesays.com\/lt\/wp-json\/wp\/v2\/media?parent=31521"}],"wp:term":[{"taxonomy":"category","embeddable":true,"href":"https:\/\/www.europesays.com\/lt\/wp-json\/wp\/v2\/categories?post=31521"},{"taxonomy":"post_tag","embeddable":true,"href":"https:\/\/www.europesays.com\/lt\/wp-json\/wp\/v2\/tags?post=31521"}],"curies":[{"name":"wp","href":"https:\/\/api.w.org\/{rel}","templated":true}]}}